{"id":482993,"date":"2025-10-22T22:39:11","date_gmt":"2025-10-22T22:39:11","guid":{"rendered":"https:\/\/www.europesays.com\/fr\/482993\/"},"modified":"2025-10-22T22:39:11","modified_gmt":"2025-10-22T22:39:11","slug":"dedicace-a-la-librairie-la-petite-escapade-du-boulou","status":"publish","type":"post","link":"https:\/\/www.europesays.com\/fr\/482993\/","title":{"rendered":"D\u00e9dicace \u00e0 la librairie La petite escapade du Boulou"},"content":{"rendered":"<p>La librairie La petite escapade est ravie d\u2019accueillir l\u2019\u00e9crivain Gilles Marchand le <b>samedi 25 octobre<\/b> \u00e0 16 h. Il viendra pr\u00e9senter son dernier livre Les promesses orphelines (Ed. Aux forges de Vulcain), un des grands romans de cette rentr\u00e9e litt\u00e9raire, une fresque intimiste et pleine d\u2019humour qui traverse les Trente Glorieuses. On racontait qu\u2019on allait marcher sur la lune, on disait qu\u2019en l\u2019an 2000 on se d\u00e9placerait en voiture volante. On parlait d\u2019un a\u00e9rotrain capable de battre tous les records de vitesse. Mais comment participer \u00e0 tout \u00e7a quand on vit, comme Gino, au fin fond d\u2019un village de l\u2019Orl\u00e9anais, quand le bulletin scolaire est en berne, quand on se demande comment s\u00e9duire Roxane, la fille entrevue au bal du village des ann\u00e9es plus t\u00f4t ? Gilles Marchand, fid\u00e8le \u00e0 ses personnages toujours en d\u00e9calage, offre une travers\u00e9e po\u00e9tique des Trente Glorieuses par un jeune id\u00e9aliste, la t\u00eate pleine de r\u00eaves plus grands que lui, acteur \u00e0 sa mani\u00e8re d\u2019un monde en acc\u00e9l\u00e9ration o\u00f9 le bonheur pour tous semblait \u00e0 port\u00e9e de main.<\/p>\n<p>Libraire La petite escapade, 66, avenue du G\u00e9n\u00e9ral-de-Gaulle, 04 22 91 18 32.<\/p>\n","protected":false},"excerpt":{"rendered":"La librairie La petite escapade est ravie d\u2019accueillir l\u2019\u00e9crivain Gilles Marchand le samedi 25 octobre \u00e0 16 h.&hellip;\n","protected":false},"author":2,"featured_media":482994,"comment_status":"","ping_status":"","sticky":false,"template":"","format":"standard","meta":{"footnotes":""},"categories":[1357],"tags":[1379,58,59,1011,27,1380],"class_list":{"0":"post-482993","1":"post","2":"type-post","3":"status-publish","4":"format-standard","5":"has-post-thumbnail","7":"category-livres","8":"tag-books","9":"tag-divertissement","10":"tag-entertainment","11":"tag-fr","12":"tag-france","13":"tag-livres"},"share_on_mastodon":{"url":"https:\/\/pubeurope.com\/@fr\/115420224853343144","error":""},"_links":{"self":[{"href":"https:\/\/www.europesays.com\/fr\/wp-json\/wp\/v2\/posts\/482993","targetHints":{"allow":["GET"]}}],"collection":[{"href":"https:\/\/www.europesays.com\/fr\/wp-json\/wp\/v2\/posts"}],"about":[{"href":"https:\/\/www.europesays.com\/fr\/wp-json\/wp\/v2\/types\/post"}],"author":[{"embeddable":true,"href":"https:\/\/www.europesays.com\/fr\/wp-json\/wp\/v2\/users\/2"}],"replies":[{"embeddable":true,"href":"https:\/\/www.europesays.com\/fr\/wp-json\/wp\/v2\/comments?post=482993"}],"version-history":[{"count":0,"href":"https:\/\/www.europesays.com\/fr\/wp-json\/wp\/v2\/posts\/482993\/revisions"}],"wp:featuredmedia":[{"embeddable":true,"href":"https:\/\/www.europesays.com\/fr\/wp-json\/wp\/v2\/media\/482994"}],"wp:attachment":[{"href":"https:\/\/www.europesays.com\/fr\/wp-json\/wp\/v2\/media?parent=482993"}],"wp:term":[{"taxonomy":"category","embeddable":true,"href":"https:\/\/www.europesays.com\/fr\/wp-json\/wp\/v2\/categories?post=482993"},{"taxonomy":"post_tag","embeddable":true,"href":"https:\/\/www.europesays.com\/fr\/wp-json\/wp\/v2\/tags?post=482993"}],"curies":[{"name":"wp","href":"https:\/\/api.w.org\/{rel}","templated":true}]}}