{"id":483001,"date":"2025-10-22T22:43:13","date_gmt":"2025-10-22T22:43:13","guid":{"rendered":"https:\/\/www.europesays.com\/fr\/483001\/"},"modified":"2025-10-22T22:43:13","modified_gmt":"2025-10-22T22:43:13","slug":"cette-puce-electronique-redonne-la-vue-aux-personnes-aveugles-une-premiere-mondiale-bouleversante","status":"publish","type":"post","link":"https:\/\/www.europesays.com\/fr\/483001\/","title":{"rendered":"Cette puce \u00e9lectronique redonne la vue aux personnes aveugles : une premi\u00e8re mondiale bouleversante"},"content":{"rendered":"<p>Une \u00e9quipe internationale de chercheurs est parvenue \u00e0 restaurer partiellement la vision de patients atteints de d\u00e9g\u00e9n\u00e9rescence maculaire (DMLA) avanc\u00e9e gr\u00e2ce \u00e0 une puce r\u00e9tinienne baptis\u00e9e PRIMA. Test\u00e9e dans 17 h\u00f4pitaux europ\u00e9ens, cette technologie a permis \u00e0 <strong>81\u00a0% des volontaires de retrouver une vision centrale fonctionnelle<\/strong>, et pour certains, de pouvoir lire de nouveau. Une immense victoire sur un mal jug\u00e9 cliniquement irr\u00e9versible, qui a fait l\u2019objet d\u2019une \u00e9tude publi\u00e9e le 20 octobre <a href=\"https:\/\/www.nejm.org\/doi\/10.1056\/NEJMoa2501396\" target=\"_blank\" rel=\"false noopener\">dans la revue New England Journal of Medicine<\/a>.<\/p>\n<p> PRIMA\u00a0: une interface bionique qui r\u00e9active la vision <\/p>\n<p>La d\u00e9g\u00e9n\u00e9rescence maculaire li\u00e9e \u00e0 l\u2019\u00e2ge (DMLA) concerne selon <a href=\"https:\/\/www.inserm.fr\/dossier\/degenerescence-maculaire-liee-age-dmla\/\" target=\"_blank\" rel=\"false noopener\">les donn\u00e9es de l\u2019Inserm<\/a> \u00ab\u00a025 \u00e0 30\u00a0% des plus de 75 ans\u00a0\u00bb. Chez <a href=\"https:\/\/www.presse-citron.net\/les-robots-sont-ils-la-solution-pour-aider-nos-seniors\/\" target=\"_blank\" rel=\"noopener\">les seniors<\/a>, elle est <strong>la cause principale de c\u00e9cit\u00e9<\/strong> et la \u00ab\u00a0premi\u00e8re cause de handicap visuel chez les plus de 50 ans\u00a0\u00bb, toujours selon l\u2019Inserm.<\/p>\n<p>C\u2019est une maladie qui d\u00e9truit progressivement les photor\u00e9cepteurs tapiss\u00e9s au fond de la r\u00e9tine, des cellules sp\u00e9cialis\u00e9es qui transforment <a href=\"https:\/\/www.presse-citron.net\/des-chercheurs-viennent-de-transformer-la-lumiere-en-une-matiere-jamais-vue-auparavant\/\" target=\"_blank\" rel=\"noopener\">la lumi\u00e8re<\/a> en signaux \u00e9lectriques envoy\u00e9s au cerveau. Les personnes qui en souffrent voient petit \u00e0 petit appara\u00eetre un trou noir (scotome) au centre de leur champ visuel, qui obscurcit en grande partie leur perception. Lecture, reconnaissance des visages, orientation spatiale et t\u00e2ches quotidiennes <strong>deviennent presque impossibles au fur et \u00e0 mesure que le scotome grandit<\/strong>.<\/p>\n<p>Jusqu\u2019\u00e0 pr\u00e9sent, si nous disposions de traitements pour ralentir la progression de la forme dite humide de la DMLA, il n\u2019existait aucune th\u00e9rapie pour soigner la forme avanc\u00e9e dite s\u00e8che (l\u2019atrophie g\u00e9ographique) que cible PRIMA, <strong>consid\u00e9r\u00e9e comme irr\u00e9versible<\/strong>.<\/p>\n<p>PRIMA a \u00e9t\u00e9 mise au point par l\u2019ophtalmologiste Daniel Palanker et ses collaborateurs (Stanford University). C\u2019est un implant microscopique (une puce de 2 mm de c\u00f4t\u00e9 et plus fine qu\u2019un cheveu), compos\u00e9 de 378 pixels photovolta\u00efques <strong>qui remplacent les photor\u00e9cepteurs d\u00e9truits<\/strong>.<\/p>\n<p>Plac\u00e9e derri\u00e8re la r\u00e9tine, la puce est aliment\u00e9e et stimul\u00e9e par un syst\u00e8me externe\u00a0: une paire de lunettes sp\u00e9ciales reli\u00e9e \u00e0 un processeur de poche. Les lunettes capturent les images de l\u2019environnement et les convertissent en lumi\u00e8re proche infrarouge (approximativement 880 nm de longueur d\u2019onde), invisible pour l\u2019\u0153il humain, garantissant qu\u2019elle n\u2019interf\u00e8re pas avec la vision p\u00e9riph\u00e9rique restante du patient. L\u2019implant <strong>convertit ensuite ces signaux infrarouges en impulsions \u00e9lectriques transmises \u00e0 la r\u00e9tine interne<\/strong>, qui les relaie finalement au cerveau.<\/p>\n<p> Des r\u00e9sultats spectaculaires <\/p>\n<p>Sur les 32 patients \u00e9quip\u00e9s de PRIMA suivis pendant un an, <strong>26 ont retrouv\u00e9 leur vision centrale, et plusieurs ont pu lire des lettres, voire des phrases enti\u00e8res<\/strong>.<\/p>\n<p>\u00ab\u00a0C\u2019est la premi\u00e8re fois qu\u2019une tentative de restauration visuelle obtient de tels r\u00e9sultats sur un nombre aussi important de patients\u00a0\u00bb, se r\u00e9jouit Jos\u00e9-Alain Sahel, ophtalmologiste \u00e0 l\u2019Universit\u00e9 de Pittsburgh et coauteur de l\u2019\u00e9tude.<\/p>\n<p>Une des patientes, Sheila Irvine, explique <strong>\u00e0 quel point le test de PRIMA a chang\u00e9 sa vie<\/strong>. \u00ab\u00a0Avant l\u2019implant, c\u2019\u00e9tait comme avoir deux disques noirs dans les yeux. J\u2019\u00e9tais une grande lectrice, et je voulais retrouver cette passion. Ce n\u2019est pas simple d\u2019apprendre \u00e0 lire de nouveau, mais la premi\u00e8re fois que j\u2019ai revu une lettre, c\u2019\u00e9tait incroyablement excitant\u00a0\u00bb.<\/p>\n<p>Les chercheurs pr\u00e9cisent tout de m\u00eame que 19 patients ont connu des effets secondaires lors des essais (principalement des r\u00e9actions inflammatoires l\u00e9g\u00e8res), mais <strong>qui n\u2019ont eu aucune r\u00e9percussion sur leur vision<\/strong>. Leur vision p\u00e9riph\u00e9rique est rest\u00e9e enti\u00e8rement intacte, signe que PRIMA, en stimulant la r\u00e9tine centrale, ne perturbe pas les zones non affect\u00e9es par la maladie.<\/p>\n<p>La r\u00e9solution obtenue plafonne \u00e0 20\/420, une acuit\u00e9 tr\u00e8s \u00e9loign\u00e9e de la vision normale (20\/20). Cela signifie qu\u2019une personne \u00e0 vision normale pourrait distinguer un objet \u00e0 120 m\u00e8tres, alors que la personne \u00e9quip\u00e9e de l\u2019implant doit se trouver \u00e0 six m\u00e8tres pour le percevoir. PRIMA n\u2019est pas encore capable de redonner la vision des couleurs aux patients ; leur vision centrale reste encore un peu floue, mais elle leur permet d\u00e9j\u00e0 <strong>d\u2019identifier des formes, de lire de gros caract\u00e8res et de rep\u00e9rer les contrastes lumineux<\/strong>.<\/p>\n<p>C\u2019est d\u00e9j\u00e0 un \u00e9norme progr\u00e8s pour un premier essai, d\u2019autant que les chercheurs travaillent d\u00e9j\u00e0 <strong>sur une prochaine g\u00e9n\u00e9ration de puces, plus puissantes<\/strong>. \u00ab\u00a0Le premier souhait des patients, c\u2019est de pouvoir lire, mais le second, presque aussi important, c\u2019est de reconna\u00eetre les visages\u00a0\u00bb, explique Palanker. \u00ab\u00a0Pour cela, il nous faut un rendu en niveaux de gris et des pixels plus fins\u00a0\u00bb.<\/p>\n<p>PRIMA <strong>n\u2019est pas encore pr\u00eate \u00e0 \u00eatre commercialis\u00e9e<\/strong>, puisque l\u2019implant devra d\u00e9sormais franchir <strong>toutes les \u00e9tapes de validation clinique et r\u00e9glementaire<\/strong> : essais de phase III, autorisations des agences sanitaires europ\u00e9ennes, puis homologation par les autorit\u00e9s nationales. Toutefois, la demande de commercialisation en Europe a d\u00e9j\u00e0 \u00e9t\u00e9 d\u00e9pos\u00e9e par Science Corporation (d\u00e9tentrice de la technologie et des actifs PRIMA), faisant de <strong>l\u2019horizon 2026\/2027 la premi\u00e8re \u00e9ch\u00e9ance potentielle<\/strong>\u00a0pour l\u2019arriv\u00e9e du dispositif en France. <strong>Une attente\u00a0plus que raisonnable<\/strong> pour une pathologie rest\u00e9e sans espoir de gu\u00e9rison depuis qu\u2019on l\u2019a d\u00e9crite au XIX\u1d49 si\u00e8cle et que <strong>la m\u00e9decine n\u2019avait jamais r\u00e9ussi \u00e0 vaincre<\/strong>.<\/p>\n<ul class=\"tldr\">\n<li>Une micro-puce implant\u00e9e dans la r\u00e9tine a permis \u00e0 des patients atteints de c\u00e9cit\u00e9 partielle li\u00e9e \u00e0 la DMLA de retrouver une vision centrale utile.<\/li>\n<li>Le dispositif convertit des signaux lumineux infrarouges en impulsions \u00e9lectriques que le cerveau interpr\u00e8te comme des images.<\/li>\n<li>En attente d\u2019homologation, cette technologie pourrait arriver en France d\u2019ici 2026-2027, marquant une avanc\u00e9e in\u00e9dite contre la perte de vision li\u00e9e \u00e0 l\u2019\u00e2ge.<\/li>\n<\/ul>\n<blockquote>\n<p class=\"text-base text-neutral-700 dark:text-neutral-300\">\ud83d\udccd Pour ne manquer aucune actualit\u00e9 de Presse-citron, suivez-nous sur <a href=\"https:\/\/news.google.com\/publications\/CAAqBggKMIPiNTC70wU?hl=fr&amp;gl=FR&amp;ceid=FR%3Afr\" target=\"_blank\" rel=\"noopener\">Google Actualit\u00e9s<\/a> et <a href=\"https:\/\/whatsapp.com\/channel\/0029VaCkGuz4NViitBXbEr0b\" target=\"_blank\" rel=\"noopener\">WhatsApp<\/a>.<\/p>\n<\/blockquote>\n<p>            <img decoding=\"async\" src=\"https:\/\/www.europesays.com\/fr\/wp-content\/uploads\/2025\/03\/tous-anti-covid.png\" alt=\"TousAntiCovid\" loading=\"lazy\"\/>                            <\/p>\n","protected":false},"excerpt":{"rendered":"Une \u00e9quipe internationale de chercheurs est parvenue \u00e0 restaurer partiellement la vision de patients atteints de d\u00e9g\u00e9n\u00e9rescence maculaire&hellip;\n","protected":false},"author":2,"featured_media":483002,"comment_status":"","ping_status":"","sticky":false,"template":"","format":"standard","meta":{"footnotes":""},"categories":[10],"tags":[1011,27,72,224,71,43],"class_list":{"0":"post-483001","1":"post","2":"type-post","3":"status-publish","4":"format-standard","5":"has-post-thumbnail","7":"category-sante","8":"tag-fr","9":"tag-france","10":"tag-health","11":"tag-medecine","12":"tag-sante","13":"tag-science"},"share_on_mastodon":{"url":"https:\/\/pubeurope.com\/@fr\/115420240867929678","error":""},"_links":{"self":[{"href":"https:\/\/www.europesays.com\/fr\/wp-json\/wp\/v2\/posts\/483001","targetHints":{"allow":["GET"]}}],"collection":[{"href":"https:\/\/www.europesays.com\/fr\/wp-json\/wp\/v2\/posts"}],"about":[{"href":"https:\/\/www.europesays.com\/fr\/wp-json\/wp\/v2\/types\/post"}],"author":[{"embeddable":true,"href":"https:\/\/www.europesays.com\/fr\/wp-json\/wp\/v2\/users\/2"}],"replies":[{"embeddable":true,"href":"https:\/\/www.europesays.com\/fr\/wp-json\/wp\/v2\/comments?post=483001"}],"version-history":[{"count":0,"href":"https:\/\/www.europesays.com\/fr\/wp-json\/wp\/v2\/posts\/483001\/revisions"}],"wp:featuredmedia":[{"embeddable":true,"href":"https:\/\/www.europesays.com\/fr\/wp-json\/wp\/v2\/media\/483002"}],"wp:attachment":[{"href":"https:\/\/www.europesays.com\/fr\/wp-json\/wp\/v2\/media?parent=483001"}],"wp:term":[{"taxonomy":"category","embeddable":true,"href":"https:\/\/www.europesays.com\/fr\/wp-json\/wp\/v2\/categories?post=483001"},{"taxonomy":"post_tag","embeddable":true,"href":"https:\/\/www.europesays.com\/fr\/wp-json\/wp\/v2\/tags?post=483001"}],"curies":[{"name":"wp","href":"https:\/\/api.w.org\/{rel}","templated":true}]}}