{"id":483009,"date":"2025-10-22T22:48:11","date_gmt":"2025-10-22T22:48:11","guid":{"rendered":"https:\/\/www.europesays.com\/fr\/483009\/"},"modified":"2025-10-22T22:48:11","modified_gmt":"2025-10-22T22:48:11","slug":"lfi-et-rn-sallient-en-commission-pour-plafonner-les-prix-de-lelectricite","status":"publish","type":"post","link":"https:\/\/www.europesays.com\/fr\/483009\/","title":{"rendered":"LFI et RN s\u2019allient en commission pour plafonner les prix de l\u2019\u00e9lectricit\u00e9"},"content":{"rendered":"<p>\n    \u00abLa redistribution aux consommateurs des sur-revenus d\u2019EDF est tr\u00e8s incertaine et impossible \u00e0 anticiper\u00bb, souligne l\u2019amendement.<\/p>\n<p class=\"fig-paragraph\">Une mesure en faveur du pouvoir d\u2019achat qui a fait consensus aux deux extr\u00eames de l\u2019h\u00e9micycle. Les d\u00e9put\u00e9s ont adopt\u00e9 mercredi en\u00a0<a href=\"https:\/\/video.lefigaro.fr\/figaro\/politique\/la-commission-des-finances-retablit-labattement-fiscal-de-10-sur-les-pensions-des-retraites-20251021\" data-fig-type=\"Video\" data-gtm-custom-categorie=\"navigation\" data-gtm-custom-action=\"crossclick\" data-gtm-custom-label=\"Contextuel\" data-gtm-event=\"customEventSPE\" data-fig-domain=\"LEFIGARO\" target=\"_blank\" rel=\"noopener\">commission des Finances<\/a>\u00a0un amendement d\u00e9pos\u00e9 par LFI et soutenu par le RN, visant \u00e0 encadrer les prix de l&rsquo;\u00e9lectricit\u00e9 en supprimant notamment une disposition contest\u00e9e du nouveau\u00a0<a href=\"http:\/\/www.lefigaro.fr\/conjoncture\/electricite-pourquoi-le-systeme-des-heures-pleines-heures-creuses-est-bouleverse-20251015\" data-fig-type=\"Article\" data-gtm-custom-categorie=\"navigation\" data-gtm-custom-action=\"crossclick\" data-gtm-custom-label=\"Contextuel\" data-gtm-event=\"customEventSPE\" data-fig-domain=\"LEFIGARO\" target=\"_blank\" rel=\"noopener\">syst\u00e8me de tarification<\/a>\u00a0applicable au 1er janvier. Cet amendement au projet de budget 2026, d\u00e9fendu par le d\u00e9put\u00e9 LFI Maxime Laisney et vot\u00e9 avec des voix du RN, estime que cette r\u00e9forme s&rsquo;appuie sur un dispositif \u00ablacunaire\u00bb.<\/p>\n<p class=\"fig-paragraph\">Depuis 2011, le tarif de l&rsquo;\u00e9lectricit\u00e9 d\u00e9pendait en partie d&rsquo;un m\u00e9canisme de prix r\u00e9gul\u00e9, qui obligeait l&rsquo;op\u00e9rateur historique EDF \u00e0 c\u00e9der \u00e0 prix cass\u00e9 un quart de sa production nucl\u00e9aire \u00e0 ses concurrents et \u00e0 des industriels tr\u00e8s \u00e9nergivores. Ce, pour \u00e9viter d&rsquo;\u00eatre en situation de position dominante selon l&rsquo;Union europ\u00e9enne. \u00c0 partir du 1er janvier, EDF pourra vendre plus librement son \u00e9lectricit\u00e9 sur les march\u00e9s. En contrepartie, il redistribuera aux consommateurs (particuliers comme entreprises) un \u00abversement nucl\u00e9aire unique\u00bb si son \u00e9lectricit\u00e9 est vendue \u00e0 un prix \u00e9lev\u00e9 sur les march\u00e9s et si ses revenus d\u00e9passent un certain plafond fix\u00e9 par l&rsquo;\u00c9tat.<\/p>\n<p>                                    <a class=\"fig-a11y-skip a11y-hidden\" href=\"#fig-a11y-skip-main-inarticle\"><br \/>\n        Passer la publicit\u00e9<br \/>\n    <\/a><\/p>\n<p>Marge fix\u00e9e \u00e0 3,5%<\/p>\n<p class=\"fig-paragraph\">\u00abLa redistribution aux consommateurs des sur-revenus d&rsquo;EDF est tr\u00e8s incertaine et impossible \u00e0 anticiper\u00bb, selon l&rsquo;amendement, critiquant des seuils de taxation favorables \u00e0 l&rsquo;\u00e9lectricien. Si cet amendement est aussi adopt\u00e9 en s\u00e9ance, ce m\u00e9canisme de redistribution serait supprim\u00e9. \u00c0 la place, LFI propose un syst\u00e8me pour capter les revenus des producteurs d&rsquo;\u00e9lectricit\u00e9 au-del\u00e0 d&rsquo;une marge fix\u00e9e \u00e0 3,5% pour chaque centrale de production.<\/p>\n<p class=\"fig-paragraph\">L&rsquo;amendement propose aussi de r\u00e9viser \u00able mode de calcul des tarifs r\u00e9glement\u00e9s de vente d&rsquo;\u00e9lectricit\u00e9\u00bb afin qu&rsquo;ils refl\u00e8tent les co\u00fbts de production du syst\u00e8me \u00e9lectrique, \u00abet non pas les prix de march\u00e9\u00bb. Ses auteurs plaident aussi pour le r\u00e9tablissement des tarifs r\u00e9glement\u00e9s du gaz, remplac\u00e9s en juin 2023 par un prix \u00abrep\u00e8re\u00bb, jug\u00e9 moins protecteur par les associations de consommateurs. L&rsquo;amendement reprend certaines des critiques et des recommandations du rapport des d\u00e9put\u00e9s Philippe Bolo (Les D\u00e9mocrates) et Maxime Laisney \u00absur le prix de l&rsquo;\u00e9lectricit\u00e9, la comp\u00e9titivit\u00e9 des entreprises et l&rsquo;action de l&rsquo;\u00c9tat\u00bb, publi\u00e9 le 9 octobre.<\/p>\n<p class=\"fig-paragraph\">Il faisait notamment le constat que la r\u00e9forme du prix de l&rsquo;\u00e9lectricit\u00e9 \u00e9chouerait \u00e0 la fois \u00e0 prot\u00e9ger les consommateurs des yo-yos du march\u00e9 et \u00e0 assurer des revenus minimums \u00e0 EDF au moment o\u00f9 il est au pied d&rsquo;un mur d&rsquo;investissements pour la relance du nucl\u00e9aire. Un amendement d&rsquo;Emmanuel Maurel (groupe communiste) a \u00e9t\u00e9 adopt\u00e9 lors de la suite des discussions, visant \u00e0 r\u00e9tablir le taux r\u00e9duit de 5,5% pour les abonnements d&rsquo;\u00e9lectricit\u00e9.<\/p>\n","protected":false},"excerpt":{"rendered":"\u00abLa redistribution aux consommateurs des sur-revenus d\u2019EDF est tr\u00e8s incertaine et impossible \u00e0 anticiper\u00bb, souligne l\u2019amendement. Une mesure&hellip;\n","protected":false},"author":2,"featured_media":483010,"comment_status":"","ping_status":"","sticky":false,"template":"","format":"standard","meta":{"footnotes":""},"categories":[6],"tags":[35,33,34,1647,579,1011,27,5654],"class_list":{"0":"post-483009","1":"post","2":"type-post","3":"status-publish","4":"format-standard","5":"has-post-thumbnail","7":"category-economie","8":"tag-business","9":"tag-economie","10":"tag-economy","11":"tag-edf","12":"tag-electricite","13":"tag-fr","14":"tag-france","15":"tag-nucleaire"},"share_on_mastodon":{"url":"https:\/\/pubeurope.com\/@fr\/115420260441033787","error":""},"_links":{"self":[{"href":"https:\/\/www.europesays.com\/fr\/wp-json\/wp\/v2\/posts\/483009","targetHints":{"allow":["GET"]}}],"collection":[{"href":"https:\/\/www.europesays.com\/fr\/wp-json\/wp\/v2\/posts"}],"about":[{"href":"https:\/\/www.europesays.com\/fr\/wp-json\/wp\/v2\/types\/post"}],"author":[{"embeddable":true,"href":"https:\/\/www.europesays.com\/fr\/wp-json\/wp\/v2\/users\/2"}],"replies":[{"embeddable":true,"href":"https:\/\/www.europesays.com\/fr\/wp-json\/wp\/v2\/comments?post=483009"}],"version-history":[{"count":0,"href":"https:\/\/www.europesays.com\/fr\/wp-json\/wp\/v2\/posts\/483009\/revisions"}],"wp:featuredmedia":[{"embeddable":true,"href":"https:\/\/www.europesays.com\/fr\/wp-json\/wp\/v2\/media\/483010"}],"wp:attachment":[{"href":"https:\/\/www.europesays.com\/fr\/wp-json\/wp\/v2\/media?parent=483009"}],"wp:term":[{"taxonomy":"category","embeddable":true,"href":"https:\/\/www.europesays.com\/fr\/wp-json\/wp\/v2\/categories?post=483009"},{"taxonomy":"post_tag","embeddable":true,"href":"https:\/\/www.europesays.com\/fr\/wp-json\/wp\/v2\/tags?post=483009"}],"curies":[{"name":"wp","href":"https:\/\/api.w.org\/{rel}","templated":true}]}}