{"id":483020,"date":"2025-10-22T22:55:24","date_gmt":"2025-10-22T22:55:24","guid":{"rendered":"https:\/\/www.europesays.com\/fr\/483020\/"},"modified":"2025-10-22T22:55:24","modified_gmt":"2025-10-22T22:55:24","slug":"prevue-ce-jeudi-son-inauguration-est-reportee-a-cause-de-la-meteo","status":"publish","type":"post","link":"https:\/\/www.europesays.com\/fr\/483020\/","title":{"rendered":"pr\u00e9vue ce jeudi, son inauguration est report\u00e9e \u00e0 cause de la m\u00e9t\u00e9o"},"content":{"rendered":"<p>            Par<br \/>\n        <strong><br \/>\n            <a href=\"https:\/\/actu.fr\/auteur\/pierre-emile-bouchy-actu-fr\" title=\"Consulter tous les articles de Paul-Emile Bouchy\" target=\"_blank\" rel=\"noopener\">Paul-Emile Bouchy<\/a><br \/>\n        <\/strong><\/p>\n<p>        Publi\u00e9 le<\/p>\n<p>            22 oct. 2025 \u00e0 17h24        <\/p>\n<p>Comme chaque ann\u00e9e, apr\u00e8s le festival <a href=\"https:\/\/actu.fr\/grand-est\/nancy_54395\/nancy-jazz-pulsations-decouvrez-les-artistes-programmes-pour-cette-edition-2025_62771322.html\" target=\"_blank\" rel=\"noopener\">Nancy Jazz Pulsations<\/a>, la <a href=\"https:\/\/actu.fr\/grand-est\/nancy_54395\/foire-d-automne-2025-a-nancy-nouveaux-maneges-horaires-dates-voici-tout-ce-que-vous-devez-savoir_63297142.html\" target=\"_blank\" rel=\"noopener\">Foire d\u2019Automne<\/a> s\u2019installe au <a href=\"https:\/\/actu.fr\/grand-est\/nancy_54395\/nancy-le-parc-de-la-pepiniere-sera-ferme-au-public-mardi-et-mercredi-voici-pourquoi_63297711.html\" target=\"_blank\" rel=\"noopener\">parc de la P\u00e9pini\u00e8re<\/a> \u00e0 <strong>Nancy<\/strong> (Meurthe-et-Moselle). <strong>Plus de 50 m\u00e9tiers<\/strong> sont pr\u00e9sents jusqu\u2019au dimanche 16\u00a0novembre\u2009: attractions, jeux d\u2019adresse, palais des glaces\u00a0ou encore\u00a0boutiques de confiseries et de snacking.<\/p>\n<p class=\" wall-content\">Alors que <strong>l\u2019inauguration devait avoir lieu ce jeudi 23\u00a0octobre<\/strong> \u00e0 14h, <strong>l\u2019ouverture de la foire est report\u00e9e<\/strong> en raison de la <a href=\"https:\/\/actu.fr\/meteo\/\" target=\"_blank\" rel=\"noopener\">m\u00e9t\u00e9o<\/a> attendue.<\/p>\n<p>Pas de nouvelle date d\u2019ouverture annonc\u00e9e<\/p>\n<p class=\" wall-content\">L\u2019information est tomb\u00e9e ce mercredi peu avant 17h. \u00ab\u2009Suite aux mauvaises conditions m\u00e9t\u00e9o attendues demain sur la r\u00e9gion, <strong>le parc de la P\u00e9pini\u00e8re sera ferm\u00e9 au public et l\u2019inauguration de la foire est report\u00e9e \u00e0 une date ult\u00e9rieure<\/strong>\u2009\u00bb, indique la Ville de Nancy.<\/p>\n<p class=\" wall-content\">Pour le moment, aucune nouvelle date d\u2019ouverture de la Foire d\u2019Automne n\u2019a \u00e9t\u00e9 annonc\u00e9e.<\/p>\n<p>Des vents violents \u00e0 Nancy et en Lorraine<\/p>\n<p class=\" wall-content\">Cette d\u00e9cision n\u2019est pas surprenante quand on regarde les pr\u00e9visions m\u00e9t\u00e9orologiques. Le passage de <a href=\"https:\/\/actu.fr\/meteo\/depression-benjamin-des-vents-violents-et-l-equivalent-d-un-mois-de-pluie-attendus-en-lorraine_63335146.html\" target=\"_blank\" rel=\"noopener\">la d\u00e9pression Benjamin va entra\u00eener des vents violents et \u00ab\u2009l\u2019\u00e9quivalent d\u2019un mois de pluie\u2009\u00bb sur la Lorraine<\/a>, comme l\u2019indique le m\u00e9t\u00e9orologue Florian Pasiecznik.<\/p>\n<p class=\" wall-content\">Localement, il pourrait y avoir <strong>des rafales de vent proche des 100\u00a0km\/h<\/strong>. La Meurthe-et-Moselle a \u00e9t\u00e9 plac\u00e9e en <strong>vigilance jaune vent et orages<\/strong> par <strong>M\u00e9t\u00e9o France<\/strong>.<\/p>\n<p class=\" wall-content\">Personnalisez votre actualit\u00e9 en ajoutant vos villes et m\u00e9dias en favori avec <a href=\"https:\/\/moncompte.actu.fr\" title=\"D\u00e9couvez Mon Actu\" rel=\"nofollow noopener\" data-trk=\"{&quot;cta&quot;:{&quot;action&quot;:&quot;https:\\\/\\\/moncompte.actu.fr&quot;,&quot;category&quot;:&quot;mon compte&quot;,&quot;from&quot;:&quot;article footer&quot;,&quot;name&quot;:&quot;Mon actu&quot;,&quot;type&quot;:&quot;cta&quot;}}\" target=\"_blank\">Mon Actu<\/a>.<\/p>\n","protected":false},"excerpt":{"rendered":"Par Paul-Emile Bouchy Publi\u00e9 le 22 oct. 2025 \u00e0 17h24 Comme chaque ann\u00e9e, apr\u00e8s le festival Nancy Jazz&hellip;\n","protected":false},"author":2,"featured_media":462417,"comment_status":"","ping_status":"","sticky":false,"template":"","format":"standard","meta":{"footnotes":""},"categories":[9635],"tags":[1111,11,1777,674,1011,27,775,2357,1702,12,11014,25,104],"class_list":{"0":"post-483020","1":"post","2":"type-post","3":"status-publish","4":"format-standard","5":"has-post-thumbnail","7":"category-nancy","8":"tag-actu","9":"tag-actualites","10":"tag-eu","11":"tag-europe","12":"tag-fr","13":"tag-france","14":"tag-grand-est","15":"tag-meteo-france","16":"tag-nancy","17":"tag-news","18":"tag-parc-de-la-pepiniere","19":"tag-republique-francaise","20":"tag-societe"},"share_on_mastodon":{"url":"https:\/\/pubeurope.com\/@fr\/115420287811510857","error":""},"_links":{"self":[{"href":"https:\/\/www.europesays.com\/fr\/wp-json\/wp\/v2\/posts\/483020","targetHints":{"allow":["GET"]}}],"collection":[{"href":"https:\/\/www.europesays.com\/fr\/wp-json\/wp\/v2\/posts"}],"about":[{"href":"https:\/\/www.europesays.com\/fr\/wp-json\/wp\/v2\/types\/post"}],"author":[{"embeddable":true,"href":"https:\/\/www.europesays.com\/fr\/wp-json\/wp\/v2\/users\/2"}],"replies":[{"embeddable":true,"href":"https:\/\/www.europesays.com\/fr\/wp-json\/wp\/v2\/comments?post=483020"}],"version-history":[{"count":0,"href":"https:\/\/www.europesays.com\/fr\/wp-json\/wp\/v2\/posts\/483020\/revisions"}],"wp:featuredmedia":[{"embeddable":true,"href":"https:\/\/www.europesays.com\/fr\/wp-json\/wp\/v2\/media\/462417"}],"wp:attachment":[{"href":"https:\/\/www.europesays.com\/fr\/wp-json\/wp\/v2\/media?parent=483020"}],"wp:term":[{"taxonomy":"category","embeddable":true,"href":"https:\/\/www.europesays.com\/fr\/wp-json\/wp\/v2\/categories?post=483020"},{"taxonomy":"post_tag","embeddable":true,"href":"https:\/\/www.europesays.com\/fr\/wp-json\/wp\/v2\/tags?post=483020"}],"curies":[{"name":"wp","href":"https:\/\/api.w.org\/{rel}","templated":true}]}}