{"id":483021,"date":"2025-10-22T22:56:11","date_gmt":"2025-10-22T22:56:11","guid":{"rendered":"https:\/\/www.europesays.com\/fr\/483021\/"},"modified":"2025-10-22T22:56:11","modified_gmt":"2025-10-22T22:56:11","slug":"je-vais-bien-declare-brigitte-bardot-apres-des-rumeurs-sur-son-etat-de-sante","status":"publish","type":"post","link":"https:\/\/www.europesays.com\/fr\/483021\/","title":{"rendered":"\u00ab\u00a0Je vais bien\u00a0\u00bb, d\u00e9clare Brigitte Bardot apr\u00e8s des rumeurs sur son \u00e9tat de sant\u00e9"},"content":{"rendered":"<p><strong>\u00ab\u00a0Je vais bien\u00a0\u00bb,<\/strong> a assur\u00e9 mercredi soir <a href=\"https:\/\/www.ouest-france.fr\/cinema\/brigitte-bardot\/\" target=\"_self\" rel=\"noopener\">Brigitte Bardot<\/a> dans un message sur le r\u00e9seau social X, en r\u00e9ponse \u00e0 des rumeurs en ligne concernant son \u00e9tat de sant\u00e9.<\/p>\n<p><strong>\u00ab\u00a0Je ne sais pas quel est l\u2019imb\u00e9cile qui a lanc\u00e9 ce soir cette \u201cfake news\u201d sur ma disparition mais sachez que je vais bien et que je n\u2019ai pas l\u2019intention de tirer ma r\u00e9v\u00e9rence\u00a0\u00bb,<\/strong> a indiqu\u00e9 l\u2019ancienne ic\u00f4ne du cin\u00e9ma fran\u00e7ais, \u00e2g\u00e9e de 91\u00a0ans.<\/p>\n<p>\n                Nous avons bloqu\u00e9 l\u2019affichage de ce contenu pour respecter vos choix en mati\u00e8re de cookies.<br \/>En cliquant sur \u00abConsulter\u00bb, vous acceptez le d\u00e9p\u00f4t de cookies par des services de r\u00e9seaux sociaux tels que Twitter.<br \/>\n                Consulter\n            <\/p>\n<blockquote class=\"twitter-tweet\" wp_automatic_readability=\"5.6220472440945\">\n<p lang=\"fr\" dir=\"ltr\">Je ne sais pas quel est l\u2019imb\u00e9cile qui a lanc\u00e9 ce soir cette fake news sur ma disparition mais sachez que je vais bien et que je n\u2019ai pas l\u2019intention de tirer ma r\u00e9v\u00e9rence. \u00c0 bon entendeur<\/p>\n<p>\u2014 Brigitte Bardot (@brigitte_bardot) <a href=\"https:\/\/twitter.com\/brigitte_bardot\/status\/1981096210451878354?ref_src=twsrc%5Etfw\" target=\"_blank\" rel=\"noopener\">October 22, 2025<\/a><\/p><\/blockquote>\n<p>Hospitalisation<\/p>\n<p>Brigitte Bardot \u00e9tait rentr\u00e9e chez elle vendredi apr\u00e8s <strong>\u00ab\u00a0une l\u00e9g\u00e8re intervention chirurgicale\u00a0\u00bb<\/strong> <a href=\"https:\/\/toulon.maville.com\/actu\/actudet_-l-actrice-brigitte-bardot-est-sortie-de-l-hopital-apres-avoir-subi-une-operation-a-toulon-_12357-7024666_actu.Htm\" target=\"_self\" rel=\"noopener\">qui avait n\u00e9cessit\u00e9 son hospitalisation \u00e0 Toulon<\/a> (Var), avait indiqu\u00e9 la semaine derni\u00e8re son secr\u00e9tariat \u00e0 l\u2019Agence France-Presse (AFP).<\/p>\n<p>Bardot, qui a tir\u00e9 un trait sur le cin\u00e9ma dans les ann\u00e9es 1970 pour se consacrer \u00e0 la cause animale, vit entre sa c\u00e9l\u00e8bre r\u00e9sidence de La Madrague \u00e0 Saint-Tropez, dans le sud de la France, et une seconde maison cach\u00e9e dans la verdure, La Garrigue, abritant des animaux et une chapelle priv\u00e9e.<\/p>\n<p>En mai dernier, dans une interview \u00e0 BFMTV, elle avait assur\u00e9 vivre<strong> \u00ab\u00a0comme une fermi\u00e8re\u00a0\u00bb<\/strong> entour\u00e9e de ses moutons, ses cochons, ses chiens, ses chats, son \u00e2ne et sa ponette et ne poss\u00e9der <strong>\u00ab\u00a0ni portable, ni ordinateur\u00a0\u00bb.<\/strong><\/p>\n<p>\u00a0<\/p>\n<p>\t\t<script async src=\"https:\/\/platform.twitter.com\/widgets.js\" charset=\"utf-8\"><\/script><\/p>\n","protected":false},"excerpt":{"rendered":"\u00ab\u00a0Je vais bien\u00a0\u00bb, a assur\u00e9 mercredi soir Brigitte Bardot dans un message sur le r\u00e9seau social X, en&hellip;\n","protected":false},"author":2,"featured_media":483022,"comment_status":"","ping_status":"","sticky":false,"template":"","format":"standard","meta":{"footnotes":""},"categories":[9619],"tags":[1111,11,57061,38114,8293,16309,1777,674,1011,27,12,882,25,181,71,2310,54883],"class_list":{"0":"post-483021","1":"post","2":"type-post","3":"status-publish","4":"format-standard","5":"has-post-thumbnail","7":"category-toulon","8":"tag-actu","9":"tag-actualites","10":"tag-bardot","11":"tag-brigitte","12":"tag-declare","13":"tag-etat","14":"tag-eu","15":"tag-europe","16":"tag-fr","17":"tag-france","18":"tag-news","19":"tag-provence-alpes-cote-dazur","20":"tag-republique-francaise","21":"tag-rumeurs","22":"tag-sante","23":"tag-toulon","24":"tag-vais"},"share_on_mastodon":{"url":"https:\/\/pubeurope.com\/@fr\/115420291678968265","error":""},"_links":{"self":[{"href":"https:\/\/www.europesays.com\/fr\/wp-json\/wp\/v2\/posts\/483021","targetHints":{"allow":["GET"]}}],"collection":[{"href":"https:\/\/www.europesays.com\/fr\/wp-json\/wp\/v2\/posts"}],"about":[{"href":"https:\/\/www.europesays.com\/fr\/wp-json\/wp\/v2\/types\/post"}],"author":[{"embeddable":true,"href":"https:\/\/www.europesays.com\/fr\/wp-json\/wp\/v2\/users\/2"}],"replies":[{"embeddable":true,"href":"https:\/\/www.europesays.com\/fr\/wp-json\/wp\/v2\/comments?post=483021"}],"version-history":[{"count":0,"href":"https:\/\/www.europesays.com\/fr\/wp-json\/wp\/v2\/posts\/483021\/revisions"}],"wp:featuredmedia":[{"embeddable":true,"href":"https:\/\/www.europesays.com\/fr\/wp-json\/wp\/v2\/media\/483022"}],"wp:attachment":[{"href":"https:\/\/www.europesays.com\/fr\/wp-json\/wp\/v2\/media?parent=483021"}],"wp:term":[{"taxonomy":"category","embeddable":true,"href":"https:\/\/www.europesays.com\/fr\/wp-json\/wp\/v2\/categories?post=483021"},{"taxonomy":"post_tag","embeddable":true,"href":"https:\/\/www.europesays.com\/fr\/wp-json\/wp\/v2\/tags?post=483021"}],"curies":[{"name":"wp","href":"https:\/\/api.w.org\/{rel}","templated":true}]}}