{"id":483028,"date":"2025-10-22T23:01:12","date_gmt":"2025-10-22T23:01:12","guid":{"rendered":"https:\/\/www.europesays.com\/fr\/483028\/"},"modified":"2025-10-22T23:01:12","modified_gmt":"2025-10-22T23:01:12","slug":"meb-fermetures-a-dieville-les-rouen-rejoint-storistes-de-france","status":"publish","type":"post","link":"https:\/\/www.europesays.com\/fr\/483028\/","title":{"rendered":"MEB Fermetures \u00e0 Di\u00e9ville-l\u00e8s-Rouen rejoint Storistes de France"},"content":{"rendered":"<p>MEB Fermetures, soci\u00e9t\u00e9 sp\u00e9cialis\u00e9e en menuiserie et protections solaires bas\u00e9e dans l\u2019agglom\u00e9ration rouennaise, vient de rejoindre le r\u00e9seau Storistes de France. <\/p>\n<p class=\"c-paragraph\">Cr\u00e9\u00e9e en 2019 et rachet\u00e9e en 2024 par Frederick Horville, son dirigeant actuel, MEB Fermetures propose, outre les fen\u00eatres et protections solaires, la fourniture et la pose de portes, portails et cl\u00f4tures, portes de garage et pergolas. <b>Le showroom de 200 m\u00b2 de l\u2019entreprise est en cours d\u2019\u00e9quipement avec des produits Storistes de France.<\/b> \u00ab Notre positionnement est ax\u00e9 sur des offres d\u2019\u00e9quipements quasi-exclusivement Made in France et reconnus pour leur qualit\u00e9 de fabrication, d\u00e9clare Frederick Horville. Ces crit\u00e8res sont tr\u00e8s recherch\u00e9s par notre client\u00e8le de particuliers propri\u00e9taires \u00bb. <\/p>\n<p>Une int\u00e9gration naturelle<\/p>\n<p class=\"c-paragraph\"><b>Ce positionnement a d\u00e9termin\u00e9 la s\u00e9lection et le choix des marques que MEB Fermetures commercialise dans un rayon de 30 km autour de Rouen.<\/b> \u00ab<\/p>\n<p class=\"c-paragraph\"> Pour les solutions en fen\u00eatres et baies, volets, stores d\u2019int\u00e9rieur et stores d\u2019ext\u00e9rieur, notre partenaire industriel est le fabricant fran\u00e7ais Franciaflex qui appartient \u00e0 l\u2019activit\u00e9 MAC de SFPI Group. Cette collaboration gagnant-gagnant nous a logiquement amen\u00e9s \u00e0 d\u00e9couvrir l\u2019enseigne Storistes de France, et la d\u00e9cision d\u2019int\u00e9grer le r\u00e9seau s\u2019est faite naturellement \u00bb, confie le dirigeant. <\/p>\n<p>Rejoindre une marque forte et un r\u00e9seau dynamique<\/p>\n<p class=\"c-paragraph\">Le r\u00e9seau Storistes de France permet \u00e0 ses affili\u00e9s de b\u00e9n\u00e9ficier de la puissance de la marque :<b> sa notori\u00e9t\u00e9, ses dispositifs promotionnels et commerciaux, ses outils de communication et ses conditions commerciales avantageuses.<\/b> \u00ab J\u2019appr\u00e9cie \u00e9galement les diff\u00e9rentes occasions de rencontres et d\u2019\u00e9changes avec la t\u00eate de r\u00e9seau et nos coll\u00e8gues affili\u00e9s. Qu\u2019il s\u2019agisse des assises ou des r\u00e9unions r\u00e9gionales, c\u2019est particuli\u00e8rement int\u00e9ressant de d\u00e9couvrir les process de travail des confr\u00e8res, afin de pouvoir am\u00e9liorer nos propres m\u00e9thodes et grandir ensemble \u00bb, conclut Frederick Horville. <\/p>\n<p>Storistes de France en bref<\/p>\n<p class=\"editor-paragraph\" dir=\"ltr\" style=\"text-align: left;\">Cr\u00e9\u00e9e en 1989, le r\u00e9seau des Storistes de France est pr\u00e9sent sur le territoire national avec un r\u00e9seau de<b><strong class=\"editor-text-bold\" style=\"white-space: pre-wrap;\"> 80 points de vente, plus de 700 professionnels installateurs ind\u00e9pendants et 9 000 m\u00b2 de showroom<\/strong><\/b>. Son offre de produits sur-mesure, con\u00e7us et <b><strong class=\"editor-text-bold\" style=\"white-space: pre-wrap;\">fabriqu\u00e9s en France par l\u2019industriel Franciaflex, <\/strong><\/b>comprend des stores int\u00e9rieurs\/ext\u00e9rieurs et pergolas, fen\u00eatres et baies vitr\u00e9es, volets, portes d\u2019entr\u00e9e et portes de garage, syst\u00e8mes pour maison connect\u00e9e.<\/p>\n","protected":false},"excerpt":{"rendered":"MEB Fermetures, soci\u00e9t\u00e9 sp\u00e9cialis\u00e9e en menuiserie et protections solaires bas\u00e9e dans l\u2019agglom\u00e9ration rouennaise, vient de rejoindre le r\u00e9seau&hellip;\n","protected":false},"author":2,"featured_media":483029,"comment_status":"","ping_status":"","sticky":false,"template":"","format":"standard","meta":{"footnotes":""},"categories":[9587],"tags":[1111,11,18004,1777,674,1011,27,60630,12,5161,60631,50979,25,60629,9590,5163,60628],"class_list":{"0":"post-483028","1":"post","2":"type-post","3":"status-publish","4":"format-standard","5":"has-post-thumbnail","7":"category-rouen","8":"tag-actu","9":"tag-actualites","10":"tag-artisans","11":"tag-eu","12":"tag-europe","13":"tag-fr","14":"tag-france","15":"tag-menuiserie-exterieure","16":"tag-news","17":"tag-normandie","18":"tag-porte-dentree","19":"tag-produits-et-materiels","20":"tag-republique-francaise","21":"tag-reseaux-specialises","22":"tag-rouen","23":"tag-seine-maritime","24":"tag-stores-et-fermetures"},"share_on_mastodon":{"url":"https:\/\/pubeurope.com\/@fr\/115420311410356570","error":""},"_links":{"self":[{"href":"https:\/\/www.europesays.com\/fr\/wp-json\/wp\/v2\/posts\/483028","targetHints":{"allow":["GET"]}}],"collection":[{"href":"https:\/\/www.europesays.com\/fr\/wp-json\/wp\/v2\/posts"}],"about":[{"href":"https:\/\/www.europesays.com\/fr\/wp-json\/wp\/v2\/types\/post"}],"author":[{"embeddable":true,"href":"https:\/\/www.europesays.com\/fr\/wp-json\/wp\/v2\/users\/2"}],"replies":[{"embeddable":true,"href":"https:\/\/www.europesays.com\/fr\/wp-json\/wp\/v2\/comments?post=483028"}],"version-history":[{"count":0,"href":"https:\/\/www.europesays.com\/fr\/wp-json\/wp\/v2\/posts\/483028\/revisions"}],"wp:featuredmedia":[{"embeddable":true,"href":"https:\/\/www.europesays.com\/fr\/wp-json\/wp\/v2\/media\/483029"}],"wp:attachment":[{"href":"https:\/\/www.europesays.com\/fr\/wp-json\/wp\/v2\/media?parent=483028"}],"wp:term":[{"taxonomy":"category","embeddable":true,"href":"https:\/\/www.europesays.com\/fr\/wp-json\/wp\/v2\/categories?post=483028"},{"taxonomy":"post_tag","embeddable":true,"href":"https:\/\/www.europesays.com\/fr\/wp-json\/wp\/v2\/tags?post=483028"}],"curies":[{"name":"wp","href":"https:\/\/api.w.org\/{rel}","templated":true}]}}