{"id":483034,"date":"2025-10-22T23:04:13","date_gmt":"2025-10-22T23:04:13","guid":{"rendered":"https:\/\/www.europesays.com\/fr\/483034\/"},"modified":"2025-10-22T23:04:13","modified_gmt":"2025-10-22T23:04:13","slug":"mise-sous-tutelle-de-renaissance-en-ille-et-vilaine-la-deputee-le-nabour-denonce-la-methode","status":"publish","type":"post","link":"https:\/\/www.europesays.com\/fr\/483034\/","title":{"rendered":"Mise sous tutelle de Renaissance en Ille-et-Vilaine\u00a0: la d\u00e9put\u00e9e Le Nabour d\u00e9nonce la m\u00e9thode"},"content":{"rendered":"<p>La d\u00e9put\u00e9e Renaissance de la cinqui\u00e8me circonscription d\u2019Ille-et-Vilaine, Christine Le Nabour, soutient aussi l\u2019ancienne d\u00e9put\u00e9e Laurence Maillard-M\u00e9haignerie, \u00e9vinc\u00e9e de l\u2019animation d\u00e9partementale du parti Renaissance.<\/p>\n<p><strong>\u00ab\u00a0Les adh\u00e9rents Renaissance en Ille-et-Vilaine ont appris par courriel la \u00ab\u00a0mise sous tutelle\u00a0\u00bb du parti sur le d\u00e9partement, rendue publique depuis. Je d\u00e9nonce la m\u00e9thode particuli\u00e8rement violente, et apporte tout mon soutien \u00e0 mon ancienne coll\u00e8gue d\u00e9put\u00e9e Laurence Maillart-M\u00e9haignerie qui n\u2019a pas m\u00e9nag\u00e9 ses efforts pour constituer une dynamique sur le territoire<\/strong>, d\u00e9clare <a href=\"https:\/\/vitre.maville.com\/actu\/actudet_-legislatives-2024.-qui-est-christine-le-nabour-reelue-deputee-a-vitre-_7-6372294_actu.Htm\" target=\"_blank\" rel=\"noopener\">Christine Le Nabour, d\u00e9put\u00e9e Renaissance en Ille-et-Vilaine<\/a>. <strong>Cette d\u00e9cision parisienne descendante n\u2019ayant \u00e9t\u00e9 pr\u00e9c\u00e9d\u00e9e d\u2019aucune concertation avec le bureau d\u00e9partemental, je n\u2019en connais pas moi-m\u00eame le fondement. Je ne cache cependant pas mon \u00e9tonnement au regard du travail r\u00e9alis\u00e9 par le parti en Ille-et-Vilaine et des actions qui ont \u00e9t\u00e9 men\u00e9es depuis l\u2019\u00e9lection de Laurence Maillard-M\u00e9haignerie \u00e0 sa t\u00eate.\u00a0\u00bb<\/strong><\/p>\n<p><strong>Lire aussi\u00a0:<\/strong>\u00a0<a href=\"https:\/\/fougeres.maville.com\/actu\/actudet_-place-sous-tutelle-le-parti-renaissance-en-ille-et-vilaine-sera-maintenant-pilote-depuis-paris-_7-7024985_actu.Htm\" target=\"_blank\" rel=\"noopener\">Plac\u00e9 \u00ab\u00a0sous tutelle\u00a0\u00bb, le parti Renaissance en Ille-et-Vilaine sera maintenant pilot\u00e9 depuis Paris<\/a><\/p>\n<p>En attente d\u2019une \u00ab\u00a0clarification\u00a0\u00bb<\/p>\n<p>Et d\u2019ajouter qu\u2019en raison de l\u2019examen des budgets \u00e0 l\u2019Assembl\u00e9e nationale, <strong>\u00ab\u00a0je ne pourrai participer \u00e0 la r\u00e9union annonc\u00e9e dans la presse autour<\/strong> de Robin Reda \u2013 chef du p\u00f4le \u00e9lection du parti. <strong>Je serai cependant particuli\u00e8rement attentive au retour qui m\u2019en sera fait, et attends une clarification pr\u00e9cise, factuelle et argument\u00e9e des motifs\u00a0\u00bb<\/strong>.<\/p>\n<p>\u00a0<\/p>\n","protected":false},"excerpt":{"rendered":"La d\u00e9put\u00e9e Renaissance de la cinqui\u00e8me circonscription d\u2019Ille-et-Vilaine, Christine Le Nabour, soutient aussi l\u2019ancienne d\u00e9put\u00e9e Laurence Maillard-M\u00e9haignerie, \u00e9vinc\u00e9e&hellip;\n","protected":false},"author":2,"featured_media":483035,"comment_status":"","ping_status":"","sticky":false,"template":"","format":"standard","meta":{"footnotes":""},"categories":[2821],"tags":[1111,11,829,7891,28172,1777,674,1011,27,848,35412,6352,60632,12,3370,584,25,51398],"class_list":{"0":"post-483034","1":"post","2":"type-post","3":"status-publish","4":"format-standard","5":"has-post-thumbnail","7":"category-rennes","8":"tag-actu","9":"tag-actualites","10":"tag-bretagne","11":"tag-denonce","12":"tag-deputee","13":"tag-eu","14":"tag-europe","15":"tag-fr","16":"tag-france","17":"tag-ille-et-vilaine","18":"tag-methode","19":"tag-mise","20":"tag-nabour","21":"tag-news","22":"tag-renaissance","23":"tag-rennes","24":"tag-republique-francaise","25":"tag-tutelle"},"share_on_mastodon":{"url":"https:\/\/pubeurope.com\/@fr\/115420323166537997","error":""},"_links":{"self":[{"href":"https:\/\/www.europesays.com\/fr\/wp-json\/wp\/v2\/posts\/483034","targetHints":{"allow":["GET"]}}],"collection":[{"href":"https:\/\/www.europesays.com\/fr\/wp-json\/wp\/v2\/posts"}],"about":[{"href":"https:\/\/www.europesays.com\/fr\/wp-json\/wp\/v2\/types\/post"}],"author":[{"embeddable":true,"href":"https:\/\/www.europesays.com\/fr\/wp-json\/wp\/v2\/users\/2"}],"replies":[{"embeddable":true,"href":"https:\/\/www.europesays.com\/fr\/wp-json\/wp\/v2\/comments?post=483034"}],"version-history":[{"count":0,"href":"https:\/\/www.europesays.com\/fr\/wp-json\/wp\/v2\/posts\/483034\/revisions"}],"wp:featuredmedia":[{"embeddable":true,"href":"https:\/\/www.europesays.com\/fr\/wp-json\/wp\/v2\/media\/483035"}],"wp:attachment":[{"href":"https:\/\/www.europesays.com\/fr\/wp-json\/wp\/v2\/media?parent=483034"}],"wp:term":[{"taxonomy":"category","embeddable":true,"href":"https:\/\/www.europesays.com\/fr\/wp-json\/wp\/v2\/categories?post=483034"},{"taxonomy":"post_tag","embeddable":true,"href":"https:\/\/www.europesays.com\/fr\/wp-json\/wp\/v2\/tags?post=483034"}],"curies":[{"name":"wp","href":"https:\/\/api.w.org\/{rel}","templated":true}]}}