{"id":483075,"date":"2025-10-22T23:26:17","date_gmt":"2025-10-22T23:26:17","guid":{"rendered":"https:\/\/www.europesays.com\/fr\/483075\/"},"modified":"2025-10-22T23:26:17","modified_gmt":"2025-10-22T23:26:17","slug":"le-salon-made-in-france-pv-sarrete-pour-integrer-premiere-vision-paris-2","status":"publish","type":"post","link":"https:\/\/www.europesays.com\/fr\/483075\/","title":{"rendered":"Le salon Made in France PV s\u2019arr\u00eate pour int\u00e9grer Premi\u00e8re Vision Paris"},"content":{"rendered":"<p>\n                                    <b>Publi\u00e9 le<\/b><br \/>\n                                    <\/p>\n<p>                                        22 octobre 2025<\/p>\n<p class=\"article-content col-md-8 offset-md-1\">\n                                Le rendez-vous parisien des fa\u00e7onniers fran\u00e7ais ne reviendra pas pour une 23\u1d49 \u00e9dition. Mais il ne dispara\u00eet pas pour autant, rejoignant d\u00e8s 2026 l\u2019offre des salons <a class=\"fnwAddLinks\" href=\"https:\/\/ma.fashionnetwork.com\/tags-premiere-vision\" title=\"Premi\u00e8re Vision\" rel=\"nofollow noopener\" target=\"_blank\">Premi\u00e8re Vision<\/a> Paris et Blossom Premi\u00e8re Vision.<\/p>\n<p><img decoding=\"async\" class=\"news-image\" style=\"width:100%;\" src=\"https:\/\/www.europesays.com\/fr\/wp-content\/uploads\/2025\/10\/7b55.jpg\" alt=\"\" loading=\"lazy\"\/> Premi\u00e8re Vision<\/p>\n<p>N\u00e9 dans les ann\u00e9es 2000, l\u2019ex-salon Made in France by <a class=\"fnwAddLinks\" href=\"https:\/\/ma.fashionnetwork.com\/tags-fatex\" title=\"Fatex\" rel=\"nofollow noopener\" target=\"_blank\">Fatex<\/a> <a href=\"https:\/\/fr.fashionnetwork.com\/news\/Made-in-france-prend-le-nom-de-premiere-vision,397712.html\" rel=\"nofollow noopener\" target=\"_blank\">avait pris le nom de Premi\u00e8re Vision<\/a> en 2014, ainsi que durablement pos\u00e9 ses valises au Carreau du Temple (Paris III\u1d49). Un cadre qui va rester celui du salon Blossom Premi\u00e8re Vision, rendez-vous d\u00e9di\u00e9 aux pr\u00e9-collections des grandes maisons, qui a r\u00e9cemment repris son rythme de deux salons par an.<\/p>\n<p>\u201cCette \u00e9volution donne au made-in-France une nouvelle dimension, \u00e0 la fois strat\u00e9gique, business et inspirationnelle,\u201d explique Florence Rousson, directrice g\u00e9n\u00e9rale de la division Mode de <a class=\"fnwAddLinks\" href=\"https:\/\/ma.fashionnetwork.com\/tags-gl-events\" title=\"GL Events\" rel=\"nofollow noopener\" target=\"_blank\">GL Events<\/a>. \u201cElle traduit notre volont\u00e9 d\u2019accompagner les transformations du march\u00e9 en pla\u00e7ant les savoir-faire fran\u00e7ais au c\u0153ur de l\u2019exp\u00e9rience Premi\u00e8re Vision. Cette d\u00e9cision marque une \u00e9tape cl\u00e9 dans la construction d\u2019une offre fid\u00e8le \u00e0 l\u2019ADN de Premi\u00e8re Vision: \u00eatre une plateforme mondiale de la mode cr\u00e9ative, durable et comp\u00e9titive.\u201d<\/p>\n<p class=\"col-md-8 offset-md-1 article-content--texte\">La derni\u00e8re \u00e9dition de Made in France PV, <a href=\"https:\/\/fr.fashionnetwork.com\/news\/-made-in-france-premiere-vision-reunira-plus-de-90-fabricants-les-2-et-3-avril,1713135.html\" rel=\"nofollow noopener\" target=\"_blank\">qui s\u2019est tenue les 2 et 3 avril<\/a> dernier, avait r\u00e9uni 90 fabricants et attir\u00e9 pr\u00e8s de 2.500 professionnels. Parmi eux figuraient 5% d\u2019\u00e9trangers, venant de Belgique, d\u2019Italie, des \u00c9tats-Unis, d\u2019Allemagne, de Chine, des Pays-Bas et du Royaume-Uni.<\/p>\n<p>Un int\u00e9r\u00eat international sur lequel Premi\u00e8re Vision SA entend donc capitaliser en pla\u00e7ant l\u2019offre made in France au c\u0153ur de son rendez-vous principal, Premi\u00e8re Vision Paris, dont la derni\u00e8re \u00e9dition a attir\u00e9 20.000 professionnels. Un rendez-vous avec lequel le salon de la fa\u00e7on fran\u00e7aise partageait d\u00e9j\u00e0 historiquement de nombreux exposants tricolores. Des exposants dont certains pointaient la forte proximit\u00e9 calendaire entre Made in France PV et l\u2019\u00e9dition hivernale de Premi\u00e8re Vision Paris.<\/p>\n<p class=\"col-md-10 exergue\">Une port\u00e9e internationale<\/p>\n<p>En pla\u00e7ant l\u2019offre de Made in France PV au c\u0153ur de son salon principal, Premi\u00e8re Vision SA se donne aussi l\u2019opportunit\u00e9 de repositionner son offre europ\u00e9enne. Les sessions de 2022 et 2023 ont vu se diviser par deux le nombre de fabricants italiens, qui furent longtemps les plus repr\u00e9sent\u00e9s sur le salon fran\u00e7ais, mais ont pris ombrage d\u2019une progression de la pr\u00e9sence turque et asiatique.<\/p>\n<p>Interrog\u00e9e sur ce sujet par FashionNetwork.com en 2024, Florence Rousson expliquait ne pas craindre\u00a0<a href=\"https:\/\/fr.fashionnetwork.com\/news\/Florence-rousson-si-demain-il-est-pertinent-d-avoir-500-exposants-nous-le-ferons-,1648030.html\" rel=\"nofollow noopener\" target=\"_blank\">de proposer un salon \u00e0 l\u2019offre plus <\/a>restreinte, d\u00e8s lors qu\u2019il gagne en pertinence et cr\u00e9e de nouvelles passerelles. Ce dernier point s&rsquo;est concr\u00e9tis\u00e9 en septembre 2025 avec<a href=\"https:\/\/fr.fashionnetwork.com\/news\/Premiere-vision-paris-leve-le-voile-sur-son-introduction-de-la-beaute,1763847.html\" rel=\"nofollow noopener\" target=\"_blank\">\u00a0l\u2019arriv\u00e9e d\u2019une offre beaut\u00e9<\/a>, pens\u00e9e comme une source d\u2019inspiration \u00e0 l\u2019heure o\u00f9 de nombreuses marques d\u2019habillement investissent le secteur des cosm\u00e9tiques.<\/p>\n<p>Avec l\u2019int\u00e9gration de l\u2019offre Made in France PV, Blossom PV renforce sa proposition et consolide ainsi son retour \u00e0 deux \u00e9ditions par an. Cr\u00e9\u00e9 en 2016 pour offrir, d\u00e8s le d\u00e9but du calendrier saisonnier, un rendez-vous d\u00e9di\u00e9 aux pr\u00e9-collections des grandes maisons et marques premium, le salon avait vu dispara\u00eetre son \u00e9dition de juin-juillet depuis 2019, lorsque Premi\u00e8re Vision Paris avait choisi de d\u00e9placer son \u00e9dition de septembre au mois de juillet.<\/p>\n<p>Le retour d\u2019une \u00e9dition de septembre, en 2025, a permis \u00e0 Blossom de repasser \u00e0 deux \u00e9ditions par an, avec son \u00e9dition hivernale se tenant en d\u00e9cembre. La derni\u00e8re \u00e9dition du rendez-vous, qui s\u2019est tenue les 4 et 5 juin au Carreau du Temple, avait attir\u00e9 plus d\u2019un millier de professionnels avec une offre de 80 exposants. La prochaine se tiendra les 10 et 11 d\u00e9cembre.\n                            <\/p>\n<p>\n                                Tous droits de reproduction et de repr\u00e9sentation r\u00e9serv\u00e9s.<br \/>\u00a9 2025 FashionNetwork.com\n                            <\/p>\n","protected":false},"excerpt":{"rendered":"Publi\u00e9 le 22 octobre 2025 Le rendez-vous parisien des fa\u00e7onniers fran\u00e7ais ne reviendra pas pour une 23\u1d49 \u00e9dition.&hellip;\n","protected":false},"author":2,"featured_media":482461,"comment_status":"","ping_status":"","sticky":false,"template":"","format":"standard","meta":{"footnotes":""},"categories":[1888],"tags":[11,2424,537,2423,1777,674,60572,1011,27,21048,2425,985,12,2298,626,6866,2426,2427,25,2421,2422],"class_list":{"0":"post-483075","1":"post","2":"type-post","3":"status-publish","4":"format-standard","5":"has-post-thumbnail","7":"category-paris","8":"tag-actualites","9":"tag-beaute","10":"tag-contact","11":"tag-cosmetiques","12":"tag-eu","13":"tag-europe","14":"tag-fatex","15":"tag-fr","16":"tag-france","17":"tag-gl-events","18":"tag-luxe","19":"tag-mode","20":"tag-news","21":"tag-parfum","22":"tag-paris","23":"tag-premiere-vision","24":"tag-professionnel","25":"tag-professionnels","26":"tag-republique-francaise","27":"tag-reseau","28":"tag-textile"},"share_on_mastodon":{"url":"https:\/\/pubeurope.com\/@fr\/115420410171778887","error":""},"_links":{"self":[{"href":"https:\/\/www.europesays.com\/fr\/wp-json\/wp\/v2\/posts\/483075","targetHints":{"allow":["GET"]}}],"collection":[{"href":"https:\/\/www.europesays.com\/fr\/wp-json\/wp\/v2\/posts"}],"about":[{"href":"https:\/\/www.europesays.com\/fr\/wp-json\/wp\/v2\/types\/post"}],"author":[{"embeddable":true,"href":"https:\/\/www.europesays.com\/fr\/wp-json\/wp\/v2\/users\/2"}],"replies":[{"embeddable":true,"href":"https:\/\/www.europesays.com\/fr\/wp-json\/wp\/v2\/comments?post=483075"}],"version-history":[{"count":0,"href":"https:\/\/www.europesays.com\/fr\/wp-json\/wp\/v2\/posts\/483075\/revisions"}],"wp:featuredmedia":[{"embeddable":true,"href":"https:\/\/www.europesays.com\/fr\/wp-json\/wp\/v2\/media\/482461"}],"wp:attachment":[{"href":"https:\/\/www.europesays.com\/fr\/wp-json\/wp\/v2\/media?parent=483075"}],"wp:term":[{"taxonomy":"category","embeddable":true,"href":"https:\/\/www.europesays.com\/fr\/wp-json\/wp\/v2\/categories?post=483075"},{"taxonomy":"post_tag","embeddable":true,"href":"https:\/\/www.europesays.com\/fr\/wp-json\/wp\/v2\/tags?post=483075"}],"curies":[{"name":"wp","href":"https:\/\/api.w.org\/{rel}","templated":true}]}}