{"id":483080,"date":"2025-10-22T23:29:11","date_gmt":"2025-10-22T23:29:11","guid":{"rendered":"https:\/\/www.europesays.com\/fr\/483080\/"},"modified":"2025-10-22T23:29:11","modified_gmt":"2025-10-22T23:29:11","slug":"excede-par-poutine-trump-promet-des-sanctions-enormes-et-espere-quun-terme-sera-mis-au-conflit","status":"publish","type":"post","link":"https:\/\/www.europesays.com\/fr\/483080\/","title":{"rendered":"Exc\u00e9d\u00e9 par Poutine, Trump promet des sanctions \u00e9normes et esp\u00e8re qu\u2019un terme sera mis au conflit"},"content":{"rendered":"<p><a href=\"https:\/\/www.20minutes.fr\/dossier\/donald_trump\" target=\"_blank\" class=\"c-link c-link--is-underlined\" rel=\"nofollow noopener\">Donald Trump<\/a> a hauss\u00e9 le ton mercredi contre la <a href=\"https:\/\/www.20minutes.fr\/monde\/russie\/\" target=\"_blank\" class=\"c-link c-link--is-underlined\" rel=\"nofollow noopener\">Russie<\/a>, qu\u2019il accuse de manquer de transparence et de sinc\u00e9rit\u00e9, et a annonc\u00e9 un renforcement majeur des sanctions \u00e9conomiques de Washington, en coordination avec l\u2019<a href=\"https:\/\/www.20minutes.fr\/dossier\/ue\" target=\"_blank\" class=\"c-link c-link--is-underlined\" rel=\"nofollow noopener\">Union europ\u00e9enne<\/a>. Apr\u00e8s des mois d\u2019h\u00e9sitation, le pr\u00e9sident am\u00e9ricain change radicalement de cap face \u00e0 <a href=\"https:\/\/www.20minutes.fr\/monde\/vladimir_poutine\/\" target=\"_blank\" class=\"c-link c-link--is-underlined\" rel=\"nofollow noopener\">Vladimir Poutine<\/a>, estimant que leurs discussions \u00ab\u00a0n\u2019allaient nulle part\u00a0\u00bb.<\/p>\n<p>Recevant \u00e0 la Maison-Blanche le secr\u00e9taire g\u00e9n\u00e9ral de l\u2019<a href=\"https:\/\/www.20minutes.fr\/monde\/otan\/\" target=\"_blank\" class=\"c-link c-link--is-underlined\" rel=\"nofollow noopener\">Otan<\/a>, Mark Rutte, Donald Trump a confirm\u00e9 que les <a href=\"https:\/\/www.20minutes.fr\/monde\/etats-unis\/\" target=\"_blank\" class=\"c-link c-link--is-underlined\" rel=\"nofollow noopener\">Etats-Unis<\/a> ciblaient d\u00e9sormais directement les deux plus grandes compagnies p\u00e9troli\u00e8res russes, Rosneft et Lukoil. \u00ab\u00a0Ce sont des sanctions \u00e9normes [\u2026]. Et nous esp\u00e9rons qu\u2019elles ne dureront pas trop longtemps. Nous esp\u00e9rons qu\u2019un terme sera mis \u00e0 la guerre\u00a0\u00bb, a-t-il d\u00e9clar\u00e9 depuis le Bureau ovale.<\/p>\n<\/p>\n<p>\u00ab\u00a0Poutine n\u2019a \u00e9t\u00e9 ni franc, ni honn\u00eate\u00a0\u00bb<\/p>\n<p>Le secr\u00e9taire am\u00e9ricain au Tr\u00e9sor, <a href=\"https:\/\/www.20minutes.fr\/monde\/election-presidentielle-americaine\/4122935-20241123-etats-unis-scott-bessent-nouveau-secretaire-tresor-trump-devoile-programme-economique-ambitieux\" target=\"_blank\" class=\"c-link c-link--is-underlined\" rel=\"nofollow noopener\">Scott Bessent<\/a>, a pr\u00e9cis\u00e9 dans un communiqu\u00e9 que ces mesures visaient les entreprises \u00ab\u00a0qui financent la machine de guerre du <a href=\"https:\/\/www.20minutes.fr\/dossier\/kremlin\" target=\"_blank\" class=\"c-link c-link--is-underlined\" rel=\"nofollow noopener\">Kremlin<\/a>\u00a0\u00bb, en r\u00e9action au \u00ab\u00a0refus du pr\u00e9sident Poutine d\u2019arr\u00eater cette guerre insens\u00e9e\u00a0\u00bb. Interrog\u00e9 sur <a href=\"https:\/\/www.20minutes.fr\/dossier\/fox_news\" target=\"_blank\" class=\"c-link c-link--is-underlined\" rel=\"nofollow noopener\">Fox Business<\/a>, il a estim\u00e9 que \u00ab\u00a0le pr\u00e9sident Poutine n\u2019a \u00e9t\u00e9 ni franc, ni honn\u00eate \u00e0 la table des n\u00e9gociations, comme nous l\u2019aurions esp\u00e9r\u00e9\u00a0\u00bb. Le Tr\u00e9sor a ajout\u00e9 \u00eatre \u00ab\u00a0pr\u00eat \u00e0 aller plus loin si cela s\u2019av\u00e9rait n\u00e9cessaire\u00a0\u00bb.<\/p>\n<p>De son c\u00f4t\u00e9, l\u2019Union europ\u00e9enne a annonc\u00e9 un accord politique pour durcir ses propres <a href=\"https:\/\/www.20minutes.fr\/dossier\/sanction\" target=\"_blank\" class=\"c-link c-link--is-underlined\" rel=\"nofollow noopener\">sanctions<\/a> \u00e9nerg\u00e9tiques contre <a href=\"https:\/\/www.20minutes.fr\/monde\/moscou\/\" target=\"_blank\" class=\"c-link c-link--is-underlined\" rel=\"nofollow noopener\">Moscou<\/a>. Le nouveau paquet pr\u00e9voit un arr\u00eat total des importations de <a href=\"https:\/\/www.20minutes.fr\/dossier\/gaz\" target=\"_blank\" class=\"c-link c-link--is-underlined\" rel=\"nofollow noopener\">gaz<\/a> naturel liqu\u00e9fi\u00e9 (GNL) russe et un renforcement des mesures contre la \u00ab\u00a0flotte fant\u00f4me\u00a0\u00bb de p\u00e9troliers que le Kremlin utilise pour contourner les embargos occidentaux. L\u2019adoption formelle de ces mesures est pr\u00e9vue jeudi, lors du sommet europ\u00e9en auquel participera <a href=\"https:\/\/www.20minutes.fr\/monde\/volodymyr-zelensky\/\" target=\"_blank\" class=\"c-link c-link--is-underlined\" rel=\"nofollow noopener\">Volodymyr Zelensky<\/a>.<\/p>\n<p><a href=\"https:\/\/www.20minutes.fr\/monde\/ukraine\/\" target=\"_blank\" class=\"c-link c-btn c-btn--primary\" rel=\"nofollow noopener\">Notre dossier sur la guerre en Ukraine<\/a><\/p>\n<p>Malgr\u00e9 l\u2019impasse diplomatique, Moscou tente de maintenir une fa\u00e7ade de dialogue. Le vice-ministre russe des Affaires \u00e9trang\u00e8res, Sergue\u00ef Riabkov, a affirm\u00e9 que \u00ab\u00a0les pr\u00e9paratifs d\u2019une rencontre se poursuivaient\u00a0\u00bb. Donald Trump a pourtant r\u00e9p\u00e9t\u00e9 mercredi qu\u2019il n\u2019\u00e9tait pas dispos\u00e9 \u00e0 une r\u00e9union \u00ab\u00a0pour rien\u00a0\u00bb avec son homologue russe, invoquant la complexit\u00e9 de la situation.<\/p>\n","protected":false},"excerpt":{"rendered":"Donald Trump a hauss\u00e9 le ton mercredi contre la Russie, qu\u2019il accuse de manquer de transparence et de&hellip;\n","protected":false},"author":2,"featured_media":483081,"comment_status":"","ping_status":"","sticky":false,"template":"","format":"standard","meta":{"footnotes":""},"categories":[1590],"tags":[47,11,75,73,1777,674,131,2287,74,12,136,844,132,10378,220,555,135],"class_list":{"0":"post-483080","1":"post","2":"type-post","3":"status-publish","4":"format-standard","5":"has-post-thumbnail","7":"category-ukraine","8":"tag-actualite","9":"tag-actualites","10":"tag-donald-trump","11":"tag-etats-unis","12":"tag-eu","13":"tag-europe","14":"tag-guerre-en-ukraine","15":"tag-mark-rutte","16":"tag-monde","17":"tag-news","18":"tag-otan","19":"tag-petrole","20":"tag-russie","21":"tag-sanction","22":"tag-ukraine","23":"tag-union-europeenne-ue","24":"tag-vladimir-poutine"},"share_on_mastodon":{"url":"https:\/\/pubeurope.com\/@fr\/115420421322675082","error":""},"_links":{"self":[{"href":"https:\/\/www.europesays.com\/fr\/wp-json\/wp\/v2\/posts\/483080","targetHints":{"allow":["GET"]}}],"collection":[{"href":"https:\/\/www.europesays.com\/fr\/wp-json\/wp\/v2\/posts"}],"about":[{"href":"https:\/\/www.europesays.com\/fr\/wp-json\/wp\/v2\/types\/post"}],"author":[{"embeddable":true,"href":"https:\/\/www.europesays.com\/fr\/wp-json\/wp\/v2\/users\/2"}],"replies":[{"embeddable":true,"href":"https:\/\/www.europesays.com\/fr\/wp-json\/wp\/v2\/comments?post=483080"}],"version-history":[{"count":0,"href":"https:\/\/www.europesays.com\/fr\/wp-json\/wp\/v2\/posts\/483080\/revisions"}],"wp:featuredmedia":[{"embeddable":true,"href":"https:\/\/www.europesays.com\/fr\/wp-json\/wp\/v2\/media\/483081"}],"wp:attachment":[{"href":"https:\/\/www.europesays.com\/fr\/wp-json\/wp\/v2\/media?parent=483080"}],"wp:term":[{"taxonomy":"category","embeddable":true,"href":"https:\/\/www.europesays.com\/fr\/wp-json\/wp\/v2\/categories?post=483080"},{"taxonomy":"post_tag","embeddable":true,"href":"https:\/\/www.europesays.com\/fr\/wp-json\/wp\/v2\/tags?post=483080"}],"curies":[{"name":"wp","href":"https:\/\/api.w.org\/{rel}","templated":true}]}}