{"id":483084,"date":"2025-10-22T23:31:12","date_gmt":"2025-10-22T23:31:12","guid":{"rendered":"https:\/\/www.europesays.com\/fr\/483084\/"},"modified":"2025-10-22T23:31:12","modified_gmt":"2025-10-22T23:31:12","slug":"elle-a-ete-pendue-pour-avoir-tue-son-amant-violent-ses-petits-enfants-veulent-sa-rehabilitation-70-ans-apres","status":"publish","type":"post","link":"https:\/\/www.europesays.com\/fr\/483084\/","title":{"rendered":"Elle a \u00e9t\u00e9 pendue pour avoir tu\u00e9 son amant violent, ses petits-enfants veulent sa r\u00e9habilitation 70 ans apr\u00e8s"},"content":{"rendered":"<p>Soixante-dix ans apr\u00e8s son <a href=\"https:\/\/www.20minutes.fr\/monde\/execution\/\" target=\"_blank\" class=\"c-link c-link--is-underlined\" rel=\"noopener\">ex\u00e9cution<\/a>, l\u2019histoire tragique de Ruth Ellis, derni\u00e8re femme pendue au <a href=\"https:\/\/www.20minutes.fr\/monde\/royaume-uni\/\" target=\"_blank\" class=\"c-link c-link--is-underlined\" rel=\"noopener\">Royaume-Uni<\/a>, refait surface. Quatre de ses six petits-enfants ont officiellement demand\u00e9 au ministre britannique de la Justice, David Lammy, de gracier \u00e0 titre posthume cette h\u00f4tesse de bo\u00eete de nuit condamn\u00e9e pour le <a href=\"https:\/\/www.20minutes.fr\/dossier\/meurtre\" target=\"_blank\" class=\"c-link c-link--is-underlined\" rel=\"noopener\">meurtre<\/a> de son amant violent, le pilote automobile David Blakely.<\/p>\n<p>\u00ab\u00a0Nous voulons r\u00e9parer une injustice\u00a0\u00bb, explique sa petite-fille Laura Enston, 46 ans. En\u00a01955, Ruth Ellis, \u00e2g\u00e9e de 28 ans, avait abattu David Blakely \u00e0 la sortie d\u2019un bar londonien apr\u00e8s des mois de <a href=\"https:\/\/www.20minutes.fr\/dossier\/violences_conjugales\" target=\"_blank\" class=\"c-link c-link--is-underlined\" rel=\"noopener\">violences conjugales<\/a> r\u00e9p\u00e9t\u00e9es, \u00ab\u00a0physiques, sexuelles et psychologiques\u00a0\u00bb, rappellent ses avocats du cabinet Mischon de Reya.<\/p>\n<p>Un proc\u00e8s sans doute diff\u00e9rent aujourd\u2019hui<\/p>\n<p>Ses d\u00e9fenseurs affirment que son <a href=\"https:\/\/www.20minutes.fr\/dossier\/proces\" target=\"_blank\" class=\"c-link c-link--is-underlined\" rel=\"noopener\">proc\u00e8s<\/a> aurait \u00e9t\u00e9 jug\u00e9 tout autrement aujourd\u2019hui. \u00ab\u00a0Elle aurait probablement \u00e9t\u00e9 accus\u00e9e d\u2019homicide, pas de meurtre\u00a0\u00bb, pr\u00e9cise l\u2019avocat James Libson. <a href=\"https:\/\/www.20minutes.fr\/dossier\/condamnation_a_mort\" target=\"_blank\" class=\"c-link c-link--is-underlined\" rel=\"noopener\">Condamn\u00e9e \u00e0 mort<\/a> apr\u00e8s seulement vingt minutes de d\u00e9lib\u00e9ration, Ruth Ellis avait fait face au jury sans \u00e9motion, un comportement que ses proches interpr\u00e8tent d\u00e9sormais \u00e0 la lumi\u00e8re des connaissances modernes sur les traumatismes. \u00ab\u00a0Elle a involontairement jou\u00e9 le r\u00f4le de la tueuse au sang-froid qu\u2019on lui avait attribu\u00e9\u00a0\u00bb, souligne encore Laura Enston.<\/p>\n<\/p>\n<p>Dix jours avant le drame, David Blakely l\u2019avait frapp\u00e9e au ventre alors qu\u2019elle \u00e9tait enceinte, provoquant une fausse couche. \u00ab\u00a0A l\u2019\u00e9poque, personne ne souhaitait donner une chance \u00e9quitable \u00e0 Ruth\u00a0\u00bb, d\u00e9plore sa petite-fille, rappelant qu\u2019elle \u00e9tait une m\u00e8re c\u00e9libataire de deux enfants issue d\u2019un milieu modeste.<\/p>\n<p>Une premi\u00e8re demande rejet\u00e9e en\u00a02003<\/p>\n<p>L\u2019affaire avait profond\u00e9ment marqu\u00e9 la soci\u00e9t\u00e9 britannique et inspir\u00e9 le film Un crime pour une passion (Dance with a Stranger, 1985) avec Miranda Richardson et Rupert Everett. La pendaison de Ruth Ellis en juillet\u00a01955 \u00e0 Londres avait contribu\u00e9 \u00e0 faire \u00e9voluer l\u2019opinion publique contre la peine capitale, abolie au Royaume-Uni en\u00a01973.<\/p>\n<p><a href=\"https:\/\/www.20minutes.fr\/monde\/royaume-uni\/\" target=\"_blank\" class=\"c-link c-btn c-btn--primary\" rel=\"noopener\">Notre dossier sur le Royaume-Uni<\/a><\/p>\n<p>Les descendants d\u2019Ellis avaient d\u00e9j\u00e0 tent\u00e9 en vain d\u2019obtenir l\u2019annulation de sa condamnation en\u00a02003. Cette nouvelle demande de gr\u00e2ce vise \u00e0 reconna\u00eetre le statut de victime de violences conjugales que la jeune femme n\u2019avait pu faire valoir de son vivant \u2013 et \u00e0 offrir, enfin, \u00ab\u00a0une forme de justice\u00a0\u00bb \u00e0 celle dont le sort symbolise encore les d\u00e9rives du syst\u00e8me judiciaire d\u2019alors.<\/p>\n","protected":false},"excerpt":{"rendered":"Soixante-dix ans apr\u00e8s son ex\u00e9cution, l\u2019histoire tragique de Ruth Ellis, derni\u00e8re femme pendue au Royaume-Uni, refait surface. Quatre&hellip;\n","protected":false},"author":2,"featured_media":483085,"comment_status":"","ping_status":"","sticky":false,"template":"","format":"standard","meta":{"footnotes":""},"categories":[1588],"tags":[47,11,1777,674,6189,4534,777,74,12,942,60635,473,1853,1851,1850,1852,798,797],"class_list":{"0":"post-483084","1":"post","2":"type-post","3":"status-publish","4":"format-standard","5":"has-post-thumbnail","7":"category-royaume-uni","8":"tag-actualite","9":"tag-actualites","10":"tag-eu","11":"tag-europe","12":"tag-execution","13":"tag-londres","14":"tag-meurtre","15":"tag-monde","16":"tag-news","17":"tag-peine-de-mort","18":"tag-pendaison","19":"tag-royaume-uni","20":"tag-royaume-uni-de-grande-bretagne-et-dirlande-du-nord","21":"tag-uk","22":"tag-united-kingdom","23":"tag-united-kingdom-of-great-britain-and-northern-ireland","24":"tag-violences-conjugales","25":"tag-violences-faites-aux-femmes"},"share_on_mastodon":{"url":"https:\/\/pubeurope.com\/@fr\/115420429342927012","error":""},"_links":{"self":[{"href":"https:\/\/www.europesays.com\/fr\/wp-json\/wp\/v2\/posts\/483084","targetHints":{"allow":["GET"]}}],"collection":[{"href":"https:\/\/www.europesays.com\/fr\/wp-json\/wp\/v2\/posts"}],"about":[{"href":"https:\/\/www.europesays.com\/fr\/wp-json\/wp\/v2\/types\/post"}],"author":[{"embeddable":true,"href":"https:\/\/www.europesays.com\/fr\/wp-json\/wp\/v2\/users\/2"}],"replies":[{"embeddable":true,"href":"https:\/\/www.europesays.com\/fr\/wp-json\/wp\/v2\/comments?post=483084"}],"version-history":[{"count":0,"href":"https:\/\/www.europesays.com\/fr\/wp-json\/wp\/v2\/posts\/483084\/revisions"}],"wp:featuredmedia":[{"embeddable":true,"href":"https:\/\/www.europesays.com\/fr\/wp-json\/wp\/v2\/media\/483085"}],"wp:attachment":[{"href":"https:\/\/www.europesays.com\/fr\/wp-json\/wp\/v2\/media?parent=483084"}],"wp:term":[{"taxonomy":"category","embeddable":true,"href":"https:\/\/www.europesays.com\/fr\/wp-json\/wp\/v2\/categories?post=483084"},{"taxonomy":"post_tag","embeddable":true,"href":"https:\/\/www.europesays.com\/fr\/wp-json\/wp\/v2\/tags?post=483084"}],"curies":[{"name":"wp","href":"https:\/\/api.w.org\/{rel}","templated":true}]}}