{"id":483094,"date":"2025-10-22T23:36:21","date_gmt":"2025-10-22T23:36:21","guid":{"rendered":"https:\/\/www.europesays.com\/fr\/483094\/"},"modified":"2025-10-22T23:36:21","modified_gmt":"2025-10-22T23:36:21","slug":"les-mutuelles-et-les-retraites-seront-mis-en-contribution-pour-financer-la-suspension-de-la-reforme","status":"publish","type":"post","link":"https:\/\/www.europesays.com\/fr\/483094\/","title":{"rendered":"Les mutuelles et les retrait\u00e9s seront mis en contribution pour financer la suspension de la r\u00e9forme"},"content":{"rendered":"<p>Suspendre la <a href=\"https:\/\/www.20minutes.fr\/dossier\/reforme_des_retraites\" target=\"_blank\" class=\"c-link c-link--is-underlined\" rel=\"noopener\">r\u00e9forme des retraites<\/a> aura un co\u00fbt, et le gouvernement a d\u00e9cid\u00e9 de le faire supporter aux <a href=\"https:\/\/www.20minutes.fr\/dossier\/mutuelle\" target=\"_blank\" class=\"c-link c-link--is-underlined\" rel=\"noopener\">mutuelles<\/a> et aux <a href=\"https:\/\/www.20minutes.fr\/dossier\/retraite\" target=\"_blank\" class=\"c-link c-link--is-underlined\" rel=\"noopener\">retrait\u00e9s<\/a>. Selon une lettre rectificative au budget de la <a href=\"https:\/\/www.20minutes.fr\/dossier\/securite_sociale\" target=\"_blank\" class=\"c-link c-link--is-underlined\" rel=\"noopener\">S\u00e9curit\u00e9 sociale<\/a>, examin\u00e9e par le <a href=\"https:\/\/www.20minutes.fr\/dossier\/conseil-etat\" target=\"_blank\" class=\"c-link c-link--is-underlined\" rel=\"noopener\">Conseil d\u2019Etat<\/a> et attendue jeudi en Conseil des ministres, cette suspension p\u00e8sera 100\u00a0millions d\u2019euros en\u00a02026 et 1,4\u00a0milliard en\u00a02027, selon les informations publi\u00e9es par Les Echos et confirm\u00e9es par l\u2019AFP.<\/p>\n<p>Pour compenser cette d\u00e9pense, le taux de contribution des organismes compl\u00e9mentaires de sant\u00e9 \u2013 mutuelles, assurances, institutions de pr\u00e9voyance \u2013 passera de 2,05\u00a0% \u00e0 2,25\u00a0% d\u00e8s\u00a02026. Une hausse qui pourrait se r\u00e9percuter sur les cotisations des assur\u00e9s. Les retrait\u00e9s seront \u00e9galement mis \u00e0 contribution\u00a0: la sous-indexation de leurs pensions par rapport \u00e0 l\u2019inflation, initialement fix\u00e9e \u00e0 0,4 point, sera alourdie de 0,5 point suppl\u00e9mentaire en\u00a02027. Avec une inflation hors tabac estim\u00e9e \u00e0 1,75\u00a0%, leur pouvoir d\u2019achat se trouvera m\u00e9caniquement amput\u00e9.<\/p>\n<p>Gel des pensions et prestations sociales<\/p>\n<p>Le gouvernement avait d\u00e9j\u00e0 annonc\u00e9 le gel des pensions et des prestations sociales pour\u00a02026 afin de freiner la hausse des d\u00e9penses publiques. Ces mesures s\u2019inscrivent dans un contexte budg\u00e9taire contraint et visent \u00e0 financer le report de la r\u00e9forme Borne, qui devait progressivement relever l\u2019\u00e2ge l\u00e9gal de d\u00e9part \u00e0 64 ans.<\/p>\n<\/p>\n<p>Concr\u00e8tement, la g\u00e9n\u00e9ration 1964 pourra partir \u00e0 62 ans et 9 mois, comme la pr\u00e9c\u00e9dente, au lieu des 63 ans initialement pr\u00e9vus. Le nombre de trimestres requis restera \u00e0 170 au lieu de 171. La r\u00e9forme reprendrait ensuite son cours normal en janvier\u00a02028, avec la g\u00e9n\u00e9ration 1965, appel\u00e9e \u00e0 cotiser 171 trimestres au lieu de 172.<\/p>\n<p>Cacophonie au sommet de l\u2019Etat<\/p>\n<p>Mais ce report montre aussi la cacophonie qui r\u00e8gne au sommet de l\u2019Etat. Depuis la Slov\u00e9nie, <a href=\"https:\/\/www.20minutes.fr\/politique\/emmanuel-macron\/\" target=\"_blank\" class=\"c-link c-link--is-underlined\" rel=\"noopener\">Emmanuel Macron<\/a> a assur\u00e9 qu\u2019il n\u2019y aurait \u00ab\u00a0ni abrogation ni suspension, seulement le d\u00e9calage d\u2019une \u00e9ch\u00e9ance [\u2026] \u00e0 savoir le rel\u00e8vement progressif de l\u2019\u00e2ge l\u00e9gal de d\u00e9part.\u00a0\u00bb Quelques heures plus tard, le Premier ministre <a href=\"https:\/\/www.20minutes.fr\/politique\/sebastien-lecornu\/\" target=\"_blank\" class=\"c-link c-link--is-underlined\" rel=\"noopener\">S\u00e9bastien Lecornu<\/a> confirmait pourtant \u00e0 l\u2019Assembl\u00e9e nationale que \u00ab\u00a0la suspension\u00a0\u00bb serait bien inscrite dans le budget de la S\u00e9curit\u00e9 sociale.<\/p>\n<p><a href=\"https:\/\/www.20minutes.fr\/dossier\/reforme_des_retraites\" target=\"_blank\" class=\"c-link c-btn c-btn--primary\" rel=\"noopener\">Notre dossier sur la r\u00e9forme des retraites<\/a><\/p>\n<p>Plut\u00f4t qu\u2019un simple ajustement technique, cette inscription directe dans la loi est aussi un signal politique, adress\u00e9 \u00e0 la gauche et au Rassemblement national, qui exigeaient une garantie \u00e9crite avant les d\u00e9bats parlementaires. A moins de deux ans de la pr\u00e9sidentielle, ce choix marque une nouvelle \u00e9tape dans la bataille symbolique autour des retraites et du pouvoir d\u2019achat des Fran\u00e7ais.<\/p>\n","protected":false},"excerpt":{"rendered":"Suspendre la r\u00e9forme des retraites aura un co\u00fbt, et le gouvernement a d\u00e9cid\u00e9 de le faire supporter aux&hellip;\n","protected":false},"author":2,"featured_media":483095,"comment_status":"","ping_status":"","sticky":false,"template":"","format":"standard","meta":{"footnotes":""},"categories":[2],"tags":[47,11,2760,3193,1011,27,418,11713,12,1268,25,137,11067,731,104],"class_list":{"0":"post-483094","1":"post","2":"type-post","3":"status-publish","4":"format-standard","5":"has-post-thumbnail","7":"category-actualites","8":"tag-actualite","9":"tag-actualites","10":"tag-conseil-detat","11":"tag-conseil-des-ministres","12":"tag-fr","13":"tag-france","14":"tag-gouvernement","15":"tag-mutuelle","16":"tag-news","17":"tag-reforme-des-retraites-2023","18":"tag-republique-francaise","19":"tag-retraite","20":"tag-sebastien-lecornu","21":"tag-securite-sociale","22":"tag-societe"},"share_on_mastodon":{"url":"https:\/\/pubeurope.com\/@fr\/115420448975113990","error":""},"_links":{"self":[{"href":"https:\/\/www.europesays.com\/fr\/wp-json\/wp\/v2\/posts\/483094","targetHints":{"allow":["GET"]}}],"collection":[{"href":"https:\/\/www.europesays.com\/fr\/wp-json\/wp\/v2\/posts"}],"about":[{"href":"https:\/\/www.europesays.com\/fr\/wp-json\/wp\/v2\/types\/post"}],"author":[{"embeddable":true,"href":"https:\/\/www.europesays.com\/fr\/wp-json\/wp\/v2\/users\/2"}],"replies":[{"embeddable":true,"href":"https:\/\/www.europesays.com\/fr\/wp-json\/wp\/v2\/comments?post=483094"}],"version-history":[{"count":0,"href":"https:\/\/www.europesays.com\/fr\/wp-json\/wp\/v2\/posts\/483094\/revisions"}],"wp:featuredmedia":[{"embeddable":true,"href":"https:\/\/www.europesays.com\/fr\/wp-json\/wp\/v2\/media\/483095"}],"wp:attachment":[{"href":"https:\/\/www.europesays.com\/fr\/wp-json\/wp\/v2\/media?parent=483094"}],"wp:term":[{"taxonomy":"category","embeddable":true,"href":"https:\/\/www.europesays.com\/fr\/wp-json\/wp\/v2\/categories?post=483094"},{"taxonomy":"post_tag","embeddable":true,"href":"https:\/\/www.europesays.com\/fr\/wp-json\/wp\/v2\/tags?post=483094"}],"curies":[{"name":"wp","href":"https:\/\/api.w.org\/{rel}","templated":true}]}}