{"id":483096,"date":"2025-10-22T23:37:16","date_gmt":"2025-10-22T23:37:16","guid":{"rendered":"https:\/\/www.europesays.com\/fr\/483096\/"},"modified":"2025-10-22T23:37:16","modified_gmt":"2025-10-22T23:37:16","slug":"france-un-vitrail-art-deco-unique-pour-le-salon-international-du-patrimoine-culturel","status":"publish","type":"post","link":"https:\/\/www.europesays.com\/fr\/483096\/","title":{"rendered":"France: un vitrail art d\u00e9co unique pour le salon international du patrimoine culturel"},"content":{"rendered":"<p>\n                                                En France, le salon international du patrimoine culturel se tient du 23 au 26 octobre. Plusieurs centaines d&rsquo;exposants se r\u00e9unissent au Carrousel du Louvre, \u00e0 Paris, avec pour objectif la pr\u00e9servation et la transmission du patrimoine. Cette ann\u00e9e, l&rsquo;art d\u00e9co est \u00e0 l&rsquo;honneur. De quoi inspirer la Maison du vitrail, un atelier situ\u00e9 dans le sud de Paris, o\u00f9 les \u00e9quipes travaillent sur une pi\u00e8ce sp\u00e9cifique qui sera expos\u00e9e au salon. Quelques jours avant sa finition, RFI s&rsquo;est rendu \u00e0 l&rsquo;atelier.                    <\/p>\n<p>Emmanuelle Andrieux, ma\u00eetre-verrier et directrice de la Maison du vitrail, nous re\u00e7oit dans sa boutique o\u00f9 sont expos\u00e9es ses cr\u00e9ations. \u00ab\u00a0Vous passez d&rsquo;abord par cette boutique, pour arriver au bout du couloir, sur notre grand atelier de cr\u00e9ation et de restauration de vitraux, o\u00f9 quatorze compagnons \u0153uvrent avec moi, explique-t-elle. Au-del\u00e0 d&rsquo;une \u00e9quipe professionnelle, c&rsquo;est ma famille professionnelle. C&rsquo;est avec eux que je passe le plus clair de mon temps. Mais surtout, on est tous anim\u00e9s par la m\u00eame passion. On est quatorze \u00e0 \u0153uvrer \u00e0 l&rsquo;atelier ou sur les chantiers. On fait aussi bien des monuments historiques que des particuliers, en cr\u00e9ation et en restauration.\u00a0\u00bb\u00a0<\/p>\n<p>Ces quatorze compagnons passionn\u00e9s ont travaill\u00e9 plusieurs semaines sur une pi\u00e8ce art d\u00e9co unique, destin\u00e9e au salon international du patrimoine culturel. \u00ab\u00a0Pour la fabriquer, il a fallu trois semaines. Maintenant, avec tout le travail de dessin, etc, il faut compter un mois, voire un mois et demi. L\u00e0, vous avez des d\u00e9grad\u00e9s de gris \u00e0 certains endroits. Il y a de la feuille d&rsquo;or, il y a plusieurs choses, donc on fait d&rsquo;abord toute cette peinture. Puis, vous avez plusieurs fours. On fait cuire \u00e0 630\u00b0\u00a0\u00bb ,\u00a0raconte Emmanuelle Andrieux<\/p>\n<p class=\"a-read-more\">\u00c0 lire aussi<a href=\"https:\/\/www.rfi.fr\/fr\/emission\/20141129-ecouter-le-chant-verre\" target=\"_self\" class=\"a-read-more__link\" rel=\"noopener\">Ecouter le chant du verre<\/a><\/p>\n<p>Une fois sortis du four et refroidis, les pr\u00e9s de 170 morceaux de verre passent \u00e0 l&rsquo;\u00e9tape de la peinture. \u00ab\u00a0Une fois que les pi\u00e8ces sont sorties du four, il faut tout r\u00e9installer sur le calque. On fait donc un puzzle. Cela fait fonctionner notre m\u00e9moire. On r\u00e9installe toutes les pi\u00e8ces pour voir l&rsquo;ensemble, si cela est coh\u00e9rent. On continue la peinture, s&rsquo;il y a besoin, etc\u00a0\u00bb, explique\u00a0une des compagnons de l&rsquo;atelier.<\/p>\n<p>Et une fois pass\u00e9e cette \u00e9tape de la peinture, les verres sont assembl\u00e9s. Place au sertissage, \u00e9tape assur\u00e9e par Sophie, cheffe d&rsquo;atelier.\u00a0\u00ab\u00a0C&rsquo;est un travail d\u00e9licat. Si on a des pi\u00e8ces tr\u00e8s effil\u00e9es, en aiguille, c&rsquo;est assez d\u00e9licat parce qu&rsquo;on ne peut pas tasser du c\u00f4t\u00e9 o\u00f9 c&rsquo;est tout fin, sinon on casse tout\u00a0\u00bb, confie celle-ci.<\/p>\n<p>La Maison du vitrail a con\u00e7u et r\u00e9alis\u00e9 une \u0153uvre unique arts d\u00e9co qui sublime la lumi\u00e8re. Avec deux autres pi\u00e8ces d&rsquo;exception de l&rsquo;atelier Camuset et F\u00e9au Boiseries, cette \u0153uvre de la Maison du vitrail est expos\u00e9e en triptyque sur un paravent, que les visiteurs peuvent admirer d\u00e8s l&rsquo;entr\u00e9e du salon du patrimoine culturel.<\/p>\n","protected":false},"excerpt":{"rendered":"En France, le salon international du patrimoine culturel se tient du 23 au 26 octobre. Plusieurs centaines d&rsquo;exposants&hellip;\n","protected":false},"author":2,"featured_media":483097,"comment_status":"","ping_status":"","sticky":false,"template":"","format":"standard","meta":{"footnotes":""},"categories":[4],"tags":[11,1348,1011,27,12,5920,25],"class_list":{"0":"post-483096","1":"post","2":"type-post","3":"status-publish","4":"format-standard","5":"has-post-thumbnail","7":"category-france","8":"tag-actualites","9":"tag-arts","10":"tag-fr","11":"tag-france","12":"tag-news","13":"tag-reportage-france","14":"tag-republique-francaise"},"share_on_mastodon":{"url":"https:\/\/pubeurope.com\/@fr\/115420452843083427","error":""},"_links":{"self":[{"href":"https:\/\/www.europesays.com\/fr\/wp-json\/wp\/v2\/posts\/483096","targetHints":{"allow":["GET"]}}],"collection":[{"href":"https:\/\/www.europesays.com\/fr\/wp-json\/wp\/v2\/posts"}],"about":[{"href":"https:\/\/www.europesays.com\/fr\/wp-json\/wp\/v2\/types\/post"}],"author":[{"embeddable":true,"href":"https:\/\/www.europesays.com\/fr\/wp-json\/wp\/v2\/users\/2"}],"replies":[{"embeddable":true,"href":"https:\/\/www.europesays.com\/fr\/wp-json\/wp\/v2\/comments?post=483096"}],"version-history":[{"count":0,"href":"https:\/\/www.europesays.com\/fr\/wp-json\/wp\/v2\/posts\/483096\/revisions"}],"wp:featuredmedia":[{"embeddable":true,"href":"https:\/\/www.europesays.com\/fr\/wp-json\/wp\/v2\/media\/483097"}],"wp:attachment":[{"href":"https:\/\/www.europesays.com\/fr\/wp-json\/wp\/v2\/media?parent=483096"}],"wp:term":[{"taxonomy":"category","embeddable":true,"href":"https:\/\/www.europesays.com\/fr\/wp-json\/wp\/v2\/categories?post=483096"},{"taxonomy":"post_tag","embeddable":true,"href":"https:\/\/www.europesays.com\/fr\/wp-json\/wp\/v2\/tags?post=483096"}],"curies":[{"name":"wp","href":"https:\/\/api.w.org\/{rel}","templated":true}]}}