{"id":483100,"date":"2025-10-22T23:41:11","date_gmt":"2025-10-22T23:41:11","guid":{"rendered":"https:\/\/www.europesays.com\/fr\/483100\/"},"modified":"2025-10-22T23:41:11","modified_gmt":"2025-10-22T23:41:11","slug":"casper-ruud-regle-ses-comptes-avec-tnt-sports","status":"publish","type":"post","link":"https:\/\/www.europesays.com\/fr\/483100\/","title":{"rendered":"Casper Ruud r\u00e8gle ses comptes avec TNT Sports"},"content":{"rendered":"<p>                <img decoding=\"async\" src=\"https:\/\/www.europesays.com\/fr\/wp-content\/uploads\/2025\/10\/UtLT.jpg\" fetchpriority=\"high\" alt=\"\u00ab C'est une fake news \u00bb: Casper Ruud r\u00e8gle ses comptes avec TNT Sports\"\/><\/p>\n<p>Ses propos sur Sinner et Alcaraz ont fait le tour du web\u2026 Mais selon Casper Ruud, tout est faux. Le Norv\u00e9gien s\u2019est insurg\u00e9 contre TNT Sports, d\u00e9non\u00e7ant une d\u00e9claration \u00ab invent\u00e9e de toutes pi\u00e8ces \u00bb.<\/p>\n<p>Ce mercredi, Casper Ruud s\u2019en est pris au m\u00e9dia TNT Sports, diffuseur aux \u00c9tats-Unis de sports comme la NBA, mais qui s\u2019est fait une place dans le monde du tennis cette ann\u00e9e en obtenant les droits de diffusion de Roland-Garros.<\/p>\n<p>Le Norv\u00e9gien, qui a pass\u00e9 le premier tour \u00e0 B\u00e2le contre Quentin Halys (6-1, 7-6), faisait le tour des m\u00e9dias suite \u00e0 une d\u00e9claration \u00e0 propos de Jannik Sinner et Carlos Alcaraz retranscrite par Punto de Break mais aussi Tennis365 :<\/p>\n<p>\u00ab C\u2019est plus dur pour les autres (joueurs), parce que nous ne gagnons pas autant (de matchs) qu\u2019eux. Rebondir apr\u00e8s des d\u00e9faites chaque semaine est un d\u00e9fi. \u00bb<\/p>\n<p>Voyant le c\u00f4t\u00e9 viral de cette d\u00e9claration, Ruud est sorti du silence pour confirmer que ses propos avaient \u00e9t\u00e9 d\u00e9form\u00e9s : \u00ab Je n\u2019ai jamais dit ce que TNT Sports affirme. La vid\u00e9o de la vraie citation existe quelque part. C\u2019est une fake news. \u00bb<\/p>\n<p><strong>Les propos en question avaient \u00e9t\u00e9 extraits d\u2019une conf\u00e9rence de presse \u00e0 Stockholm la semaine derni\u00e8re.<\/strong><\/p>\n","protected":false},"excerpt":{"rendered":"Ses propos sur Sinner et Alcaraz ont fait le tour du web\u2026 Mais selon Casper Ruud, tout est&hellip;\n","protected":false},"author":2,"featured_media":483101,"comment_status":"","ping_status":"","sticky":false,"template":"","format":"standard","meta":{"footnotes":""},"categories":[1415],"tags":[1011,27,60,1467],"class_list":{"0":"post-483100","1":"post","2":"type-post","3":"status-publish","4":"format-standard","5":"has-post-thumbnail","7":"category-tennis","8":"tag-fr","9":"tag-france","10":"tag-sports","11":"tag-tennis"},"share_on_mastodon":{"url":"https:\/\/pubeurope.com\/@fr\/115420469053868274","error":""},"_links":{"self":[{"href":"https:\/\/www.europesays.com\/fr\/wp-json\/wp\/v2\/posts\/483100","targetHints":{"allow":["GET"]}}],"collection":[{"href":"https:\/\/www.europesays.com\/fr\/wp-json\/wp\/v2\/posts"}],"about":[{"href":"https:\/\/www.europesays.com\/fr\/wp-json\/wp\/v2\/types\/post"}],"author":[{"embeddable":true,"href":"https:\/\/www.europesays.com\/fr\/wp-json\/wp\/v2\/users\/2"}],"replies":[{"embeddable":true,"href":"https:\/\/www.europesays.com\/fr\/wp-json\/wp\/v2\/comments?post=483100"}],"version-history":[{"count":0,"href":"https:\/\/www.europesays.com\/fr\/wp-json\/wp\/v2\/posts\/483100\/revisions"}],"wp:featuredmedia":[{"embeddable":true,"href":"https:\/\/www.europesays.com\/fr\/wp-json\/wp\/v2\/media\/483101"}],"wp:attachment":[{"href":"https:\/\/www.europesays.com\/fr\/wp-json\/wp\/v2\/media?parent=483100"}],"wp:term":[{"taxonomy":"category","embeddable":true,"href":"https:\/\/www.europesays.com\/fr\/wp-json\/wp\/v2\/categories?post=483100"},{"taxonomy":"post_tag","embeddable":true,"href":"https:\/\/www.europesays.com\/fr\/wp-json\/wp\/v2\/tags?post=483100"}],"curies":[{"name":"wp","href":"https:\/\/api.w.org\/{rel}","templated":true}]}}