{"id":483104,"date":"2025-10-22T23:44:12","date_gmt":"2025-10-22T23:44:12","guid":{"rendered":"https:\/\/www.europesays.com\/fr\/483104\/"},"modified":"2025-10-22T23:44:12","modified_gmt":"2025-10-22T23:44:12","slug":"f1-le-programme-tv-et-les-horaires-du-grand-prix-de-mexico-2025","status":"publish","type":"post","link":"https:\/\/www.europesays.com\/fr\/483104\/","title":{"rendered":"F1 \u2013 Le programme TV et les horaires du Grand Prix de Mexico 2025"},"content":{"rendered":"<p class=\"p1\">La Formule 1 poursuit sa tourn\u00e9e am\u00e9ricaine avec le Grand Prix de Mexico, disput\u00e9 sur l\u2019Aut\u00f3dromo Hermanos Rodr\u00edguez, qui constitue la 20e manche de la saison 2025.<\/p>\n<p>Pour les fans fran\u00e7ais, les cha\u00eenes du groupe Canal+ restent le diffuseur officiel de la Formule 1. Plus pr\u00e9cis\u00e9ment, les essais libres et les qualifications seront retransmis sur Canal+ Sport, quant au Grand Prix lui-m\u00eame, pr\u00e9vu dimanche, il faudra basculer sur Canal+ Sport 360 pour suivre la course en direct. Attention, nous changerons d\u2019heure ce weekend, il faudra reculer sa montre d\u2019une heure dans la nuit de samedi \u00e0 dimanche.\u00a0<\/p>\n<p>Retrouvez le programme complet et les horaires du GP de Mexico de Formule 1.<\/p>\n<tr>\nJour<br \/>\nS\u00e9ance<br \/>\nHeure fran\u00e7aise<br \/>\nChaine<br \/>\n<\/tr>\n<tr>\n<td style=\"width: 80px;\">Vendredi<\/td>\n<td class=\"widerfirsttablecell\" style=\"width: 109px;\">Essais libres 1<\/td>\n<td class=\"time text-right uk-date\" style=\"width: 136px;\">20h30 \u2013 21h30<\/td>\n<td style=\"width: 4px;\">Canal+ Sport<\/td>\n<\/tr>\n<tr>\n<td style=\"width: 80px;\">Vendredi<\/td>\n<td class=\"widerfirsttablecell\" style=\"width: 109px;\">Essais Libres 2<\/td>\n<td class=\"time text-right uk-date\" style=\"width: 136px;\">00h00 \u2013 01h00<\/td>\n<td style=\"width: 4px;\">Canal+ Sport<\/td>\n<\/tr>\n<tr>\n<td style=\"width: 80px;\">Samedi<\/td>\n<td class=\"widerfirsttablecell\" style=\"width: 109px;\">Essais Libres 3<\/td>\n<td class=\"time text-right uk-date\" style=\"width: 136px;\">19h30 \u2013 20h30<\/td>\n<td style=\"width: 4px;\">Canal+ Sport<\/td>\n<\/tr>\n<tr>\n<td style=\"width: 80px;\">Samedi<\/td>\n<td class=\"widerfirsttablecell\" style=\"width: 109px;\">Qualifications<\/td>\n<td class=\"time text-right uk-date\" style=\"width: 136px;\">23h00 \u2013 00h00<\/td>\n<td style=\"width: 4px;\">Canal+ Sport<\/td>\n<\/tr>\n<tr>\n<td style=\"width: 80px;\">Dimanche\u00a0<\/td>\n<td class=\"widerfirsttablecell\" style=\"width: 109px;\">Course<\/td>\n<td class=\"time text-right uk-date\" style=\"width: 136px;\">21h00<\/td>\n<td style=\"width: 4px;\">Canal+ Sport 360<\/td>\n<\/tr>\n","protected":false},"excerpt":{"rendered":"La Formule 1 poursuit sa tourn\u00e9e am\u00e9ricaine avec le Grand Prix de Mexico, disput\u00e9 sur l\u2019Aut\u00f3dromo Hermanos Rodr\u00edguez,&hellip;\n","protected":false},"author":2,"featured_media":483105,"comment_status":"","ping_status":"","sticky":false,"template":"","format":"standard","meta":{"footnotes":""},"categories":[1412],"tags":[5080,5081,1451,5083,5084,5085,5086,5087,5088,1452,1453,1454,1455,1011,27,5089,5090,60,5091,3030],"class_list":{"0":"post-483104","1":"post","2":"type-post","3":"status-publish","4":"format-standard","5":"has-post-thumbnail","7":"category-f1","8":"tag-actualites-f1","9":"tag-actuf1","10":"tag-f1","11":"tag-f1-actu","12":"tag-f1-direct","13":"tag-f1-live","14":"tag-f1-news","15":"tag-f1news","16":"tag-fia","17":"tag-formula-1","18":"tag-formula1","19":"tag-formule-1","20":"tag-formule1","21":"tag-fr","22":"tag-france","23":"tag-news-f1","24":"tag-newsf1","25":"tag-sports","26":"tag-tip","27":"tag-top"},"share_on_mastodon":{"url":"https:\/\/pubeurope.com\/@fr\/115420480463723103","error":""},"_links":{"self":[{"href":"https:\/\/www.europesays.com\/fr\/wp-json\/wp\/v2\/posts\/483104","targetHints":{"allow":["GET"]}}],"collection":[{"href":"https:\/\/www.europesays.com\/fr\/wp-json\/wp\/v2\/posts"}],"about":[{"href":"https:\/\/www.europesays.com\/fr\/wp-json\/wp\/v2\/types\/post"}],"author":[{"embeddable":true,"href":"https:\/\/www.europesays.com\/fr\/wp-json\/wp\/v2\/users\/2"}],"replies":[{"embeddable":true,"href":"https:\/\/www.europesays.com\/fr\/wp-json\/wp\/v2\/comments?post=483104"}],"version-history":[{"count":0,"href":"https:\/\/www.europesays.com\/fr\/wp-json\/wp\/v2\/posts\/483104\/revisions"}],"wp:featuredmedia":[{"embeddable":true,"href":"https:\/\/www.europesays.com\/fr\/wp-json\/wp\/v2\/media\/483105"}],"wp:attachment":[{"href":"https:\/\/www.europesays.com\/fr\/wp-json\/wp\/v2\/media?parent=483104"}],"wp:term":[{"taxonomy":"category","embeddable":true,"href":"https:\/\/www.europesays.com\/fr\/wp-json\/wp\/v2\/categories?post=483104"},{"taxonomy":"post_tag","embeddable":true,"href":"https:\/\/www.europesays.com\/fr\/wp-json\/wp\/v2\/tags?post=483104"}],"curies":[{"name":"wp","href":"https:\/\/api.w.org\/{rel}","templated":true}]}}