{"id":483106,"date":"2025-10-22T23:45:13","date_gmt":"2025-10-22T23:45:13","guid":{"rendered":"https:\/\/www.europesays.com\/fr\/483106\/"},"modified":"2025-10-22T23:45:13","modified_gmt":"2025-10-22T23:45:13","slug":"wout-poels-signe-dans-une-equipe-francaise-actualite","status":"publish","type":"post","link":"https:\/\/www.europesays.com\/fr\/483106\/","title":{"rendered":"Wout Poels signe dans une \u00e9quipe fran\u00e7aise &#8211; Actualit\u00e9"},"content":{"rendered":"<p style=\"text-align: justify;\">Wout Poels \u00e9voluera la saison prochaine au sein de la ProTeam fran\u00e7aise Unibet Rose Rockets. Il arrive de chez XDS Astana, apr\u00e8s cinq ans chez Bahrain Victorious.<\/p>\n<p>Cette saison, le N\u00e9erlandais a remport\u00e9 une \u00e9tape et le g\u00e9n\u00e9ral du Tour de Turquie (2.Pro). Il a pris par ailleurs la 7e place du Tour d\u2019Oman (2.Pro) et la 18e du Tour de Catalogne (2.UWT). Il a particip\u00e9 \u00e0 deux Grands Tours, le Giro et la Vuelta.<\/p>\n<p>Pour rappel, le coureur de 38 ans compte \u00e0 son palmar\u00e8s Li\u00e8ge-Bastogne-Li\u00e8ge, une \u00e9tape du Tour de France et deux du Tour d\u2019Espagne.<\/p>\n<p>L&rsquo;ancien coureur du Team Sky est\u00a0<strong><a href=\"https:\/\/www.directvelo.com\/equipe\/9048\/unibet-tietema-rockets\" target=\"_blank\" rel=\"noopener\">la sixi\u00e8me recrue<\/a><\/strong> de l&rsquo;\u00e9quipe\u00a0dirig\u00e9e par son compatriote Bas Tietiema.<\/p>\n<p>Retrouvez tous les transferts de l\u2019intersaison 2025-2026<strong>\u00a0<a href=\"https:\/\/www.directvelo.com\/mutations\/2026#teams-pro\" target=\"_blank\" rel=\"noopener\">en cliquant ici<\/a>.<\/strong><\/p>\n","protected":false},"excerpt":{"rendered":"Wout Poels \u00e9voluera la saison prochaine au sein de la ProTeam fran\u00e7aise Unibet Rose Rockets. Il arrive de&hellip;\n","protected":false},"author":2,"featured_media":483107,"comment_status":"","ping_status":"","sticky":false,"template":"","format":"standard","meta":{"footnotes":""},"categories":[1411],"tags":[834,828,836,829,837,827,83,826,824,823,1154,207,814,817,815,816,822,821,832,211,839,1011,27,820,818,819,835,831,830,833,838,60,212,208,825],"class_list":{"0":"post-483106","1":"post","2":"type-post","3":"status-publish","4":"format-standard","5":"has-post-thumbnail","7":"category-cyclisme","8":"tag-attaque","9":"tag-belgique","10":"tag-braquet","11":"tag-bretagne","12":"tag-chute","13":"tag-competition","14":"tag-coupe-de-france","15":"tag-coureur","16":"tag-course-cyclisme","17":"tag-course-cycliste","18":"tag-cycling","19":"tag-cyclisme","20":"tag-direct","21":"tag-direct-velo","22":"tag-directvelo","23":"tag-directvelo-com","24":"tag-epreuve","25":"tag-epreuve-cycliste","26":"tag-federation-francaise-de-cyclisme","27":"tag-ffc","28":"tag-flandres","29":"tag-fr","30":"tag-france","31":"tag-live","32":"tag-live-course","33":"tag-live-epreuve","34":"tag-peloton","35":"tag-radio-peloton","36":"tag-radio-tour","37":"tag-ravitaillement","38":"tag-relance","39":"tag-sports","40":"tag-uci","41":"tag-velo","42":"tag-velos"},"share_on_mastodon":{"url":"https:\/\/pubeurope.com\/@fr\/115420484394289816","error":""},"_links":{"self":[{"href":"https:\/\/www.europesays.com\/fr\/wp-json\/wp\/v2\/posts\/483106","targetHints":{"allow":["GET"]}}],"collection":[{"href":"https:\/\/www.europesays.com\/fr\/wp-json\/wp\/v2\/posts"}],"about":[{"href":"https:\/\/www.europesays.com\/fr\/wp-json\/wp\/v2\/types\/post"}],"author":[{"embeddable":true,"href":"https:\/\/www.europesays.com\/fr\/wp-json\/wp\/v2\/users\/2"}],"replies":[{"embeddable":true,"href":"https:\/\/www.europesays.com\/fr\/wp-json\/wp\/v2\/comments?post=483106"}],"version-history":[{"count":0,"href":"https:\/\/www.europesays.com\/fr\/wp-json\/wp\/v2\/posts\/483106\/revisions"}],"wp:featuredmedia":[{"embeddable":true,"href":"https:\/\/www.europesays.com\/fr\/wp-json\/wp\/v2\/media\/483107"}],"wp:attachment":[{"href":"https:\/\/www.europesays.com\/fr\/wp-json\/wp\/v2\/media?parent=483106"}],"wp:term":[{"taxonomy":"category","embeddable":true,"href":"https:\/\/www.europesays.com\/fr\/wp-json\/wp\/v2\/categories?post=483106"},{"taxonomy":"post_tag","embeddable":true,"href":"https:\/\/www.europesays.com\/fr\/wp-json\/wp\/v2\/tags?post=483106"}],"curies":[{"name":"wp","href":"https:\/\/api.w.org\/{rel}","templated":true}]}}