{"id":483108,"date":"2025-10-22T23:46:13","date_gmt":"2025-10-22T23:46:13","guid":{"rendered":"https:\/\/www.europesays.com\/fr\/483108\/"},"modified":"2025-10-22T23:46:13","modified_gmt":"2025-10-22T23:46:13","slug":"decouvrez-le-classement-du-centre-de-formation-dans","status":"publish","type":"post","link":"https:\/\/www.europesays.com\/fr\/483108\/","title":{"rendered":"D\u00e9couvrez le classement du centre de formation dans&#8230;"},"content":{"rendered":"<p><img width=\"780\" height=\"470\" src=\"https:\/\/www.europesays.com\/fr\/wp-content\/uploads\/2025\/10\/Quentin-Ndjantou-lors-de-PSG-Atalanta-en-Youth-League-2139437-780x470.jpg\" class=\"attachment-jannah-image-post size-jannah-image-post wp-post-image\" alt=\"Quentin Ndjantou\" is_main_img=\"1\" decoding=\"async\" fetchpriority=\"high\"\/><br \/>\n Image : RMC<br \/>\nSport<\/p>\n<p>Le <strong>CIES<\/strong> a class\u00e9 les centres de formation<br \/>\ndu monde entier. La publication de celui-ci a \u00e9t\u00e9 faite aujourd\u2019hui<br \/>\net le <strong>Paris Saint-Germain<\/strong> est le premier club<br \/>\nfran\u00e7ais \u00e0 y figurer.<\/p>\n<p>Le <strong>Centre International d\u2019Etude du Sport<\/strong><br \/>\n(<strong>CIES<\/strong>) publie r\u00e9guli\u00e8rement des \u00e9tudes autour du<br \/>\nsport et du football. Chaque ann\u00e9e, l\u2019entit\u00e9 classe les meilleurs<br \/>\ncentres de formation au monde et c\u2019est chose faite ce mercredi 22<br \/>\noctobre. Le clubs formateurs sont \u00ab\u00a0d\u00e9finis comme les<br \/>\npremi\u00e8res \u00e9quipes au sein desquelles les footballeurs ont jou\u00e9 au<br \/>\nmoins trois ans entre les saisons de leur 15\u00e8me et 21\u00e8me<br \/>\nanniversaires (comprises)\u00ab\u00a0, comme le relate le<br \/>\n<strong>CIES<\/strong> sur son site officiel. Ce dernier \u00e9voque<br \/>\n\u00e9galement les crit\u00e8res du classement : \u00ab\u00a0Selon un indice<br \/>\nde formation prenant en compte le nombre de footballeurs form\u00e9s,<br \/>\nle\u00a0niveau\u00a0de leurs clubs d\u2019emploi de la derni\u00e8re ann\u00e9e et<br \/>\nles minutes dans des matchs officiels lors de ce m\u00eame laps de<br \/>\ntemps\u00ab\u00a0. Dans ce classement, le <strong><a href=\"https:\/\/canal-supporters.com\/\" target=\"_blank\" rel=\"noopener\">Paris Saint-Germain<\/a><\/strong>,<br \/>\npremier club fran\u00e7ais \u00e0 y figurer, est \u00e0 la 19e position.<br \/>\nL\u2019<strong>Olympique Lyonnais<\/strong>, 34e, est le deuxi\u00e8me club<br \/>\nfran\u00e7ais ) \u00eatre class\u00e9, devant le <strong>Stade Rennais<\/strong>,<br \/>\n44e.<\/p>\n<p>Le top 20 du<br \/>\nclassement<\/p>\n<ul class=\"wp-block-list\">\n<li>SL Benfica<\/li>\n<li>FC Barcelone<\/li>\n<li>River Plate<\/li>\n<li>Ajax Amsterdam<\/li>\n<li>Boca Juniors<\/li>\n<li>Sporting Portugal<\/li>\n<li>Dinamo Zagreb<\/li>\n<li>Defensor SC<\/li>\n<li>Real Madrid<\/li>\n<li>V\u00e9lez Sarsfield<\/li>\n<li>Crvena Zvezda<\/li>\n<li>Sao Paulo<\/li>\n<li>Dynamo Kyiv<\/li>\n<li>SC Corinthians<\/li>\n<li>CR Flamengo<\/li>\n<li>CA San Lorenzo<\/li>\n<li>Club Nacional<\/li>\n<li>SE Palmeiras<\/li>\n<li><strong>Paris Saint-Germain<\/strong><\/li>\n<li>Atl\u00e9tico Nacional<\/li>\n<\/ul>\n<p>Pour retrouver le classement complet sur une base de 49<br \/>\nchampionnats dans le monde, rendez-vous sur le site du<br \/>\n<strong>CIES<\/strong> : <a href=\"https:\/\/football-observatory.com\/Meilleures-academies-Benfica-au-sommet-2046\" target=\"_blank\" rel=\"noopener\"><br \/>\nici<\/a>.<\/p>\n<\/p>\n<p>YouTube : <a href=\"https:\/\/www.youtube.com\/watch?v=6rblhwzJ6u4\" target=\"_blank\" rel=\"noopener\">Canal Supporters<br \/>\nParis<\/a><\/p>\n","protected":false},"excerpt":{"rendered":"Image : RMC Sport Le CIES a class\u00e9 les centres de formation du monde entier. La publication de&hellip;\n","protected":false},"author":2,"featured_media":483109,"comment_status":"","ping_status":"","sticky":false,"template":"","format":"standard","meta":{"footnotes":""},"categories":[1410],"tags":[81,14995,60637,60638,63,1011,27,38253,91,92,93,60,36999,1618,96],"class_list":{"0":"post-483108","1":"post","2":"type-post","3":"status-publish","4":"format-standard","5":"has-post-thumbnail","7":"category-football","8":"tag-canal-supporters","9":"tag-centre-de-formation","10":"tag-centre-de-formation-du-psg","11":"tag-cies","12":"tag-football","13":"tag-fr","14":"tag-france","15":"tag-jeunes-du-psg","16":"tag-paris-saint-germain","17":"tag-paris-sg","18":"tag-psg","19":"tag-sports","20":"tag-titi-du-psg","21":"tag-titis-parisiens","22":"tag-une"},"share_on_mastodon":{"url":"https:\/\/pubeurope.com\/@fr\/115420488927053083","error":""},"_links":{"self":[{"href":"https:\/\/www.europesays.com\/fr\/wp-json\/wp\/v2\/posts\/483108","targetHints":{"allow":["GET"]}}],"collection":[{"href":"https:\/\/www.europesays.com\/fr\/wp-json\/wp\/v2\/posts"}],"about":[{"href":"https:\/\/www.europesays.com\/fr\/wp-json\/wp\/v2\/types\/post"}],"author":[{"embeddable":true,"href":"https:\/\/www.europesays.com\/fr\/wp-json\/wp\/v2\/users\/2"}],"replies":[{"embeddable":true,"href":"https:\/\/www.europesays.com\/fr\/wp-json\/wp\/v2\/comments?post=483108"}],"version-history":[{"count":0,"href":"https:\/\/www.europesays.com\/fr\/wp-json\/wp\/v2\/posts\/483108\/revisions"}],"wp:featuredmedia":[{"embeddable":true,"href":"https:\/\/www.europesays.com\/fr\/wp-json\/wp\/v2\/media\/483109"}],"wp:attachment":[{"href":"https:\/\/www.europesays.com\/fr\/wp-json\/wp\/v2\/media?parent=483108"}],"wp:term":[{"taxonomy":"category","embeddable":true,"href":"https:\/\/www.europesays.com\/fr\/wp-json\/wp\/v2\/categories?post=483108"},{"taxonomy":"post_tag","embeddable":true,"href":"https:\/\/www.europesays.com\/fr\/wp-json\/wp\/v2\/tags?post=483108"}],"curies":[{"name":"wp","href":"https:\/\/api.w.org\/{rel}","templated":true}]}}