{"id":483112,"date":"2025-10-22T23:48:13","date_gmt":"2025-10-22T23:48:13","guid":{"rendered":"https:\/\/www.europesays.com\/fr\/483112\/"},"modified":"2025-10-22T23:48:13","modified_gmt":"2025-10-22T23:48:13","slug":"quand-il-faut-faire-vite-le-fabricant-du-monte-charge-fait-de-lhumour","status":"publish","type":"post","link":"https:\/\/www.europesays.com\/fr\/483112\/","title":{"rendered":"\u00ab\u00a0Quand il faut faire vite\u00a0\u00bb\u2026 Le fabricant du monte-charge fait de l\u2019humour"},"content":{"rendered":"<p>Apr\u00e8s le spectaculaire cambriolage du <a href=\"https:\/\/www.20minutes.fr\/dossier\/louvre\" target=\"_blank\" class=\"c-link c-link--is-underlined\" rel=\"noopener\">Louvre<\/a>, une entreprise <a href=\"https:\/\/www.20minutes.fr\/dossier\/allemagne\" target=\"_blank\" class=\"c-link c-link--is-underlined\" rel=\"noopener\">allemande<\/a> a choisi d\u2019en tirer parti\u2026 avec humour. Le constructeur du monte-charge utilis\u00e9 par les voleurs a publi\u00e9 sur les r\u00e9seaux sociaux une publicit\u00e9 pour son appareil.<\/p>\n<p>Bas\u00e9e \u00e0 Werne, pr\u00e8s de <a href=\"https:\/\/www.20minutes.fr\/sport\/dortmund\/\" target=\"_blank\" class=\"c-link c-link--is-underlined\" rel=\"noopener\">Dortmund<\/a>, la soci\u00e9t\u00e9 B\u00f6cker a diffus\u00e9 sur Instagram, Facebook et LinkedIn une photo de son monte-charge \u2013 celle-l\u00e0 m\u00eame prise par l\u2019AFP le jour du vol \u2013 appuy\u00e9 contre la fa\u00e7ade du mus\u00e9e. En l\u00e9gende, une phrase provocante\u00a0: \u00ab\u00a0Le B\u00f6cker Agilo peut transporter jusqu\u2019\u00e0 400 kilos de tr\u00e9sors, \u00e0 une vitesse de 42 m\u00e8tres par minute, gr\u00e2ce \u00e0 un moteur aussi silencieux qu\u2019un murmure.\u00a0\u00bb<\/p>\n<\/p>\n<p>\u00ab\u00a0Nous avons pris cela avec un peu d\u2019humour\u00a0\u00bb<\/p>\n<p>Le patron de l\u2019<a href=\"https:\/\/www.20minutes.fr\/dossier\/entreprise\" target=\"_blank\" class=\"c-link c-link--is-underlined\" rel=\"noopener\">entreprise<\/a>, Alexander B\u00f6cker, a expliqu\u00e9 \u00e0 l\u2019AFP avoir vendu cet appareil \u00ab\u00a0il y a quelques ann\u00e9es \u00e0 un client fran\u00e7ais qui loue ce type d\u2019\u00e9quipements \u00e0 Paris et sa r\u00e9gion\u00a0\u00bb. Selon lui, ce dernier \u00ab\u00a0s\u2019est fait voler le monte-charge la semaine derni\u00e8re lors d\u2019une d\u00e9monstration par les auteurs pr\u00e9sum\u00e9s du <a href=\"https:\/\/www.20minutes.fr\/dossier\/cambriolage\" target=\"_blank\" class=\"c-link c-link--is-underlined\" rel=\"noopener\">cambriolage<\/a>\u00a0\u00bb. Les malfaiteurs auraient ensuite \u00ab\u00a0retir\u00e9 le logo du client et chang\u00e9 la plaque d\u2019immatriculation\u00a0\u00bb avant de l\u2019utiliser pour acc\u00e9der au Louvre.<\/p>\n<p class=\"mb-xxl@xs color-ultramarine font-weight-semi-bold@xs font-source-serif-pro heading-s@xs\">L\u2019acc\u00e8s \u00e0 ce contenu a \u00e9t\u00e9 bloqu\u00e9 afin de respecter votre choix de consentement<\/p>\n<p class=\"mb-m@xs text-l@xs\">En cliquant sur\u00ab J\u2019accepte \u00bb, vous acceptez le d\u00e9p\u00f4t de cookies par des services externes et aurez ainsi acc\u00e8s aux contenus de nos partenaires.<\/p>\n<p class=\"mb-xl@xs text-s@xs\">Plus d\u2019informations sur la page<a href=\"https:\/\/www.20minutes.fr\/gestion-cookies\" class=\"mx-xxs@xs color-ultramarine\" target=\"_blank\" rel=\"noopener\">Politique de gestion des cookies<\/a><\/p>\n<p>J\u2019accepte<\/p>\n<p>En d\u00e9couvrant les images du vol dans les m\u00e9dias dimanche midi, Alexander B\u00f6cker et son \u00e9pouse ont imm\u00e9diatement reconnu leur produit. \u00ab\u00a0Quand il est apparu clairement que personne n\u2019avait \u00e9t\u00e9 bless\u00e9 lors du braquage, nous avons pris cela avec un peu d\u2019humour et commenc\u00e9 \u00e0 r\u00e9fl\u00e9chir \u00e0 la mani\u00e8re dont nous pourrions peut-\u00eatre utiliser cela\u00a0\u00bb, raconte le dirigeant.<\/p>\n<p><a href=\"https:\/\/www.20minutes.fr\/dossier\/cambriolage\" target=\"_blank\" class=\"c-link c-btn c-btn--primary\" rel=\"noopener\">Notre dossier sur les cambriolages<\/a><\/p>\n<p>L\u2019homme d\u2019affaires, petit-fils du fondateur de l\u2019entreprise, assume cette communication jug\u00e9e d\u00e9plac\u00e9e par certains\u00a0: \u00ab\u00a0Bien s\u00fbr, cet acte est absolument condamnable, nous en sommes tout \u00e0 fait conscients\u00a0\u00bb, affirme-t-il. Mais il reconna\u00eet aussi avoir voulu \u00ab\u00a0profiter de la notori\u00e9t\u00e9 du mus\u00e9e le plus c\u00e9l\u00e8bre et le plus visit\u00e9 au monde pour attirer un peu l\u2019attention sur notre entreprise\u00a0\u00bb.<\/p>\n","protected":false},"excerpt":{"rendered":"Apr\u00e8s le spectaculaire cambriolage du Louvre, une entreprise allemande a choisi d\u2019en tirer parti\u2026 avec humour. Le constructeur&hellip;\n","protected":false},"author":2,"featured_media":483113,"comment_status":"","ping_status":"","sticky":false,"template":"","format":"standard","meta":{"footnotes":""},"categories":[1358],"tags":[47,672,1348,1384,1385,1174,1386,58,8099,59,257,1011,27,11274,938,104,10912],"class_list":{"0":"post-483112","1":"post","2":"type-post","3":"status-publish","4":"format-standard","5":"has-post-thumbnail","7":"category-arts-et-design","8":"tag-actualite","9":"tag-allemagne","10":"tag-arts","11":"tag-arts-and-design","12":"tag-arts-et-design","13":"tag-cambriolage","14":"tag-design","15":"tag-divertissement","16":"tag-dortmund","17":"tag-entertainment","18":"tag-entreprise","19":"tag-fr","20":"tag-france","21":"tag-louvre","22":"tag-reseaux-sociaux","23":"tag-societe","24":"tag-voleur"},"share_on_mastodon":{"url":"https:\/\/pubeurope.com\/@fr\/115420496235430054","error":""},"_links":{"self":[{"href":"https:\/\/www.europesays.com\/fr\/wp-json\/wp\/v2\/posts\/483112","targetHints":{"allow":["GET"]}}],"collection":[{"href":"https:\/\/www.europesays.com\/fr\/wp-json\/wp\/v2\/posts"}],"about":[{"href":"https:\/\/www.europesays.com\/fr\/wp-json\/wp\/v2\/types\/post"}],"author":[{"embeddable":true,"href":"https:\/\/www.europesays.com\/fr\/wp-json\/wp\/v2\/users\/2"}],"replies":[{"embeddable":true,"href":"https:\/\/www.europesays.com\/fr\/wp-json\/wp\/v2\/comments?post=483112"}],"version-history":[{"count":0,"href":"https:\/\/www.europesays.com\/fr\/wp-json\/wp\/v2\/posts\/483112\/revisions"}],"wp:featuredmedia":[{"embeddable":true,"href":"https:\/\/www.europesays.com\/fr\/wp-json\/wp\/v2\/media\/483113"}],"wp:attachment":[{"href":"https:\/\/www.europesays.com\/fr\/wp-json\/wp\/v2\/media?parent=483112"}],"wp:term":[{"taxonomy":"category","embeddable":true,"href":"https:\/\/www.europesays.com\/fr\/wp-json\/wp\/v2\/categories?post=483112"},{"taxonomy":"post_tag","embeddable":true,"href":"https:\/\/www.europesays.com\/fr\/wp-json\/wp\/v2\/tags?post=483112"}],"curies":[{"name":"wp","href":"https:\/\/api.w.org\/{rel}","templated":true}]}}