{"id":483114,"date":"2025-10-22T23:49:15","date_gmt":"2025-10-22T23:49:15","guid":{"rendered":"https:\/\/www.europesays.com\/fr\/483114\/"},"modified":"2025-10-22T23:49:15","modified_gmt":"2025-10-22T23:49:15","slug":"saint-saturnin-de-lenne-beau-succes-pour-le-deuxieme-salon-du-livre-avant-dattaquer-une-nouvelle-page","status":"publish","type":"post","link":"https:\/\/www.europesays.com\/fr\/483114\/","title":{"rendered":"Saint-Saturnin-de-Lenne. Beau succ\u00e8s pour le deuxi\u00e8me salon du livre avant d\u2019attaquer une nouvelle page"},"content":{"rendered":"<p>Un beau succ\u00e8s pour le deuxi\u00e8me Salon du livre de Saint-Saturnin-de-Lenne.<\/p>\n<p>Dimanche 19 octobre, la salle des f\u00eates de Saint-Saturnin-de-Lenne a vibr\u00e9 au rythme des mots, des images et des rencontres \u00e0 l\u2019occasion de la deuxi\u00e8me \u00e9dition de son salon du livre, organis\u00e9 par l\u2019association l\u2019\u00c9lan. Cet \u00e9v\u00e9nement a tenu ses promesses en rassemblant un public int\u00e9ress\u00e9, des amateurs de litt\u00e9rature, et une vingtaine d\u2019auteurs et plasticiens venus partager leur univers.<\/p>\n<p>De 10 heures \u00e0 17 heures, ce salon a \u00e9t\u00e9 le th\u00e9\u00e2tre d\u2019\u00e9changes chaleureux entre lecteurs et exposants. D\u00e9dicaces, discussions et belles d\u00e9couvertes : chaque stand \u00e9tait une invitation \u00e0 voyager \u00e0 travers les genres et les imaginaires. Romans, essais, po\u00e9sies, contes, ouvrages jeunesse, photographies ou encore livres sur le patrimoine : la diversit\u00e9 des \u0153uvres pr\u00e9sent\u00e9es a su s\u00e9duire les visiteurs.<\/p>\n<p>Cette journ\u00e9e, plac\u00e9e sous le signe de la culture et de la convivialit\u00e9, confirme le r\u00f4le essentiel du livre comme lien entre les g\u00e9n\u00e9rations et t\u00e9moigne d\u2019un territoire vivant et cr\u00e9atif.<\/p>\n<p>Un grand bravo \u00e0 l\u2019association L\u2019\u00c9lan pour cette seconde \u00e9dition, qui donne d\u00e9j\u00e0 envie de se retrouver l\u2019ann\u00e9e prochaine.<\/p>\n","protected":false},"excerpt":{"rendered":"Un beau succ\u00e8s pour le deuxi\u00e8me Salon du livre de Saint-Saturnin-de-Lenne. Dimanche 19 octobre, la salle des f\u00eates&hellip;\n","protected":false},"author":2,"featured_media":483115,"comment_status":"","ping_status":"","sticky":false,"template":"","format":"standard","meta":{"footnotes":""},"categories":[1357],"tags":[1379,58,59,1011,27,1380],"class_list":{"0":"post-483114","1":"post","2":"type-post","3":"status-publish","4":"format-standard","5":"has-post-thumbnail","7":"category-livres","8":"tag-books","9":"tag-divertissement","10":"tag-entertainment","11":"tag-fr","12":"tag-france","13":"tag-livres"},"share_on_mastodon":{"url":"https:\/\/pubeurope.com\/@fr\/115420500054847271","error":""},"_links":{"self":[{"href":"https:\/\/www.europesays.com\/fr\/wp-json\/wp\/v2\/posts\/483114","targetHints":{"allow":["GET"]}}],"collection":[{"href":"https:\/\/www.europesays.com\/fr\/wp-json\/wp\/v2\/posts"}],"about":[{"href":"https:\/\/www.europesays.com\/fr\/wp-json\/wp\/v2\/types\/post"}],"author":[{"embeddable":true,"href":"https:\/\/www.europesays.com\/fr\/wp-json\/wp\/v2\/users\/2"}],"replies":[{"embeddable":true,"href":"https:\/\/www.europesays.com\/fr\/wp-json\/wp\/v2\/comments?post=483114"}],"version-history":[{"count":0,"href":"https:\/\/www.europesays.com\/fr\/wp-json\/wp\/v2\/posts\/483114\/revisions"}],"wp:featuredmedia":[{"embeddable":true,"href":"https:\/\/www.europesays.com\/fr\/wp-json\/wp\/v2\/media\/483115"}],"wp:attachment":[{"href":"https:\/\/www.europesays.com\/fr\/wp-json\/wp\/v2\/media?parent=483114"}],"wp:term":[{"taxonomy":"category","embeddable":true,"href":"https:\/\/www.europesays.com\/fr\/wp-json\/wp\/v2\/categories?post=483114"},{"taxonomy":"post_tag","embeddable":true,"href":"https:\/\/www.europesays.com\/fr\/wp-json\/wp\/v2\/tags?post=483114"}],"curies":[{"name":"wp","href":"https:\/\/api.w.org\/{rel}","templated":true}]}}