{"id":483116,"date":"2025-10-22T23:50:28","date_gmt":"2025-10-22T23:50:28","guid":{"rendered":"https:\/\/www.europesays.com\/fr\/483116\/"},"modified":"2025-10-22T23:50:28","modified_gmt":"2025-10-22T23:50:28","slug":"un-pincement-au-coeur-cyril-hanouna-appelle-un-ancien-chroniqueur-de-tpmp-en-direct-dans-tbt9","status":"publish","type":"post","link":"https:\/\/www.europesays.com\/fr\/483116\/","title":{"rendered":"Un pincement au c\u0153ur\u2026\u00a0\u00bb : Cyril Hanouna appelle un ancien chroniqueur de \u00ab\u00a0TPMP\u00a0\u00bb en direct dans \u00ab\u00a0TBT9"},"content":{"rendered":"<p>Mercredi 22 octobre 2025 restera une date marquante pour les fans de la bande de Touche pas \u00e0 mon poste (TPMP). En direct de son nouveau talk-show <strong>Tout beau, tout neuf<\/strong> sur W9, Cyril Hanouna a surpris tout le monde en passant un coup de fil en plateau \u00e0 son ancien complice et chroniqueur embl\u00e9matique : <a href=\"https:\/\/www.public.fr\/accrochez-vous-evince-de-la-nouvelle-emission-de-cyril-hanouna-bernard-montiel-met-en-garde-les-nouveaux-chroniqueurs\" target=\"_blank\" rel=\"noopener\">Bernard Montiel<\/a>. Un appel plein d\u2019\u00e9motion, de nostalgie, mais surtout d\u2019amiti\u00e9 sinc\u00e8re\u2026<\/p>\n<p>TBT9 : une bande de chroniqueurs toujours soud\u00e9e<\/p>\n<p>Depuis la disparition de <strong>C8 en mars dernier<\/strong>, le paysage audiovisuel fran\u00e7ais a \u00e9t\u00e9 profond\u00e9ment chamboul\u00e9. Et si beaucoup pensaient que <strong>l\u2019\u00e8re TPMP<\/strong> \u00e9tait bel et bien r\u00e9volue, Cyril Hanouna a prouv\u00e9 le contraire avec son retour remarqu\u00e9 sur <strong>W9<\/strong> d\u00e8s la rentr\u00e9e de septembre.<\/p>\n<p>Malgr\u00e9 cette renaissance t\u00e9l\u00e9visuelle, de nombreux chroniqueurs phares du programme n\u2019ont pas suivi \u00ab\u00a0Baba\u00a0\u00bb dans cette nouvelle aventure. Parmi eux, <a href=\"https:\/\/www.public.fr\/bernard-montiel-et-cyril-hanouna-cest-fini-le-chroniqueur-debarquerait-sur-france-televisions\" target=\"_blank\" rel=\"noopener\"><strong>Bernard Montiel<\/strong>, qui a choisi de prendre un autre virage <\/a>en se consacrant \u00e0 une cause qui lui est ch\u00e8re : la d\u00e9fense des animaux. L\u2019ex-animateur de <strong>Vid\u00e9o Gag<\/strong> pr\u00e9pare son grand retour sur France 3 avec <strong>\u00ab\u00a0Animalement v\u00f4tre\u00a0\u00bb<\/strong>, une \u00e9mission hebdomadaire attendue d\u00e8s le <strong>dimanche 9 novembre<\/strong>.<\/p>\n<p>L\u2019appel surprise de Cyril \u00e0 Bernard en plein direct<\/p>\n<p>Ce mercredi 22 octobre, alors qu\u2019il \u00e9voquait les nouveaut\u00e9s du PAF sur le plateau de Tout beau, tout neuf, <strong>Cyril Hanouna<\/strong> a tenu \u00e0 saluer le retour imminent de son ancien acolyte. \u00ab\u00a0Je l\u2019adore&#8230; Je l\u2019ai vu la derni\u00e8re fois au resto\u00a0\u00bb, confie-t-il \u00e0 ses invit\u00e9s et \u00e0 son public, le sourire aux l\u00e8vres.<\/p>\n<p>Dans la foul\u00e9e, l\u2019animateur-star d\u00e9croche son t\u00e9l\u00e9phone et compose le num\u00e9ro de Bernard Montiel. Une s\u00e9quence \u00e0 la fois dr\u00f4le et \u00e9mouvante. \u00c0 l\u2019autre bout du fil, <strong>Bernard r\u00e9pond, visiblement touch\u00e9 par l\u2019attention <\/strong>: \u00ab\u00a0C\u2019est gentil d\u2019en parler, \u00e7a me fait plaisir, \u00e7a va la bande ? Je vous adore.\u00a0\u00bb<\/p>\n<p>Mais l\u2019\u00e9motion prend vite le dessus. Montiel glisse alors, avec un brin de m\u00e9lancolie : \u00ab\u00a0J\u2019ai toujours un pincement au c\u0153ur\u00a0\u00bb, en r\u00e9f\u00e9rence \u00e0 l\u2019arr\u00eat de TPMP, cette \u00e9mission qui a marqu\u00e9 une d\u00e9cennie de sa carri\u00e8re. Une d\u00e9claration qui ne laisse pas Hanouna indiff\u00e9rent. \u00ab\u00a0Tu viens faire la promo !\u00a0\u00bb, lance-t-il avec enthousiasme. \u00ab\u00a0C\u2019est un amour\u00a0\u00bb, conclut-il, visiblement \u00e9mu par cet \u00e9change spontan\u00e9.<\/p>\n<p>\u00ab\u00a0Animalement v\u00f4tre\u00a0\u00bb : le nouveau terrain de jeu de Bernard Montiel<\/p>\n<p>Loin des clashs et des buzz qui faisaient le sel de TPMP, Bernard Montiel revient \u00e0 ses premi\u00e8res amours : les animaux. Dans \u00ab\u00a0Animalement v\u00f4tre\u00a0\u00bb, il mettra en lumi\u00e8re la relation unique entre les c\u00e9l\u00e9brit\u00e9s et leurs compagnons \u00e0 quatre pattes, tout en abordant des sujets de soci\u00e9t\u00e9 li\u00e9s au bien-\u00eatre animal.<\/p>\n<p>Sur ses r\u00e9seaux, l\u2019animateur a partag\u00e9 sa joie : \u00ab\u00a0Je suis tr\u00e8s heureux de vous annoncer mon &lsquo;retour \u00e0 la maison&rsquo; France TV (&#8230;) et de poursuivre les \u00e9missions pour parler de nos animaux.\u00a0\u00bb<\/p>\n<p>Et pour ses premiers num\u00e9ros, Bernard voit les choses en grand. <strong>Claire Chazal<\/strong>, <strong>Agustin Galiana<\/strong>, <strong>Caroline Roux<\/strong> et <strong>Nolwenn Leroy<\/strong> ont r\u00e9pondu pr\u00e9sents pour parler de leur passion animali\u00e8re. Un casting prestigieux pour un programme familial et bienveillant, qui devrait s\u00e9duire un public en qu\u00eate de douceur.<\/p>\n<p>\n          Hits &amp; People en continu\n        <\/p>\n<p>\n          Public Radio\n        <\/p>\n<p>      Mentionn\u00e9s dans cet article<\/p>\n<p>      Sur le m\u00eame sujet<\/p>\n","protected":false},"excerpt":{"rendered":"Mercredi 22 octobre 2025 restera une date marquante pour les fans de la bande de Touche pas \u00e0&hellip;\n","protected":false},"author":2,"featured_media":483117,"comment_status":"","ping_status":"","sticky":false,"template":"","format":"standard","meta":{"footnotes":""},"categories":[1356],"tags":[1083,58,59,1011,27,252,22498,22497,1364],"class_list":{"0":"post-483116","1":"post","2":"type-post","3":"status-publish","4":"format-standard","5":"has-post-thumbnail","7":"category-television","8":"tag-cyril-hanouna","9":"tag-divertissement","10":"tag-entertainment","11":"tag-fr","12":"tag-france","13":"tag-television","14":"tag-tout-9-tbt9","15":"tag-tout-beau","16":"tag-tv"},"share_on_mastodon":{"url":"https:\/\/pubeurope.com\/@fr\/115420504146111849","error":""},"_links":{"self":[{"href":"https:\/\/www.europesays.com\/fr\/wp-json\/wp\/v2\/posts\/483116","targetHints":{"allow":["GET"]}}],"collection":[{"href":"https:\/\/www.europesays.com\/fr\/wp-json\/wp\/v2\/posts"}],"about":[{"href":"https:\/\/www.europesays.com\/fr\/wp-json\/wp\/v2\/types\/post"}],"author":[{"embeddable":true,"href":"https:\/\/www.europesays.com\/fr\/wp-json\/wp\/v2\/users\/2"}],"replies":[{"embeddable":true,"href":"https:\/\/www.europesays.com\/fr\/wp-json\/wp\/v2\/comments?post=483116"}],"version-history":[{"count":0,"href":"https:\/\/www.europesays.com\/fr\/wp-json\/wp\/v2\/posts\/483116\/revisions"}],"wp:featuredmedia":[{"embeddable":true,"href":"https:\/\/www.europesays.com\/fr\/wp-json\/wp\/v2\/media\/483117"}],"wp:attachment":[{"href":"https:\/\/www.europesays.com\/fr\/wp-json\/wp\/v2\/media?parent=483116"}],"wp:term":[{"taxonomy":"category","embeddable":true,"href":"https:\/\/www.europesays.com\/fr\/wp-json\/wp\/v2\/categories?post=483116"},{"taxonomy":"post_tag","embeddable":true,"href":"https:\/\/www.europesays.com\/fr\/wp-json\/wp\/v2\/tags?post=483116"}],"curies":[{"name":"wp","href":"https:\/\/api.w.org\/{rel}","templated":true}]}}