{"id":483118,"date":"2025-10-22T23:51:16","date_gmt":"2025-10-22T23:51:16","guid":{"rendered":"https:\/\/www.europesays.com\/fr\/483118\/"},"modified":"2025-10-22T23:51:16","modified_gmt":"2025-10-22T23:51:16","slug":"elle-me-prend-aux-tripes-raconte-une-fan-de-lara-fabian-a-son-concert-a-larena-futuroscope","status":"publish","type":"post","link":"https:\/\/www.europesays.com\/fr\/483118\/","title":{"rendered":"\u00ab\u00a0Elle me prend aux tripes\u00a0\u00bb, raconte une fan de Lara Fabian \u00e0 son concert \u00e0 l\u2019Arena Futuroscope"},"content":{"rendered":"<p>L\u2019amour est plus fort que tout.\u00a0Celui de Virginie Lagarde pour Lara Fabian, s\u00fbrement. Fan de la chanteuse belgo-canadienne, elle a m\u00eame ferm\u00e9 son institut Virginie Beaut\u00e9 \u00e0 <a target=\"_self\" href=\"https:\/\/www.lanouvellerepublique.fr\/vienne\/commune\/mignaloux-beauvoir\/les-vingt-deux-logements-sociaux-de-la-residence-josephine-baker-inaugures-a-mignaloux-beauvoir-1760715220\" rel=\"noopener\">Mignaloux-Beauvoir<\/a> en avance, mardi 21\u00a0octobre 2025, pour assister au concert \u00e0 <a target=\"_self\" href=\"https:\/\/www.lanouvellerepublique.fr\/vienne\/commune\/chasseneuil-du-poitou\/la-fnsea-appelle-a-un-nouveau-blocage-du-futuroscope-vendredi-24-octobre-1761118795\" rel=\"noopener\">Chasseneuil-du-Poitou<\/a>. \u00ab\u00a0C\u2019est la premi\u00e8re fois que je vais la voir <a target=\"_self\" href=\"https:\/\/www.lanouvellerepublique.fr\/vienne\/futuroscope-la-dette-de-l-arena-interroge-la-chambre-regionale-des-comptes-de-nouvelle-aquitaine-1743184089\" rel=\"noopener\">\u00e0 l\u2019Arena Futuroscope<\/a>\u00a0\u00bb, raconte Virginie Lagarde, 51\u00a0ans, survolt\u00e9e. La Poitevine est venue les bras charg\u00e9s de cadeaux\u00a0: un bouquet de fleurs et un ange qu\u2019elle a fabriqu\u00e9 elle-m\u00eame. \u00ab\u00a0Je tremble de la voir.\u00a0\u00bb \u00c0 19\u00a0h, les portes de l\u2019Arena se sont referm\u00e9es\u2026 Et le c\u0153ur de la fan, couvert de badges, s\u2019est ouvert en chanson.<\/p>\n<p><img alt=\"Lara Fabian a donn\u00e9 un concert \u00e0 l\u2019Arena du Futuroscope, \u00e0 Poitiers, mardi 21\u00a0octobre 2025.\" loading=\"lazy\" width=\"980\" height=\"573\" decoding=\"async\" data-nimg=\"1\" class=\"img-responsive spinner-show\" style=\"color:transparent;background-size:cover;background-position:50% 50%;background-repeat:no-repeat;background-image:url(&quot;data:image\/svg+xml;charset=utf-8,%3Csvg xmlns='http:\/\/www.w3.org\/2000\/svg' viewBox='0 0 980 573'%3E%3Cfilter id='b' color-interpolation-filters='sRGB'%3E%3CfeGaussianBlur stdDeviation='20'\/%3E%3CfeColorMatrix values='1 0 0 0 0 0 1 0 0 0 0 0 1 0 0 0 0 0 100 -1' result='s'\/%3E%3CfeFlood x='0' y='0' width='100%25' height='100%25'\/%3E%3CfeComposite operator='out' in='s'\/%3E%3CfeComposite in2='SourceGraphic'\/%3E%3CfeGaussianBlur stdDeviation='20'\/%3E%3C\/filter%3E%3Cimage width='100%25' height='100%25' x='0' y='0' preserveAspectRatio='none' style='filter: url(%23b);' href='https:\/\/images.lanouvellerepublique.fr\/image\/upload\/t_88w\/f_auto\/68f90cd395eb7c9f038b466f.jpg'\/%3E%3C\/svg%3E&quot;)\"   src=\"https:\/\/www.europesays.com\/fr\/wp-content\/uploads\/2025\/10\/68f90cd395eb7c9f038b466f.jpg\"\/><\/p>\n<p style=\"background-color:#F2F2F2;padding:5px;margin-top:0px;margin-bottom:10px\">Lara Fabian a donn\u00e9 un concert \u00e0 l\u2019Arena du Futuroscope, \u00e0 Poitiers, mardi 21\u00a0octobre 2025.<br \/> \u00a9 (Photo Virginie Lagarde)<\/p>\n<p>\u00ab\u00a0Elle \u00e9tait avec nous, m\u00eame pour le mariage\u00a0\u00bb<\/p>\n<p>Depuis sa rencontre avec celui qui est aujourd\u2019hui son \u00e9poux, au fil des posters et des chansons, elle n\u2019a cess\u00e9 d\u2019\u00eatre suivie par Lara Fabian. \u00ab\u00a0Elle \u00e9tait avec nous, m\u00eame pour le mariage, se souvient Virginie Lagarde en riant. Toute la journ\u00e9e, je l\u2019\u00e9coute dans l\u2019institut.\u00a0\u00bb Son album pr\u00e9f\u00e9r\u00e9\u00a0? \u00ab\u00a0Tous\u00a0! Quand on est fan, on aime tout. Jamais je n\u2019ai \u00e9t\u00e9 fan comme \u00e7a. Ce n\u2019est m\u00eame pas le terme, &lsquo;\u201c\u00a0fan\u00a0\u201d. Elle me prend aux tripes.\u00a0\u00bb Du dernier CD, sorti en 2024, elle \u00e9coute en boucle Hypersensible\u00a0et R\u00e9veille-moi. \u00ab\u00a0J\u2019ai l\u2019impression qu\u2019elle ne chante que pour moi, en concert. Je pleure dans tous les sens, elle est tr\u00e8s captivante. C\u2019est vraiment une artiste compl\u00e8te, touchante, qui a les mots, quelqu\u2019un qui m\u2019a beaucoup aid\u00e9e. Elle sait donner de l\u2019\u00e9nergie et parler avec son c\u0153ur.\u00a0\u00bb<\/p>\n<p><img alt=\"\u00ab\u00a0Maintenant, les gens appr\u00e9cient et \u00e9coutent davantage les chansons de Lara Fabian, d\u2019apr\u00e8s mes clientes \u00e0 l\u2019institut\u2026 De toute fa\u00e7on, je leur impose\u00a0!\u00a0\u00bb, lance Virginie Lagarde.\" loading=\"lazy\" width=\"980\" height=\"573\" decoding=\"async\" data-nimg=\"1\" class=\"img-responsive spinner-show\" style=\"color:transparent;background-size:cover;background-position:50% 50%;background-repeat:no-repeat;background-image:url(&quot;data:image\/svg+xml;charset=utf-8,%3Csvg xmlns='http:\/\/www.w3.org\/2000\/svg' viewBox='0 0 980 573'%3E%3Cfilter id='b' color-interpolation-filters='sRGB'%3E%3CfeGaussianBlur stdDeviation='20'\/%3E%3CfeColorMatrix values='1 0 0 0 0 0 1 0 0 0 0 0 1 0 0 0 0 0 100 -1' result='s'\/%3E%3CfeFlood x='0' y='0' width='100%25' height='100%25'\/%3E%3CfeComposite operator='out' in='s'\/%3E%3CfeComposite in2='SourceGraphic'\/%3E%3CfeGaussianBlur stdDeviation='20'\/%3E%3C\/filter%3E%3Cimage width='100%25' height='100%25' x='0' y='0' preserveAspectRatio='none' style='filter: url(%23b);' href='https:\/\/images.lanouvellerepublique.fr\/image\/upload\/t_88w\/f_auto\/68f90cd3fb21d692668b457f.jpg'\/%3E%3C\/svg%3E&quot;)\"   src=\"https:\/\/www.europesays.com\/fr\/wp-content\/uploads\/2025\/10\/68f90cd3fb21d692668b457f.jpg\"\/><\/p>\n<p style=\"background-color:#F2F2F2;padding:5px;margin-top:0px;margin-bottom:10px\">\u00ab\u00a0Maintenant, les gens appr\u00e9cient et \u00e9coutent davantage les chansons de Lara Fabian, d\u2019apr\u00e8s mes clientes \u00e0 l\u2019institut\u2026 De toute fa\u00e7on, je leur impose\u00a0!\u00a0\u00bb, lance Virginie Lagarde.<br \/> \u00a9 (Photo NR-CP, No\u00e9mie Chevalier)<\/p>\n<p>\u00ab\u00a0Lara Fabian m\u2019a touch\u00e9 la main\u00a0\u00bb<\/p>\n<p>La voix pure de la chanteuse et la rencontre d\u2019autres fans ont fait le reste. \u00ab\u00a0Elle est de plus en plus appr\u00e9ci\u00e9e pour toutes ses qualit\u00e9s vocales, alors qu\u2019avant, elle \u00e9tait tr\u00e8s critiqu\u00e9e\u00a0\u00bb, se souvient Virginie Lagarde. Elle n\u2019a pas pu s\u2019approcher de la sc\u00e8ne, mais elle est repartie avec des \u00e9toiles dans les yeux. \u00c0 la fin du concert, \u00ab\u00a0Lara Fabian m\u2019a touch\u00e9 la main\u00a0\u00bb pendant l\u2019\u00e9change de cadeaux, fr\u00e9mit-elle. C\u2019\u00e9tait la premi\u00e8re fois que Virginie Lagarde voyait son idole d\u2019aussi pr\u00e8s. Un seul regret\u00a0: Lara Fabian ne s\u2019est pas promen\u00e9e dans la fosse comme d\u2019habitude. \u00ab\u00a0J\u2019irai la voir \u00e0 Paris en d\u00e9cembre, \u00e0 l\u2019Accor Arena, je ne vais pas rester sur ma faim\u00a0!\u00a0\u00bb<\/p>\n","protected":false},"excerpt":{"rendered":"L\u2019amour est plus fort que tout.\u00a0Celui de Virginie Lagarde pour Lara Fabian, s\u00fbrement. Fan de la chanteuse belgo-canadienne,&hellip;\n","protected":false},"author":2,"featured_media":483119,"comment_status":"","ping_status":"","sticky":false,"template":"","format":"standard","meta":{"footnotes":""},"categories":[1355],"tags":[1392,9332,1695,42195,4156,58,59,1011,27,56519,42182,1393,1361,873,1698,1584],"class_list":{"0":"post-483118","1":"post","2":"type-post","3":"status-publish","4":"format-standard","5":"has-post-thumbnail","7":"category-musique","8":"tag-a-la-une-local","9":"tag-centrepresse","10":"tag-chanson","11":"tag-chasseneuil-du-poitou","12":"tag-concerts","13":"tag-divertissement","14":"tag-entertainment","15":"tag-fr","16":"tag-france","17":"tag-futuroscope","18":"tag-grand-poitiers","19":"tag-loisirs","20":"tag-music","21":"tag-musique","22":"tag-musiques","23":"tag-vienne"},"share_on_mastodon":{"url":"https:\/\/pubeurope.com\/@fr\/115420508507118114","error":""},"_links":{"self":[{"href":"https:\/\/www.europesays.com\/fr\/wp-json\/wp\/v2\/posts\/483118","targetHints":{"allow":["GET"]}}],"collection":[{"href":"https:\/\/www.europesays.com\/fr\/wp-json\/wp\/v2\/posts"}],"about":[{"href":"https:\/\/www.europesays.com\/fr\/wp-json\/wp\/v2\/types\/post"}],"author":[{"embeddable":true,"href":"https:\/\/www.europesays.com\/fr\/wp-json\/wp\/v2\/users\/2"}],"replies":[{"embeddable":true,"href":"https:\/\/www.europesays.com\/fr\/wp-json\/wp\/v2\/comments?post=483118"}],"version-history":[{"count":0,"href":"https:\/\/www.europesays.com\/fr\/wp-json\/wp\/v2\/posts\/483118\/revisions"}],"wp:featuredmedia":[{"embeddable":true,"href":"https:\/\/www.europesays.com\/fr\/wp-json\/wp\/v2\/media\/483119"}],"wp:attachment":[{"href":"https:\/\/www.europesays.com\/fr\/wp-json\/wp\/v2\/media?parent=483118"}],"wp:term":[{"taxonomy":"category","embeddable":true,"href":"https:\/\/www.europesays.com\/fr\/wp-json\/wp\/v2\/categories?post=483118"},{"taxonomy":"post_tag","embeddable":true,"href":"https:\/\/www.europesays.com\/fr\/wp-json\/wp\/v2\/tags?post=483118"}],"curies":[{"name":"wp","href":"https:\/\/api.w.org\/{rel}","templated":true}]}}