{"id":483126,"date":"2025-10-22T23:55:11","date_gmt":"2025-10-22T23:55:11","guid":{"rendered":"https:\/\/www.europesays.com\/fr\/483126\/"},"modified":"2025-10-22T23:55:11","modified_gmt":"2025-10-22T23:55:11","slug":"le-centre-pompidou-dynamite-dans-un-feu-dartifice-impressionnant-pour-celebrer-sa-fermeture","status":"publish","type":"post","link":"https:\/\/www.europesays.com\/fr\/483126\/","title":{"rendered":"Le Centre Pompidou dynamit\u00e9 dans un feu d\u2019artifice impressionnant pour c\u00e9l\u00e9brer sa fermeture"},"content":{"rendered":"\n<p class=\"asset asset-text\" data-lettrine=\"\">CULTURE &#8211; Un spectaculaire au revoir. Alors qu\u2019il ferme ses portes pour cinq ans de r\u00e9novation, le <a href=\"https:\/\/www.huffingtonpost.fr\/culture\/article\/au-centre-pompidou-metz-cette-uvre-a-encore-ete-mangee-par-un-visiteur_252751.html\" target=\"_blank\" rel=\"noopener\">Centre Pompidou<\/a> a explos\u00e9 en mille couleurs ce mercredi 22\u00a0octobre. Un feu d\u2019artifice intitul\u00e9 \u00ab\u00a0Le Dernier Carnaval\u00a0\u00bb a \u00e9t\u00e9 tir\u00e9 depuis <a href=\"https:\/\/www.huffingtonpost.fr\/culture\/article\/le-centre-pompidou-va-ouvrir-une-nouvelle-antenne-au-bresil_250631.html\" target=\"_blank\" rel=\"noopener\">le mus\u00e9e parisien d\u2019art moderne<\/a>, devant une foule de spectateurs. Les tra\u00een\u00e9es color\u00e9es ont soulign\u00e9 toutes les courbes du b\u00e2timent.<\/p>\n<p class=\"asset asset-text\">\u00ab\u00a0La fa\u00e7ade du Centre Pompidou s\u2019est illumin\u00e9e une derni\u00e8re fois avant la fermeture\u00a0!\u00a0\u00bb, a ainsi partag\u00e9 sur son compte Instagram le mus\u00e9e. La fresque pyrotechnique qui s\u2019est d\u00e9roul\u00e9e sur le b\u00e2timent lui-m\u00eame a \u00e9t\u00e9 imagin\u00e9e par l\u2019artiste Cai Guo-Qiang, sp\u00e9cialiste de spectacles pyrotechniques, pour rendre hommage \u00ab \u00e0 la collection du Centre Pompidou et \u00e0 toute la cr\u00e9ation artistique\u00a0\u00bb.<\/p>\n<p class=\"asset asset-text\">Ce spectacle, qui a dur\u00e9 une petite dizaine de minutes, faisait partie des adieux du <a href=\"https:\/\/www.huffingtonpost.fr\/culture\/article\/le-centre-centre-pompidou-va-fermer-il-ne-vous-reste-plus-que-quelques-jours-pour-admirer-ces-uvres_247097.html\" target=\"_blank\" rel=\"noopener\">Centre Pompidou<\/a>, qui avait d\u00e9j\u00e0 ferm\u00e9 ses portes au public le 22\u00a0septembre.<\/p>\n<p> La lecture de ce contenu est susceptible d\u2019entra\u00eener un d\u00e9p\u00f4t de cookies de la part de l\u2019op\u00e9rateur tiers qui l\u2019h\u00e9berge. Compte-tenu des choix que vous avez exprim\u00e9s en mati\u00e8re de d\u00e9p\u00f4t de cookies, nous avons bloqu\u00e9 l\u2019affichage de ce contenu. Si vous souhaitez y acc\u00e9der, vous devez accepter la cat\u00e9gorie de cookies \u201cContenus tiers\u201d en cliquant sur le bouton ci-dessous. <\/p>\n<p> Lire la Vid\u00e9o        <\/p>\n<p class=\"asset asset-text\">Inaugur\u00e9 en 1977, le mus\u00e9e d\u2019art moderne le plus important au monde, avec le MOMA \u00e0 New York, va d\u00e9sormais subir des travaux colossaux de d\u00e9samiantage et de r\u00e9novation, jusqu\u2019en 2030. Ces travaux priveront Paris de l\u2019un de ses lieux culturels les plus connus, qui accueillait chaque ann\u00e9e plus de trois millions de visiteurs.<\/p>\n<p class=\"asset asset-text\">Au-del\u00e0 du chantier technique, c\u2019est tout l\u2019int\u00e9rieur du Centre Pompidou qui va \u00eatre repens\u00e9. Les anciens parkings en sous-sol seront transform\u00e9s en nouveaux espaces accessibles au public, la sc\u00e9nographie du Mus\u00e9e national d\u2019art moderne sera enti\u00e8rement revue, et une grande terrasse panoramique ouvrira au septi\u00e8me \u00e9tage.<\/p>\n<p class=\"asset asset-text\">Pendant la dur\u00e9e des travaux, les \u0153uvres du Centre Pompidou ne resteront pas cach\u00e9es. Une partie des expositions temporaires sera accueillie au Grand Palais, tandis que d\u2019autres pi\u00e8ces de la collection seront pr\u00e9sent\u00e9es dans diff\u00e9rents lieux parisiens, comme le Louvre, l\u2019H\u00f4tel de la Monnaie ou encore la Philharmonie de Paris. En parall\u00e8le, un Centre Pompidou d\u00e9localis\u00e9 doit voir le jour \u00e0 Massy, en Essonne, d\u2019ici fin 2026.<\/p>\n","protected":false},"excerpt":{"rendered":"CULTURE &#8211; Un spectaculaire au revoir. Alors qu\u2019il ferme ses portes pour cinq ans de r\u00e9novation, le Centre&hellip;\n","protected":false},"author":2,"featured_media":483127,"comment_status":"","ping_status":"","sticky":false,"template":"","format":"standard","meta":{"footnotes":""},"categories":[8],"tags":[4223,251,58,59,1011,27,626],"class_list":{"0":"post-483126","1":"post","2":"type-post","3":"status-publish","4":"format-standard","5":"has-post-thumbnail","7":"category-divertissement","8":"tag-centre-pompidou","9":"tag-culture","10":"tag-divertissement","11":"tag-entertainment","12":"tag-fr","13":"tag-france","14":"tag-paris"},"share_on_mastodon":{"url":"https:\/\/pubeurope.com\/@fr\/115420524001343770","error":""},"_links":{"self":[{"href":"https:\/\/www.europesays.com\/fr\/wp-json\/wp\/v2\/posts\/483126","targetHints":{"allow":["GET"]}}],"collection":[{"href":"https:\/\/www.europesays.com\/fr\/wp-json\/wp\/v2\/posts"}],"about":[{"href":"https:\/\/www.europesays.com\/fr\/wp-json\/wp\/v2\/types\/post"}],"author":[{"embeddable":true,"href":"https:\/\/www.europesays.com\/fr\/wp-json\/wp\/v2\/users\/2"}],"replies":[{"embeddable":true,"href":"https:\/\/www.europesays.com\/fr\/wp-json\/wp\/v2\/comments?post=483126"}],"version-history":[{"count":0,"href":"https:\/\/www.europesays.com\/fr\/wp-json\/wp\/v2\/posts\/483126\/revisions"}],"wp:featuredmedia":[{"embeddable":true,"href":"https:\/\/www.europesays.com\/fr\/wp-json\/wp\/v2\/media\/483127"}],"wp:attachment":[{"href":"https:\/\/www.europesays.com\/fr\/wp-json\/wp\/v2\/media?parent=483126"}],"wp:term":[{"taxonomy":"category","embeddable":true,"href":"https:\/\/www.europesays.com\/fr\/wp-json\/wp\/v2\/categories?post=483126"},{"taxonomy":"post_tag","embeddable":true,"href":"https:\/\/www.europesays.com\/fr\/wp-json\/wp\/v2\/tags?post=483126"}],"curies":[{"name":"wp","href":"https:\/\/api.w.org\/{rel}","templated":true}]}}