{"id":483128,"date":"2025-10-22T23:56:14","date_gmt":"2025-10-22T23:56:14","guid":{"rendered":"https:\/\/www.europesays.com\/fr\/483128\/"},"modified":"2025-10-22T23:56:14","modified_gmt":"2025-10-22T23:56:14","slug":"le-macbook-air-m2-avec-16-go-de-ram-en-promo-a-799e-offrez-vous-un-mac-portable-au-meilleur-prix-mac4ever","status":"publish","type":"post","link":"https:\/\/www.europesays.com\/fr\/483128\/","title":{"rendered":"Le MacBook Air M2 avec 16 Go de RAM en promo \u00e0 799\u20ac : offrez-vous un Mac portable au meilleur prix ! &#8211; Mac4Ever"},"content":{"rendered":"<ol>\n<li><a href=\"https:\/\/news.google.com\/rss\/articles\/CBMiywFBVV95cUxON1RSclBUaktTcFpxajZOVFFLYTROSlFwT251c1kyWm9zMzNLamdHZ09qTnZhZzFpbnc4NGJFNHlhaWhUNjlFbUR2c3UzWkxXQV9SOW1weGxHbXBsUFNFVHY3Yk9NQTEtdlppOWFrck1zTHN5TWNKTlhDQnI2SXNrNVRRM3RRamNQY0R3UU1PbGExLWJGS0dYdTloVHZJbmFTVDg2LVhRV0Z6MEpCNGJYdDMzY0EtWEM0YUNwX1A3Y1ctXzVZR19QSl9kRQ?oc=5\" target=\"_blank\" rel=\"noopener\">Le MacBook Air M2 avec 16 Go de RAM en promo \u00e0 799\u20ac : offrez-vous un Mac portable au meilleur prix !<\/a>&nbsp;&nbsp;Mac4Ever<\/li>\n<li><a href=\"https:\/\/news.google.com\/rss\/articles\/CBMi4wFBVV95cUxONVV6clRza0JqQ0ZKYnN4eHJOMmhtb1Q4REtUM2hGRDlnMVp0WU01Y0ZjdGVsbDFsdm80YUVrenVZQWtpT01yX2RoODBJSU5Ic1EzMmJCOVRPTWg1QW02VFpBUEpQWnBRNHJtNi11eE5YOHpVVlRNY25tdGNpRWhQVGd4dlk1QzVqOGFrNTFRaHRXaC1sTlVtMGZjTDRNVXVfUFZmUXNENm8zakNwZEg3NWpSOTJuT2ktOHd5SExYbmFRYTFRb1pSaTh0UG5lM29aRjBPNDc0blJIcUZqRVhTTFVmRQ?oc=5\" target=\"_blank\" rel=\"noopener\">Pr\u00e8s de 300 euros pour un MacBook Air ? C&rsquo;est l&rsquo;offre enfin d\u00e9voil\u00e9e par Auchan aujourd&rsquo;hui<\/a>&nbsp;&nbsp;BFMTV<\/li>\n<li><a href=\"https:\/\/news.google.com\/rss\/articles\/CBMi0gFBVV95cUxOTHM4dXFEZTllZ2RobWdqWE5PUHJuUWNmNUFvSncwbTYtUkEtc1JBZDR0NUhSRTlEaVA5U2JKLTNOekV0LXRKdTRtbDBnTjhCeFQ4Mzl5d2NjaGJaZFpzdlljZE5vT2x3NEFrUzlENGVacmtOOFNxd1JIYmlwal8ya3V1ejExY29fVUpIRW5IQXVVQ0FSeE5LWDZDbXNNdC1QLVhWZUVFQlhsUXBPNzNCVnFWNTNIZmlMUGE0ZDVJWlctZXM3cjZkVEsxcDdqZndCMGc?oc=5\" target=\"_blank\" rel=\"noopener\">Amazon surprend tout le monde avec cette offre folle sur le MacBook Air M4 d\u2019Apple<\/a>&nbsp;&nbsp;Le Figaro<\/li>\n<li><a href=\"https:\/\/news.google.com\/rss\/articles\/CBMi5AFBVV95cUxNQVFBXzBDTDhyRi04U3JCTjlBYTgxZ2dMSHJaRXhtRGlDaFlINFNrR0tjLVdCcjVNU0lJQUhES2cxMkRMdk1tZUJld1BQaDFZazktSHAxLXNtSGZtdnI1ZUpvWWRVcGNwWmJQRVdCMHJMdlJWQTFSZGFRWlB2M25ETVNIRWpBOXpnUFduenNxU1VsVWhLQWwzTU5vbG5mNzktV2xvU0E4ZU5hVWNCRjlSa2Z6R2p2MHZhUFdxVmxKQkNmRW1RQ004YVU1NzdhczMwOGtrNThJd3AwbVVSb2Exdk9MWUY?oc=5\" target=\"_blank\" rel=\"noopener\">Cet ordinateur de bureau pr\u00e9sente le meilleur rapport qualit\u00e9 \/ prix de notre comparatif<\/a>&nbsp;&nbsp;Les Num\u00e9riques<\/li>\n<li><a href=\"https:\/\/news.google.com\/rss\/articles\/CBMi7AFBVV95cUxObW9IUXZtX1VIZVFtQmh6YU5aWEVHa3Fkd256YXI3dVhpRmJQbEhidkVXYUFGZnhGUlpjZUtIVkNDQ1o2dGlXLWNhTHUxU01yQThMR2E0SVpSTkFYVGlPT2N5NkpCYVIyMHRKcDJDNHhCd284OUFNaUVsYjVENDAtRjNtdHozRDk1MUxUenhzOUFWdGxCdzdOVVFxTE1VWnFnLXIya3J3MXMwSmdlYTlyLW96bTc1OEhkNjdHX2U1aC0wWjdrWXA2UWZpWVZLSEo3Mm9rR2ZuOXB2bUVzTVdQUTRNcjhDQU9hU1dvVQ?oc=5\" target=\"_blank\" rel=\"noopener\">Certideal propose ce Macbook Air M1 13 pouces \u00e0 moins de 510 euros<\/a>&nbsp;&nbsp;20 Minutes<\/li>\n<\/ol>\n","protected":false},"excerpt":{"rendered":"Le MacBook Air M2 avec 16 Go de RAM en promo \u00e0 799\u20ac : offrez-vous un Mac portable&hellip;\n","protected":false},"author":2,"featured_media":483129,"comment_status":"","ping_status":"","sticky":false,"template":"","format":"standard","meta":{"footnotes":""},"categories":[7],"tags":[1011,27,40386,31138,60639,43,40,41,39,42,44],"class_list":{"0":"post-483128","1":"post","2":"type-post","3":"status-publish","4":"format-standard","5":"has-post-thumbnail","7":"category-sciences-et-technologies","8":"tag-fr","9":"tag-france","10":"tag-macbook","11":"tag-macbookair","12":"tag-macbookairm2","13":"tag-science","14":"tag-science-and-technology","15":"tag-sciences","16":"tag-sciences-et-technologies","17":"tag-technologies","18":"tag-technology"},"share_on_mastodon":{"url":"https:\/\/pubeurope.com\/@fr\/115420527537115390","error":""},"_links":{"self":[{"href":"https:\/\/www.europesays.com\/fr\/wp-json\/wp\/v2\/posts\/483128","targetHints":{"allow":["GET"]}}],"collection":[{"href":"https:\/\/www.europesays.com\/fr\/wp-json\/wp\/v2\/posts"}],"about":[{"href":"https:\/\/www.europesays.com\/fr\/wp-json\/wp\/v2\/types\/post"}],"author":[{"embeddable":true,"href":"https:\/\/www.europesays.com\/fr\/wp-json\/wp\/v2\/users\/2"}],"replies":[{"embeddable":true,"href":"https:\/\/www.europesays.com\/fr\/wp-json\/wp\/v2\/comments?post=483128"}],"version-history":[{"count":0,"href":"https:\/\/www.europesays.com\/fr\/wp-json\/wp\/v2\/posts\/483128\/revisions"}],"wp:featuredmedia":[{"embeddable":true,"href":"https:\/\/www.europesays.com\/fr\/wp-json\/wp\/v2\/media\/483129"}],"wp:attachment":[{"href":"https:\/\/www.europesays.com\/fr\/wp-json\/wp\/v2\/media?parent=483128"}],"wp:term":[{"taxonomy":"category","embeddable":true,"href":"https:\/\/www.europesays.com\/fr\/wp-json\/wp\/v2\/categories?post=483128"},{"taxonomy":"post_tag","embeddable":true,"href":"https:\/\/www.europesays.com\/fr\/wp-json\/wp\/v2\/tags?post=483128"}],"curies":[{"name":"wp","href":"https:\/\/api.w.org\/{rel}","templated":true}]}}