{"id":483132,"date":"2025-10-22T23:59:13","date_gmt":"2025-10-22T23:59:13","guid":{"rendered":"https:\/\/www.europesays.com\/fr\/483132\/"},"modified":"2025-10-22T23:59:13","modified_gmt":"2025-10-22T23:59:13","slug":"vu-que-je-lavais-violee-autant-la-tuer-le-recit-glacant-et-incomplet-du-crime","status":"publish","type":"post","link":"https:\/\/www.europesays.com\/fr\/483132\/","title":{"rendered":"\u00ab\u00a0Vu que je l\u2019avais viol\u00e9e, autant la tuer\u00a0\u00bb\u2026 Le r\u00e9cit gla\u00e7ant (et incomplet) du crime"},"content":{"rendered":"<p>Certains passages de l\u2019audience du jour peuvent heurter les lecteurs et les lectrices par leur crudit\u00e9.<\/p>\n<p>La vid\u00e9o dure tr\u00e8s exactement 12 minutes. Film\u00e9e le 16\u00a0f\u00e9vrier 2024, elle montre la reconstitution <a href=\"https:\/\/www.20minutes.fr\/justice\/4180081-20251017-meurtre-lola-photos-videos-projetees-audience-racontent-drame\" class=\"c-link c-link--is-underlined\" target=\"_blank\" rel=\"noopener\">de la mort de Lola Daviet<\/a>, tu\u00e9e deux ans plus t\u00f4t dans l\u2019immeuble du 19e\u00a0arrondissement o\u00f9 elle habitait avec sa famille. Dahbia Benkired, porte une doudoune rouge, un jean et un gilet pare-balles. Elle est tenue en laisse par un policier. \u00ab\u00a0\u00c7a nous permet de faire le cheminement entre le hall d\u2019entr\u00e9e que l\u2019on conna\u00eet gr\u00e2ce \u00e0 la cam\u00e9ra de surveillance et l\u2019ascenseur\u00a0\u00bb, explique le pr\u00e9sident de la cour d\u2019assises de Paris en visionnant les images projet\u00e9es ce mercredi au <a href=\"https:\/\/www.20minutes.fr\/justice\/4179328-20251016-meurtre-lola-ca-fait-ni-chaud-ni-froid-dahbia-benkired-jugee-horrible-geste\" class=\"c-link c-link--is-underlined\" target=\"_blank\" rel=\"noopener\">proc\u00e8s de l\u2019accus\u00e9e, jug\u00e9e pour le meurtre et le viol de la coll\u00e9gienne<\/a>. Une polici\u00e8re joue le r\u00f4le de Lola tandis que l\u2019un de ses coll\u00e8gues prend des photos. Une greffi\u00e8re prend des notes sur son ordinateur portable.<\/p>\n<p>Arriv\u00e9e dans l\u2019appartement de sa s\u0153ur, au 6e \u00e9tage de l\u2019immeuble, Dahbia Benkired attache les pieds et les mains d\u2019un mannequin \u00ab\u00a0qui fait la taille et le poids de Lola\u00a0\u00bb avec du scotch gris. Le visage de la victime est aussi recouvert de ruban adh\u00e9sif. \u00ab\u00a0On peut voir \u00e0 gauche la fameuse malle\u00a0\u00bb, d\u00e9crit le pr\u00e9sident qui regarde attentivement la s\u00e9quence. L\u2019accus\u00e9e emm\u00e8ne la caisse dans la salle de bains, place \u00e0 l\u2019int\u00e9rieur le corps de sa victime et ferme la malle. La diffusion de la vid\u00e9o termin\u00e9e, le magistrat invite Dahbia Benkired, pull blanc et cheveux tir\u00e9s en arri\u00e8re, \u00e0 raconter dans le d\u00e9tail le d\u00e9roul\u00e9 des faits. Un <a href=\"https:\/\/www.20minutes.fr\/justice\/4180503-20251020-meurtre-lola-pris-trois-lyrica-explications-tres-fluctuantes-dahbia-benkired\" class=\"c-link c-link--is-underlined\" target=\"_blank\" rel=\"noopener\">r\u00e9cit qui s\u2019annonce aussi cru qu\u2019incomplet<\/a>.<\/p>\n<p>\u00ab\u00a0Je voulais faire du mal \u00e0 quelqu\u2019un\u00a0\u00bb<\/p>\n<p>Mardi, elle avait indiqu\u00e9 avoir voulu \u00ab\u00a0faire du mal\u00a0\u00bb \u00e0 son ex-compagnon quand elle a crois\u00e9 la route de la pr\u00e9adolescente. Pourquoi s\u2019en est-elle prise \u00e0 elle\u00a0? <a href=\"https:\/\/www.20minutes.fr\/justice\/4180736-20251021-meurtre-lola-dahbia-benkired-voulait-faire-mal-ex-compagnon-toxique-quand-croise-ado\" class=\"c-link c-link--is-underlined\" target=\"_blank\" rel=\"noopener\">\u00ab\u00a0Je voulais simplement faire du mal \u00e0 Mustapha<\/a> et je me suis veng\u00e9e sur la petite. Lola, c\u2019\u00e9tait une personne plus faible que moi, je ne l\u2019ai pas choisie\u00a0\u00bb, indique-t-elle, ajoutant que la victime s\u2019est trouv\u00e9e sur son chemin. \u00ab\u00a0C\u2019est comme \u00e7a.\u00a0\u00bb<\/p>\n<\/p>\n<p>Dahbia Benkired avance, pour la premi\u00e8re fois, que Lola l\u2019a suivie jusqu\u2019\u00e0 l\u2019ascenseur. Elle serait mont\u00e9e chez sa s\u0153ur chercher deux valises. Lorsqu\u2019elle est descendue avec ses bagages, la coll\u00e9gienne l\u2019aurait attendue dans le hall du b\u00e2timent. \u00ab\u00a0\u00c7a para\u00eet un peu \u00e9trange de la laisser 5 minutes sans surveillance\u00a0\u00bb, observe le pr\u00e9sident. \u00ab\u00a0Est-ce que vous n\u2019avez pas fait monter tout de suite Lola dans l\u2019ascenseur\u00a0?\u00a0\u00bb lui demande-t-il, pointant ses \u00ab\u00a0d\u00e9clarations \u00e9volutives\u00a0\u00bb. Elle r\u00e9pond que non.<\/p>\n<p>Ensuite, elle l\u2019aurait entra\u00een\u00e9e de force dans l\u2019ascenseur et ramen\u00e9e dans l\u2019appartement de sa s\u0153ur. Selon elle, Lola ne \u00ab\u00a0r\u00e9agit pas\u00a0\u00bb. \u00ab\u00a0Elle dit rien. Elle a pas r\u00e9agi jusqu\u2019\u00e0 la derni\u00e8re minute apr\u00e8s ce que je lui ai fait\u00a0\u00bb, poursuit l\u2019accus\u00e9e. \u00ab\u00a0C\u2019est pas que je voulais la tuer, mais c\u2019est que je voulais faire du mal \u00e0 quelqu\u2019un. Mais vu que je l\u2019avais viol\u00e9e, autant la tuer.\u00a0\u00bb<\/p>\n<p>\u00ab\u00a0Je ne l\u2019ai pas forc\u00e9e\u00a0\u00bb<\/p>\n<p>\u00ab\u00a0Je lui demande d\u2019aller dans le salon, de se d\u00e9shabiller et de prendre une douche parce qu\u2019elle m\u2019a dit qu\u2019elle avait ses r\u00e8gles\u00a0\u00bb, poursuit la jeune femme de 27 ans. Elle aurait ainsi voulu infliger \u00e0 sa petite victime \u00ab\u00a0la m\u00eame chose\u00a0\u00bb que ce que lui faisait subir son ex-compagnon, venu t\u00e9moigner mardi \u00e0 la barre. Elle lui aurait ensuite demand\u00e9 de lui faire un cunnilingus. \u00ab\u00a0Mais je ne l\u2019ai pas forc\u00e9e\u00a0\u00bb, ose-t-elle. Elle affirme aussi ne pas avoir p\u00e9n\u00e9tr\u00e9 ses orifices, comme l\u2019ont pourtant montr\u00e9 les examens m\u00e9dicaux pratiqu\u00e9s sur la jeune fille.<\/p>\n<p>&#8211; Vous aviez une envie sexuelle\u00a0?<\/p>\n<p>&#8211; Oui<\/p>\n<p>&#8211; Vous aviez d\u00e9j\u00e0 eu des envies sexuelles envers les femmes\u00a0?<\/p>\n<p>&#8211; Pas du tout. \u00c7a n\u2019a jamais \u00e9t\u00e9 mon truc.<\/p>\n<p>&#8211; Alors pourquoi\u00a0?<\/p>\n<p>&#8211; Je ne sais pas, c\u2019est venu d\u2019un coup, c\u2019est venu dans ma t\u00eate.<\/p>\n<p>&#8211; Pourquoi lui demander de se doucher si vous vouliez un cunnilingus\u00a0?<\/p>\n<p>&#8211; Je ne l\u2019ai pas touch\u00e9e en bas.<\/p>\n<p>Dans la salle de bains, Dahbia Benkired lui aurait \u00ab\u00a0touch\u00e9 les seins et claqu\u00e9 la t\u00eate contre le mur\u00a0\u00bb. \u00ab\u00a0Mais vraiment vite fait, ce n\u2019\u00e9tait pas violent\u00a0\u00bb, assure-t-elle. L\u00e0 encore, ces affirmations ont pourtant \u00e9t\u00e9 contredites par les m\u00e9decins l\u00e9gistes qui ont relev\u00e9 \u00ab\u00a0des l\u00e9sions suffisamment profondes pour que le coup soit intense\u00a0\u00bb, remarque le pr\u00e9sident. Lola se serait ensuite \u00ab\u00a0transform\u00e9e en fant\u00f4me\u00a0\u00bb. \u00ab\u00a0Elle disait rien, elle parlait pas.\u00a0\u00bb <a href=\"https:\/\/www.20minutes.fr\/justice\/4180907-20251022-meurtre-lola-chose-enfermee-toute-vie-detresse-maman-ado-meurtrie-jamais\" class=\"c-link c-link--is-underlined\" target=\"_blank\" rel=\"noopener\">La victime n\u2019aurait, selon elle, pas pleur\u00e9<\/a>. Le pr\u00e9sident, qui a du mal \u00e0 le croire, lui demande si elle se souvient \u00ab\u00a0bien de la sc\u00e8ne\u00a0\u00bb. \u00ab\u00a0Oui tr\u00e8s bien, j\u2019en fais des cauchemars tous les soirs.\u00a0\u00bb<\/p>\n<p>\u00ab\u00a0J\u2019ai pris un tout petit peu de sang\u00a0\u00bb<\/p>\n<p>Elle lui entrave ensuite les membres avec du scotch, de \u00ab\u00a0peur\u00a0\u00bb que Lola raconte le viol subi \u00e0 sa famille. Puis elle un ciseau et un couteau et la blesse dans le dos \u00ab\u00a0vite fait\u00a0\u00bb. \u00ab\u00a0\u00c0 partir de l\u00e0, vous n\u2019allez pas me croire, j\u2019ai commenc\u00e9 \u00e0 la voir comme un mouton. La peau \u00e9tait dure, comme un mouton\u00a0\u00bb, d\u00e9taille l\u2019accus\u00e9e qui jure ne pas l\u2019avoir \u00e9gorg\u00e9e. Dahbia Benkired trouve un flacon du vernis rouge et l\u2019utilise pour marquer les pieds de la victime d\u2019un 0 et d\u2019un 1. <a href=\"https:\/\/www.20minutes.fr\/justice\/4180375-20251020-meurtre-lola-agonie-collegienne-dure-entre-deux-trois-minutes-estiment-medecins\" class=\"c-link c-link--is-underlined\" target=\"_blank\" rel=\"noopener\">Le temps que Lola agonise<\/a>, elle met de la musique pour ne pas l\u2019entendre et fume une cigarette.<\/p>\n<p>Apr\u00e8s avoir plac\u00e9 le corps de la coll\u00e9gienne dans la malle, elle met \u00e0 l\u2019int\u00e9rieur un drap pour le dissimuler et de l\u2019eau de javel pour cacher \u00ab\u00a0l\u2019odeur\u00a0\u00bb. \u00ab\u00a0Avant de partir, j\u2019ai pris une bouteille et, du c\u00f4t\u00e9 o\u00f9 j\u2019ai mis le coup de couteau, j\u2019ai pris un tout petit peu de sang\u00a0\u00bb, poursuit-elle. Avant d\u2019ajouter froidement\u00a0: \u00ab\u00a0Ah oui, j\u2019ai oubli\u00e9, elle s\u2019est piss\u00e9e dessus aussi.\u00a0\u00bb \u00ab\u00a0Vous avez bu du sang\u00a0?\u00a0\u00bb lui demande le pr\u00e9sident. R\u00e9ponse\u00a0: \u00ab\u00a0Je vais pas boire du sang, je suis pas un vampire.\u00a0\u00bb<\/p>\n<p>M\u00eame Me Alexandre de Valois pointe les \u00ab\u00a0contradictions\u00a0\u00bb entre le r\u00e9cit de sa cliente \u00ab\u00a0et ce qui est constat\u00e9\u00a0\u00bb par les m\u00e9decins l\u00e9gistes. Il tente de l\u2019aider \u00e0 accoucher d\u2019une v\u00e9rit\u00e9 qu\u2019elle refuse, pour une raison qu\u2019on a du mal \u00e0 cerner, de livrer. \u00ab\u00a0Je vous ai dit toute la v\u00e9rit\u00e9, je n\u2019ai rien \u00e0 vous dire.\u00a0\u00bb<\/p>\n","protected":false},"excerpt":{"rendered":"Certains passages de l\u2019audience du jour peuvent heurter les lecteurs et les lectrices par leur crudit\u00e9. La vid\u00e9o&hellip;\n","protected":false},"author":2,"featured_media":483133,"comment_status":"","ping_status":"","sticky":false,"template":"","format":"standard","meta":{"footnotes":""},"categories":[4],"tags":[47,11,20851,1011,27,2683,662,303,777,52922,12,626,2694,25,3693,1265],"class_list":{"0":"post-483132","1":"post","2":"type-post","3":"status-publish","4":"format-standard","5":"has-post-thumbnail","7":"category-france","8":"tag-actualite","9":"tag-actualites","10":"tag-cour-dassises","11":"tag-fr","12":"tag-france","13":"tag-homicide","14":"tag-ile-de-france","15":"tag-justice","16":"tag-meurtre","17":"tag-meurtre-de-lola","18":"tag-news","19":"tag-paris","20":"tag-proces","21":"tag-republique-francaise","22":"tag-tribunal","23":"tag-viol"},"share_on_mastodon":{"url":"https:\/\/pubeurope.com\/@fr\/115420539451868039","error":""},"_links":{"self":[{"href":"https:\/\/www.europesays.com\/fr\/wp-json\/wp\/v2\/posts\/483132","targetHints":{"allow":["GET"]}}],"collection":[{"href":"https:\/\/www.europesays.com\/fr\/wp-json\/wp\/v2\/posts"}],"about":[{"href":"https:\/\/www.europesays.com\/fr\/wp-json\/wp\/v2\/types\/post"}],"author":[{"embeddable":true,"href":"https:\/\/www.europesays.com\/fr\/wp-json\/wp\/v2\/users\/2"}],"replies":[{"embeddable":true,"href":"https:\/\/www.europesays.com\/fr\/wp-json\/wp\/v2\/comments?post=483132"}],"version-history":[{"count":0,"href":"https:\/\/www.europesays.com\/fr\/wp-json\/wp\/v2\/posts\/483132\/revisions"}],"wp:featuredmedia":[{"embeddable":true,"href":"https:\/\/www.europesays.com\/fr\/wp-json\/wp\/v2\/media\/483133"}],"wp:attachment":[{"href":"https:\/\/www.europesays.com\/fr\/wp-json\/wp\/v2\/media?parent=483132"}],"wp:term":[{"taxonomy":"category","embeddable":true,"href":"https:\/\/www.europesays.com\/fr\/wp-json\/wp\/v2\/categories?post=483132"},{"taxonomy":"post_tag","embeddable":true,"href":"https:\/\/www.europesays.com\/fr\/wp-json\/wp\/v2\/tags?post=483132"}],"curies":[{"name":"wp","href":"https:\/\/api.w.org\/{rel}","templated":true}]}}