{"id":483134,"date":"2025-10-23T00:00:24","date_gmt":"2025-10-23T00:00:24","guid":{"rendered":"https:\/\/www.europesays.com\/fr\/483134\/"},"modified":"2025-10-23T00:00:24","modified_gmt":"2025-10-23T00:00:24","slug":"real-madrid-juventus-mbappe-soffre-un-record-fou-de-raul","status":"publish","type":"post","link":"https:\/\/www.europesays.com\/fr\/483134\/","title":{"rendered":"Real Madrid &#8211; Juventus : Mbapp\u00e9 s&rsquo;offre un record fou de Raul"},"content":{"rendered":"<p class=\"p1\">Une soir\u00e9e d\u00e9j\u00e0 historique ! Kylian Mbapp\u00e9 vient officiellement de battre un nouveau record en devenant, \u00e0 27 ans et 306 jours, le plus jeune joueur de l\u2019histoire \u00e0 atteindre les 90 matchs en Ligue des Champions \u00e0 l&rsquo;occasion du duel du soir sur la pelouse de Santiago Bernabeu face \u00e0 la Juventus Turin.<\/p>\n<p>\u00c0 lire aussiMbapp\u00e9 d\u00e9passe Raul<\/p>\n<p class=\"p1\">Le capitaine des Bleus devance d\u00e9sormais une v\u00e9ritable l\u00e9gende de la Maison Blanche, Ra\u00fal Gonz\u00e1lez (27 ans et 114 jours) et continue d\u2019\u00e9crire sa l\u00e9gende europ\u00e9enne. Avec 60 buts inscrits en 89 matchs avant cette rencontre, l&rsquo;ancien attaquant du Paris Saint-Germain confirme un peu plus son statut de monstre de r\u00e9gularit\u00e9 sur la sc\u00e8ne continentale.<\/p>\n<p class=\"p1\">D\u00e9sormais, il est attendu au tournant pour cette affiche de gala alors qu&rsquo;il r\u00e9alise jusqu&rsquo;\u00e0 pr\u00e9sent une grande saison pour sa deuxi\u00e8me ann\u00e9e en Espagne. Ce soir, il a l&rsquo;occasion de briller encore une fois dans une grande soir\u00e9e europ\u00e9enne comme le Real Madrid et son stade de Santiago Bernabeu.<\/p>\n<p>   Partagez cette info avec vos amis et vos proches en cliquant ici<br \/> Pour r\u00e9sumer<\/p>\n<p>Kylian Mbapp\u00e9, 27 ans, devient le plus jeune joueur \u00e0 atteindre 90 matchs en Ligue des Champions, d\u00e9passant Ra\u00fal. Avec 60 buts en 89 matchs, il confirme son statut de l\u00e9gende europ\u00e9enne et brille lors de sa deuxi\u00e8me saison au Real Madrid.<\/p>\n<p>R\u00e9dacteur<\/p>\n<p><img decoding=\"async\" width=\"76\" height=\"76\" loading=\"lazy\" src=\"https:\/\/www.europesays.com\/fr\/wp-content\/uploads\/2025\/04\/logo-antoine-chirat.jpg\" alt=\"Antoine Chirat\"\/><\/p>\n","protected":false},"excerpt":{"rendered":"Une soir\u00e9e d\u00e9j\u00e0 historique ! Kylian Mbapp\u00e9 vient officiellement de battre un nouveau record en devenant, \u00e0 27&hellip;\n","protected":false},"author":2,"featured_media":483135,"comment_status":"","ping_status":"","sticky":false,"template":"","format":"standard","meta":{"footnotes":""},"categories":[2],"tags":[11,1011,27,447,12,4790],"class_list":{"0":"post-483134","1":"post","2":"type-post","3":"status-publish","4":"format-standard","5":"has-post-thumbnail","7":"category-actualites","8":"tag-actualites","9":"tag-fr","10":"tag-france","11":"tag-ligue-des-champions","12":"tag-news","13":"tag-real-madrid"},"share_on_mastodon":{"url":"https:\/\/pubeurope.com\/@fr\/115420543871619876","error":""},"_links":{"self":[{"href":"https:\/\/www.europesays.com\/fr\/wp-json\/wp\/v2\/posts\/483134","targetHints":{"allow":["GET"]}}],"collection":[{"href":"https:\/\/www.europesays.com\/fr\/wp-json\/wp\/v2\/posts"}],"about":[{"href":"https:\/\/www.europesays.com\/fr\/wp-json\/wp\/v2\/types\/post"}],"author":[{"embeddable":true,"href":"https:\/\/www.europesays.com\/fr\/wp-json\/wp\/v2\/users\/2"}],"replies":[{"embeddable":true,"href":"https:\/\/www.europesays.com\/fr\/wp-json\/wp\/v2\/comments?post=483134"}],"version-history":[{"count":0,"href":"https:\/\/www.europesays.com\/fr\/wp-json\/wp\/v2\/posts\/483134\/revisions"}],"wp:featuredmedia":[{"embeddable":true,"href":"https:\/\/www.europesays.com\/fr\/wp-json\/wp\/v2\/media\/483135"}],"wp:attachment":[{"href":"https:\/\/www.europesays.com\/fr\/wp-json\/wp\/v2\/media?parent=483134"}],"wp:term":[{"taxonomy":"category","embeddable":true,"href":"https:\/\/www.europesays.com\/fr\/wp-json\/wp\/v2\/categories?post=483134"},{"taxonomy":"post_tag","embeddable":true,"href":"https:\/\/www.europesays.com\/fr\/wp-json\/wp\/v2\/tags?post=483134"}],"curies":[{"name":"wp","href":"https:\/\/api.w.org\/{rel}","templated":true}]}}