{"id":483148,"date":"2025-10-23T00:10:12","date_gmt":"2025-10-23T00:10:12","guid":{"rendered":"https:\/\/www.europesays.com\/fr\/483148\/"},"modified":"2025-10-23T00:10:12","modified_gmt":"2025-10-23T00:10:12","slug":"previsions-du-jeudi-23-octobre-2025-5","status":"publish","type":"post","link":"https:\/\/www.europesays.com\/fr\/483148\/","title":{"rendered":"pr\u00e9visions du jeudi 23 octobre 2025"},"content":{"rendered":"<p class=\"mb-4 text-lg md:leading-8 break-words\"><strong>M\u00e9t\u00e9o &#8211; Aujourd&rsquo;hui, les Montpelli\u00e9rains vont pouvoir profiter d&rsquo;un soleil magnifique. Les temp\u00e9ratures seront de 17\u00b0C la matin\u00e9e et de 16\u00b0C l&rsquo;apr\u00e8s-midi&#8230;<\/strong><\/p>\n<p class=\"mb-4 text-lg md:leading-8 break-words\">\u00c0 Montpellier les temp\u00e9ratures afficheront entre 14 et 17\u00b0C aujourd&rsquo;hui. Un vent de nord-ouest est pr\u00e9vu : il soufflera \u00e0 29 km\/h. Le ciel sera nuageux dans la matin\u00e9e. Des pluies \u00e9parses tomberont. On pr\u00e9voit des valeurs avoisinant 17\u00b0C. Un beau soleil est attendu l&rsquo;apr\u00e8s-midi. Les temp\u00e9ratures s&rsquo;\u00e9chelonneront de 15 \u00e0 17\u00b0C. Un vent de nord-ouest soufflera \u00e0 45 km\/h. La ville profitera de quelques \u00e9claircies le soir. Durant la nuit de jeudi \u00e0 vendredi, le ciel sera d\u00e9pourvu de nuages.<\/p>\n<p class=\"mb-4 text-lg md:leading-8 break-words\">Les nuages en pr\u00e9vision demain, \u00e0 Montpellier, et un ciel encore maussade. La m\u00e9t\u00e9o sera ponctu\u00e9e par des pluies \u00e9parses. Le mercure va chuter de quelques degr\u00e9s. Les valeurs s&rsquo;\u00e9chelonneront entre 12 et 14\u00b0C. On observera la pr\u00e9sence persistante de nuages le matin. Les temp\u00e9ratures seront comprises entre 13\u00b0C et 14\u00b0C. Une brise de nord-ouest soufflera doucement. Demain apr\u00e8s-midi, toujours des nuages dans le ciel qui emp\u00eachent le soleil de faire son apparition. Les valeurs seront de 13\u00b0C au plus bas et de 14\u00b0C au plus haut. Des \u00e9claircies sont pr\u00e9vues : on passera une soir\u00e9e agr\u00e9able. Les temp\u00e9ratures avoisineront les 13\u00b0C. Un vent de nord-est rafra\u00eechira l\u00e9g\u00e8rement l&rsquo;atmosph\u00e8re.<\/p>\n<p class=\"mb-4 text-lg md:leading-8 break-words\">La m\u00e9t\u00e9o va s&rsquo;am\u00e9liorer dans les journ\u00e9es suivantes. Comptez sur 14\u00b0C en moyenne qui accompagneront des journ\u00e9es ensoleill\u00e9es.<\/p>\n<p class=\"mb-4 text-lg md:leading-8 break-words\"><a href=\"https:\/\/www.20minutes.fr\/planete\/previsions-meteo\/4181029-20251023-meteo-montpellier-previsions-jeudi-23-octobre-2025?at_medium=RSS%20feed&amp;at_campaign=ynews&amp;utm_source=yahoo&amp;utm_medium=rss&amp;utm_campaign=news_feed&amp;utm_content=read_more_link&quot;\" rel=\"nofollow noopener\" target=\"_blank\" data-ylk=\"slk:Lire la suite sur 20minutes;elm:context_link;itc:0;sec:content-canvas\" class=\"link \">Lire la suite sur 20minutes<\/a><\/p>\n","protected":false},"excerpt":{"rendered":"M\u00e9t\u00e9o &#8211; Aujourd&rsquo;hui, les Montpelli\u00e9rains vont pouvoir profiter d&rsquo;un soleil magnifique. Les temp\u00e9ratures seront de 17\u00b0C la matin\u00e9e&hellip;\n","protected":false},"author":2,"featured_media":483149,"comment_status":"","ping_status":"","sticky":false,"template":"","format":"standard","meta":{"footnotes":""},"categories":[9599],"tags":[1111,11,1777,674,1011,27,51394,56028,29508,2487,2208,12,2680,25],"class_list":{"0":"post-483148","1":"post","2":"type-post","3":"status-publish","4":"format-standard","5":"has-post-thumbnail","7":"category-montpellier","8":"tag-actu","9":"tag-actualites","10":"tag-eu","11":"tag-europe","12":"tag-fr","13":"tag-france","14":"tag-la-matinee","15":"tag-la-meteo","16":"tag-le-ciel","17":"tag-meteo","18":"tag-montpellier","19":"tag-news","20":"tag-occitanie","21":"tag-republique-francaise"},"share_on_mastodon":{"url":"https:\/\/pubeurope.com\/@fr\/115420582577000694","error":""},"_links":{"self":[{"href":"https:\/\/www.europesays.com\/fr\/wp-json\/wp\/v2\/posts\/483148","targetHints":{"allow":["GET"]}}],"collection":[{"href":"https:\/\/www.europesays.com\/fr\/wp-json\/wp\/v2\/posts"}],"about":[{"href":"https:\/\/www.europesays.com\/fr\/wp-json\/wp\/v2\/types\/post"}],"author":[{"embeddable":true,"href":"https:\/\/www.europesays.com\/fr\/wp-json\/wp\/v2\/users\/2"}],"replies":[{"embeddable":true,"href":"https:\/\/www.europesays.com\/fr\/wp-json\/wp\/v2\/comments?post=483148"}],"version-history":[{"count":0,"href":"https:\/\/www.europesays.com\/fr\/wp-json\/wp\/v2\/posts\/483148\/revisions"}],"wp:featuredmedia":[{"embeddable":true,"href":"https:\/\/www.europesays.com\/fr\/wp-json\/wp\/v2\/media\/483149"}],"wp:attachment":[{"href":"https:\/\/www.europesays.com\/fr\/wp-json\/wp\/v2\/media?parent=483148"}],"wp:term":[{"taxonomy":"category","embeddable":true,"href":"https:\/\/www.europesays.com\/fr\/wp-json\/wp\/v2\/categories?post=483148"},{"taxonomy":"post_tag","embeddable":true,"href":"https:\/\/www.europesays.com\/fr\/wp-json\/wp\/v2\/tags?post=483148"}],"curies":[{"name":"wp","href":"https:\/\/api.w.org\/{rel}","templated":true}]}}