{"id":48315,"date":"2025-04-24T04:54:10","date_gmt":"2025-04-24T04:54:10","guid":{"rendered":"https:\/\/www.europesays.com\/fr\/48315\/"},"modified":"2025-04-24T04:54:10","modified_gmt":"2025-04-24T04:54:10","slug":"demi-moore-revient-sur-sa-relation-conflictuelle-avec-son-corps","status":"publish","type":"post","link":"https:\/\/www.europesays.com\/fr\/48315\/","title":{"rendered":"Demi Moore revient sur sa relation \u00abconflictuelle\u00bb avec son corps"},"content":{"rendered":"<p>Dans une interview au magazine People, l\u2019actrice de 62 ans s\u2019est confi\u00e9e sur les sacrifices qu\u2019elle a consentis pour r\u00e9pondre aux injonctions de beaut\u00e9 \u00e0 Hollywood, et sur le chemin parcouru vers l\u2019acceptation de soi.<\/p>\n<p class=\"fig-paragraph\">\u00c0 62 ans,\u00a0<a href=\"https:\/\/madame.lefigaro.fr\/tag\/demi-moore\" data-gtm-custom-categorie=\"navigation\" data-gtm-custom-action=\"crossclick\" data-gtm-custom-label=\"Contextuel\" data-gtm-event=\"customEventSPE\" target=\"_blank\" rel=\"noopener\">Demi Moore<\/a>\u00a0vient d\u2019\u00eatre nomm\u00e9e \u00abPlus belle personnalit\u00e9 de 2025\u00bb par\u00a0<a href=\"https:\/\/people.com\/demi-moore-used-to-torture-her-body-with-crazy-workouts-exclusive-11719630\" target=\"_blank\" rel=\"nofollow noopener\" data-gtm-custom-categorie=\"navigation\" data-gtm-custom-action=\"crossclick\" data-gtm-custom-label=\"Contextuel\" data-gtm-event=\"customEventSPE\">People<\/a> . Une reconnaissance qui contraste avec le rapport complexe qu\u2019elle a longtemps entretenu avec son corps. Dans une interview accord\u00e9e au magazine am\u00e9ricain, l\u2019h\u00e9ro\u00efne de The Substance est revenue sur les exc\u00e8s auxquels elle s\u2019est livr\u00e9e pour correspondre aux standards de beaut\u00e9 impos\u00e9s par l\u2019industrie du cin\u00e9ma. \u00abJe me suis tortur\u00e9e. J\u2019ai fait des choses folles, comme faire du v\u00e9lo de Malibu jusqu\u2019\u00e0 Paramount, soit environ 42 kilom\u00e8tres. Tout \u00e7a parce que j\u2019accordais trop d\u2019importance \u00e0 mon apparence physique\u00bb, a-t-elle confi\u00e9 dans ce num\u00e9ro dat\u00e9 du 5 mai, dont elle fait la couverture.<\/p>\n<p>\u00abJe me punissais\u00bb<\/p>\n<p class=\"fig-paragraph\">L\u2019actrice admet avoir intensifi\u00e9 ses efforts particuli\u00e8rement durant le tournage du film G.I. Jane (1997), dans lequel elle incarnait le lieutenant Jordan O\u2019Neil. \u00abJ\u2019\u00e9tais tr\u00e8s dure et j\u2019avais une relation beaucoup plus conflictuelle avec mon corps. Et puis, je me punissais carr\u00e9ment\u00bb, poursuit-elle.<\/p>\n<p class=\"fig-body-link&#10;    \">\n            \u00c0 lire aussi<br \/>\n        <a class=\"fig-body-link__link\" href=\"http:\/\/madame.lefigaro.fr\/beaute\/a-40-ans-j-etais-trop-jeune-pour-jouer-une-femme-de-mon-age-demi-moore-revient-sur-les-critiques-agistes-qu-elle-a-subies-a-l-epoque-de-charlie-s-angels-20241107\" data-fig-type=\"Article\" data-gtm-custom-categorie=\"navigation\" data-gtm-custom-action=\"crossclick\" data-gtm-custom-label=\"Contextuel\" data-gtm-event=\"customEventSPE\" data-fig-domain=\"MADAME\" target=\"_blank\" rel=\"noopener\">\u00ab\u00c0 40 ans, j\u2019\u00e9tais trop jeune pour jouer une femme de mon \u00e2ge\u00bb\u00a0: Demi Moore revient sur les critiques \u00e2gistes qu\u2019elle a subies \u00e0 l\u2019\u00e9poque de Charlie\u2019s Angels<\/a>\n<\/p>\n<p class=\"fig-paragraph\">Ce n\u2019est qu\u2019apr\u00e8s cette p\u00e9riode qu\u2019un d\u00e9clic s\u2019op\u00e8re\u00a0: \u00abJ\u2019avais transform\u00e9 mon corps \u00e0 plusieurs reprises, et \u00e9videmment, il \u00e9tait beaucoup plus imposant et muscl\u00e9. J\u2019avais v\u00e9cu une exp\u00e9rience incroyable sur ce film, et j\u2019avais ressenti une sensation de force, explique-t-elle. Mais j\u2019ai compris que je ne voulais pas porter \u00e7a. Je voulais juste l\u2019avoir en moi. Et je crois que j\u2019\u00e9tais \u00e9puis\u00e9e d\u2019avoir endur\u00e9 autant d\u2019\u00e9preuves pendant si longtemps.\u00bb<\/p>\n<p>L\u00e2cher prise<\/p>\n<p class=\"fig-paragraph\">Cette prise de conscience marque le d\u00e9but d\u2019un cheminement vers l\u2019acceptation de soi pour la star de Ghost. \u00abJ\u2019ai arr\u00eat\u00e9 de chercher \u00e0 contr\u00f4ler mon alimentation et j\u2019ai eu un moment d\u2019abandon o\u00f9 j\u2019ai vraiment l\u00e2ch\u00e9 prise et compris ce que signifiait accepter mon corps tel qu\u2019il est, m\u00eame si ce n\u2019\u00e9tait pas celui que je voulais. J\u2019ai vraiment l\u00e2ch\u00e9 prise, se souvient-elle. Je voulais juste retrouver ma taille naturelle, car je ne savais plus ce que c\u2019\u00e9tait. J\u2019ai eu trois grossesses. J\u2019avais suivi tous ces r\u00e9gimes et tous ces entra\u00eenements, je les avais contr\u00f4l\u00e9s et modifi\u00e9s. Et je ne le savais pas. Alors j\u2019ai l\u00e2ch\u00e9 prise.\u00bb<\/p>\n<p>\u00a0\u00bb<br \/>\n        data-script=\u00a0\u00bbhttps:\/\/static.lefigaro.fr\/widget-video\/short-ttl\/video\/index.js\u00a0\u00bb<br \/>\n    &gt;<\/p>\n<p>Accepter son \u00abcorps de sexag\u00e9naire\u00bb<\/p>\n<p class=\"fig-paragraph\">Plus r\u00e9cemment, son r\u00f4le dans\u00a0<a href=\"http:\/\/madame.lefigaro.fr\/celebrites\/cinema\/evanouissements-et-malaises-a-cannes-le-film-d-horreur-feministe-avec-demi-moore-choque-les-spectateurs-du-festival-20240522\" data-fig-type=\"Article\" data-gtm-custom-categorie=\"navigation\" data-gtm-custom-action=\"crossclick\" data-gtm-custom-label=\"Contextuel\" data-gtm-event=\"customEventSPE\" data-fig-domain=\"MADAME\" target=\"_blank\" rel=\"noopener\">The Substance de Coralie Fargeat<\/a>, pour lequel elle s\u2019est mise \u00e0 nu, a renforc\u00e9 cette d\u00e9marche. Elle \u00e9voque \u00abune lib\u00e9ration dans cette acceptation de mon corps de sexag\u00e9naire. Et ce corps \u00e9tant ce qu\u2019il est, et pas celui que j\u2019avais \u00e0 20 ans, m\u00eame lorsque je me plaignais de celui que j\u2019avais \u00e0 20 ou 30 ans, reconna\u00eet-elle. M\u00eame si c\u2019\u00e9tait une exp\u00e9rience tr\u00e8s vuln\u00e9rable et tr\u00e8s brute. Car je savais vraiment qu\u2019en faisant cela, c\u2019\u00e9tait au service de l\u2019histoire, au service de ce qui \u00e9tait important. La nudit\u00e9 \u00e9tait vraiment un \u00e9l\u00e9ment important de la vuln\u00e9rabilit\u00e9 qu\u2019il fallait transmettre.\u00bb<\/p>\n<p class=\"fig-body-link&#10;    \">\n            \u00c0 lire aussi<br \/>\n        <a class=\"fig-body-link__link\" href=\"http:\/\/madame.lefigaro.fr\/celebrites\/actu-people\/j-ai-contracte-un-zona-et-j-ai-perdu-9-kilos-demi-moore-revient-sur-le-tournage-eprouvant-de-the-substance-20240906\" data-fig-type=\"Article\" data-gtm-custom-categorie=\"navigation\" data-gtm-custom-action=\"crossclick\" data-gtm-custom-label=\"Contextuel\" data-gtm-event=\"customEventSPE\" data-fig-domain=\"MADAME\" target=\"_blank\" rel=\"noopener\">\u00abJ\u2019ai contract\u00e9 un zona et j\u2019ai perdu 9 kilos\u00bb\u00a0: Demi Moore revient sur le tournage \u00e9prouvant de The Substance<\/a>\n<\/p>\n<p class=\"fig-paragraph\">Aujourd\u2019hui, l\u2019ex-\u00e9pouse de Bruce Willis affirme avoir \u00e9volu\u00e9 vers une plus grande bienveillance envers elle-m\u00eame, mettant la priorit\u00e9 sur la sant\u00e9, le bien-\u00eatre g\u00e9n\u00e9ral, la long\u00e9vit\u00e9 et la qualit\u00e9 de vie. \u00abJ\u2019appr\u00e9cie davantage tout ce que mon corps a travers\u00e9 et qui m\u2019a amen\u00e9e l\u00e0 o\u00f9 je suis aujourd\u2019hui. C\u2019est incroyable que mon corps ait grandi avec trois \u00eatres humains et que je sois globalement en excellente sant\u00e9\u00bb, se r\u00e9jouit-elle, admettant toutefois que certaines ins\u00e9curit\u00e9s persistent. \u00abCela ne veut pas dire que parfois, en me regardant dans le miroir, je ne me dis pas\u00a0: \u00ab\u00a0Oh mon Dieu, j\u2019ai l\u2019air vieille\u00a0\u00bb ou \u00ab\u00a0Oh, mon visage est en train de tomber\u00a0\u00bb \u2013 \u00e7a m\u2019arrive. Mais je peux accepter que j\u2019en suis l\u00e0 aujourd\u2019hui. La diff\u00e9rence, c\u2019est que cela ne d\u00e9finit ni ma valeur ni qui je suis.\u00bb<\/p>\n<p>\u00abJ\u2019essayais de dominer mon corps\u00bb<\/p>\n<p class=\"fig-paragraph\">La m\u00e8re de Rumer Glenn, Scout LaRue et Tallulah Belle Willis dit entretenir une relation beaucoup plus \u00abintuitive\u00bb et apais\u00e9e avec son corps d\u00e9sormais. \u00abJe lui fais confiance lorsqu\u2019il me dit qu\u2019il a besoin de manger, qu\u2019il a soif. J\u2019\u00e9coute mon corps aujourd\u2019hui et j\u2019ai beaucoup moins peur\u00bb, assure-t-elle. Et de conclure\u00a0: \u00abPlus jeune, j\u2019avais l\u2019impression que mon corps me trahissait. Alors j\u2019essayais simplement de le dominer. Et maintenant, je ne fonctionne plus de cette fa\u00e7on. Ma relation est beaucoup plus harmonieuse.\u00bb<\/p>\n<p class=\"fig-slideshow__title\">\n                    L&rsquo;\u00e9volution physique de Demi Moore\n                <\/p>\n","protected":false},"excerpt":{"rendered":"Dans une interview au magazine People, l\u2019actrice de 62 ans s\u2019est confi\u00e9e sur les sacrifices qu\u2019elle a consentis&hellip;\n","protected":false},"author":2,"featured_media":48316,"comment_status":"","ping_status":"","sticky":false,"template":"","format":"standard","meta":{"footnotes":""},"categories":[8],"tags":[2424,4983,6731,6729,13972,6728,13312,58,59,1295,1294,638,4988,1011,27,4933,977,6726,6727,2298,4984,517,6730],"class_list":{"0":"post-48315","1":"post","2":"type-post","3":"status-publish","4":"format-standard","5":"has-post-thumbnail","7":"category-divertissement","8":"tag-beaute","9":"tag-bien-etre","10":"tag-bien-fait","11":"tag-coiffure","12":"tag-corps-des-femmes","13":"tag-coupe-de-cheveux","14":"tag-demi-moore","15":"tag-divertissement","16":"tag-entertainment","17":"tag-feminin","18":"tag-femme","19":"tag-figaro","20":"tag-forme","21":"tag-fr","22":"tag-france","23":"tag-homme","24":"tag-madame","25":"tag-make-up","26":"tag-maquillage","27":"tag-parfum","28":"tag-soins","29":"tag-sport","30":"tag-vernis"},"share_on_mastodon":{"url":"https:\/\/pubeurope.com\/@fr\/114391158966976308","error":""},"_links":{"self":[{"href":"https:\/\/www.europesays.com\/fr\/wp-json\/wp\/v2\/posts\/48315","targetHints":{"allow":["GET"]}}],"collection":[{"href":"https:\/\/www.europesays.com\/fr\/wp-json\/wp\/v2\/posts"}],"about":[{"href":"https:\/\/www.europesays.com\/fr\/wp-json\/wp\/v2\/types\/post"}],"author":[{"embeddable":true,"href":"https:\/\/www.europesays.com\/fr\/wp-json\/wp\/v2\/users\/2"}],"replies":[{"embeddable":true,"href":"https:\/\/www.europesays.com\/fr\/wp-json\/wp\/v2\/comments?post=48315"}],"version-history":[{"count":0,"href":"https:\/\/www.europesays.com\/fr\/wp-json\/wp\/v2\/posts\/48315\/revisions"}],"wp:featuredmedia":[{"embeddable":true,"href":"https:\/\/www.europesays.com\/fr\/wp-json\/wp\/v2\/media\/48316"}],"wp:attachment":[{"href":"https:\/\/www.europesays.com\/fr\/wp-json\/wp\/v2\/media?parent=48315"}],"wp:term":[{"taxonomy":"category","embeddable":true,"href":"https:\/\/www.europesays.com\/fr\/wp-json\/wp\/v2\/categories?post=48315"},{"taxonomy":"post_tag","embeddable":true,"href":"https:\/\/www.europesays.com\/fr\/wp-json\/wp\/v2\/tags?post=48315"}],"curies":[{"name":"wp","href":"https:\/\/api.w.org\/{rel}","templated":true}]}}