{"id":483152,"date":"2025-10-23T00:14:56","date_gmt":"2025-10-23T00:14:56","guid":{"rendered":"https:\/\/www.europesays.com\/fr\/483152\/"},"modified":"2025-10-23T00:14:56","modified_gmt":"2025-10-23T00:14:56","slug":"grenoble-sarah-chiche-sera-au-square-ce-jeudi","status":"publish","type":"post","link":"https:\/\/www.europesays.com\/fr\/483152\/","title":{"rendered":"Grenoble. Sarah Chiche sera au Square ce jeudi"},"content":{"rendered":"<p>Ce jeudi 23\u00a0octobre, \u00e0 19\u00a0heures, la librairie Le Square (2 place L\u00e9on-Martin) recevra l\u2019\u00e9crivaine et psychanalyste Sarah Chiche pour son dernier roman Aimer , paru aux \u00e9ditions Julliard. Les destins d\u2019Alexis et de Margaux se lient lors d\u2019un \u00e9v\u00e9nement dramatique, alors qu\u2019ils sont enfants. Des d\u00e9cennies plus tard, les deux se retrouvent par hasard, anim\u00e9s par un amour intact, en d\u00e9pit des \u00e9cueils et de trajectoires bien diff\u00e9rentes. De la Suisse \u00e0 la France, en passant par l\u2019Am\u00e9rique, ce roman lumineux propose une fresque captivante sur ces instants o\u00f9 tout peut encore basculer. L\u2019invit\u00e9e a notamment publi\u00e9 Les Ent\u00e9n\u00e9br\u00e9s (Seuil), distingu\u00e9 par le Prix de la Closerie des Lilas.<\/p>\n<p class=\"note\">R\u00e9servation conseill\u00e9e au 04\u00a076\u00a046\u00a061\u00a063 ou par mail\u00a0: reservation@librairielesquare.fr<\/p>\n","protected":false},"excerpt":{"rendered":"Ce jeudi 23\u00a0octobre, \u00e0 19\u00a0heures, la librairie Le Square (2 place L\u00e9on-Martin) recevra l\u2019\u00e9crivaine et psychanalyste Sarah Chiche&hellip;\n","protected":false},"author":2,"featured_media":483153,"comment_status":"","ping_status":"","sticky":false,"template":"","format":"standard","meta":{"footnotes":""},"categories":[9566],"tags":[1111,11,2430,6211,1687,112,1777,674,1011,27,2731,2732,12,5486,25],"class_list":{"0":"post-483152","1":"post","2":"type-post","3":"status-publish","4":"format-standard","5":"has-post-thumbnail","7":"category-grenoble","8":"tag-actu","9":"tag-actualites","10":"tag-auvergne-rhone-alpes","11":"tag-conference","12":"tag-culture-loisirs","13":"tag-edition-grenoble-agglomeration","14":"tag-eu","15":"tag-europe","16":"tag-fr","17":"tag-france","18":"tag-grenoble","19":"tag-grenoble-bassin","20":"tag-news","21":"tag-rencontre","22":"tag-republique-francaise"},"share_on_mastodon":{"url":"https:\/\/pubeurope.com\/@fr\/115420602218518216","error":""},"_links":{"self":[{"href":"https:\/\/www.europesays.com\/fr\/wp-json\/wp\/v2\/posts\/483152","targetHints":{"allow":["GET"]}}],"collection":[{"href":"https:\/\/www.europesays.com\/fr\/wp-json\/wp\/v2\/posts"}],"about":[{"href":"https:\/\/www.europesays.com\/fr\/wp-json\/wp\/v2\/types\/post"}],"author":[{"embeddable":true,"href":"https:\/\/www.europesays.com\/fr\/wp-json\/wp\/v2\/users\/2"}],"replies":[{"embeddable":true,"href":"https:\/\/www.europesays.com\/fr\/wp-json\/wp\/v2\/comments?post=483152"}],"version-history":[{"count":0,"href":"https:\/\/www.europesays.com\/fr\/wp-json\/wp\/v2\/posts\/483152\/revisions"}],"wp:featuredmedia":[{"embeddable":true,"href":"https:\/\/www.europesays.com\/fr\/wp-json\/wp\/v2\/media\/483153"}],"wp:attachment":[{"href":"https:\/\/www.europesays.com\/fr\/wp-json\/wp\/v2\/media?parent=483152"}],"wp:term":[{"taxonomy":"category","embeddable":true,"href":"https:\/\/www.europesays.com\/fr\/wp-json\/wp\/v2\/categories?post=483152"},{"taxonomy":"post_tag","embeddable":true,"href":"https:\/\/www.europesays.com\/fr\/wp-json\/wp\/v2\/tags?post=483152"}],"curies":[{"name":"wp","href":"https:\/\/api.w.org\/{rel}","templated":true}]}}