{"id":483162,"date":"2025-10-23T00:21:18","date_gmt":"2025-10-23T00:21:18","guid":{"rendered":"https:\/\/www.europesays.com\/fr\/483162\/"},"modified":"2025-10-23T00:21:18","modified_gmt":"2025-10-23T00:21:18","slug":"previsions-du-jeudi-23-octobre-2025-7","status":"publish","type":"post","link":"https:\/\/www.europesays.com\/fr\/483162\/","title":{"rendered":"pr\u00e9visions du jeudi 23 octobre 2025"},"content":{"rendered":"<p class=\"mb-4 text-lg md:leading-8 break-words\"><strong>M\u00e9t\u00e9o &#8211; Aujourd&rsquo;hui, encore des nuages dans le ciel qui emp\u00eachent le soleil d&rsquo;appara\u00eetre. Du mauvais temps est \u00e0 pr\u00e9voir. Des pluies \u00e9parses vont tomber. Les temp\u00e9ratures seront de 14\u00b0C le matin et de 12\u00b0C l&rsquo;apr\u00e8s-midi&#8230;<\/strong><\/p>\n<p class=\"mb-4 text-lg md:leading-8 break-words\">Aujourd&rsquo;hui, \u00e0 Strasbourg, des nuages ne voudront pas laisser leur place au soleil. Il va faire en moyenne 13\u00b0C. Un vent de sud-ouest est pr\u00e9vu : il soufflera \u00e0 28 km\/h. Le matin, le temps sera ponctu\u00e9 par de la bruine. Des pluies \u00e9parses vont tomber au cours de l&rsquo;apr\u00e8s-midi. Les temp\u00e9ratures s&rsquo;\u00e9chelonneront entre 11 et 13\u00b0C. Il faudra anticiper des perturbations le soir, les Strasbourgeois se retrouveront sous des pluies \u00e9parses. La nuit sera pluvieuse.<\/p>\n<p class=\"mb-4 text-lg md:leading-8 break-words\">Demain, \u00e0 Strasbourg, on sera sous un ciel bien maussade, couvert de nuages. Intemp\u00e9ries : on pr\u00e9voit des pluies \u00e9parses. Une chute des temp\u00e9ratures est \u00e0 pr\u00e9voir. Le mercure affichera 9\u00b0C en moyenne. La ville sera touch\u00e9e par un vent de sud-ouest de 23 km\/h. Le matin, on pr\u00e9voit des valeurs d&rsquo;environ 8\u00b0C. L&rsquo;apr\u00e8s-midi va rester voil\u00e9 \u00e0 cause de nuages qui se maintiennent dans le ciel. Les temp\u00e9ratures afficheront entre 9\u00b0C et 11\u00b0C. Des \u00e9claircies sont attendues : on passera une soir\u00e9e cl\u00e9mente.<\/p>\n<p class=\"mb-4 text-lg md:leading-8 break-words\">Les jours se suivent et ne changent pas. Il fera 10\u00b0C en moyenne pour des journ\u00e9es avec un ciel pluvieux.<\/p>\n<p class=\"mb-4 text-lg md:leading-8 break-words\"><a href=\"https:\/\/www.20minutes.fr\/planete\/previsions-meteo\/4181028-20251023-meteo-strasbourg-previsions-jeudi-23-octobre-2025?at_medium=RSS%20feed&amp;at_campaign=ynews&amp;utm_source=yahoo&amp;utm_medium=rss&amp;utm_campaign=news_feed&amp;utm_content=read_more_link&quot;\" rel=\"nofollow noopener\" target=\"_blank\" data-ylk=\"slk:Lire la suite sur 20minutes;elm:context_link;itc:0;sec:content-canvas\" class=\"link \">Lire la suite sur 20minutes<\/a><\/p>\n","protected":false},"excerpt":{"rendered":"M\u00e9t\u00e9o &#8211; Aujourd&rsquo;hui, encore des nuages dans le ciel qui emp\u00eachent le soleil d&rsquo;appara\u00eetre. Du mauvais temps est&hellip;\n","protected":false},"author":2,"featured_media":483163,"comment_status":"","ping_status":"","sticky":false,"template":"","format":"standard","meta":{"footnotes":""},"categories":[2820],"tags":[1111,11,1777,674,1011,27,775,44166,6172,2487,12,25,640],"class_list":{"0":"post-483162","1":"post","2":"type-post","3":"status-publish","4":"format-standard","5":"has-post-thumbnail","7":"category-strasbourg","8":"tag-actu","9":"tag-actualites","10":"tag-eu","11":"tag-europe","12":"tag-fr","13":"tag-france","14":"tag-grand-est","15":"tag-le-matin","16":"tag-le-soleil","17":"tag-meteo","18":"tag-news","19":"tag-republique-francaise","20":"tag-strasbourg"},"share_on_mastodon":{"url":"https:\/\/pubeurope.com\/@fr\/115420625853966757","error":""},"_links":{"self":[{"href":"https:\/\/www.europesays.com\/fr\/wp-json\/wp\/v2\/posts\/483162","targetHints":{"allow":["GET"]}}],"collection":[{"href":"https:\/\/www.europesays.com\/fr\/wp-json\/wp\/v2\/posts"}],"about":[{"href":"https:\/\/www.europesays.com\/fr\/wp-json\/wp\/v2\/types\/post"}],"author":[{"embeddable":true,"href":"https:\/\/www.europesays.com\/fr\/wp-json\/wp\/v2\/users\/2"}],"replies":[{"embeddable":true,"href":"https:\/\/www.europesays.com\/fr\/wp-json\/wp\/v2\/comments?post=483162"}],"version-history":[{"count":0,"href":"https:\/\/www.europesays.com\/fr\/wp-json\/wp\/v2\/posts\/483162\/revisions"}],"wp:featuredmedia":[{"embeddable":true,"href":"https:\/\/www.europesays.com\/fr\/wp-json\/wp\/v2\/media\/483163"}],"wp:attachment":[{"href":"https:\/\/www.europesays.com\/fr\/wp-json\/wp\/v2\/media?parent=483162"}],"wp:term":[{"taxonomy":"category","embeddable":true,"href":"https:\/\/www.europesays.com\/fr\/wp-json\/wp\/v2\/categories?post=483162"},{"taxonomy":"post_tag","embeddable":true,"href":"https:\/\/www.europesays.com\/fr\/wp-json\/wp\/v2\/tags?post=483162"}],"curies":[{"name":"wp","href":"https:\/\/api.w.org\/{rel}","templated":true}]}}