{"id":483178,"date":"2025-10-23T00:31:11","date_gmt":"2025-10-23T00:31:11","guid":{"rendered":"https:\/\/www.europesays.com\/fr\/483178\/"},"modified":"2025-10-23T00:31:11","modified_gmt":"2025-10-23T00:31:11","slug":"previsions-du-jeudi-23-octobre-2025-9","status":"publish","type":"post","link":"https:\/\/www.europesays.com\/fr\/483178\/","title":{"rendered":"pr\u00e9visions du jeudi 23 octobre 2025"},"content":{"rendered":"<p class=\"mb-4 text-lg md:leading-8 break-words\"><strong>M\u00e9t\u00e9o &#8211; Le soleil peinera \u00e0 percer au milieu des nuages qui perdureront dans la journ\u00e9e. De la bruine l\u00e9g\u00e8re va tomber. Les temp\u00e9ratures seront de 11\u00b0C la matin\u00e9e et de 10\u00b0C l&rsquo;apr\u00e8s-midi&#8230;<\/strong><\/p>\n<p class=\"mb-4 text-lg md:leading-8 break-words\">Aujourd&rsquo;hui, \u00e0 Lille, des nuages ne voudront pas laisser leur place au soleil. Les valeurs tourneront autour des 11\u00b0C. Un vent de sud-ouest soufflera \u00e0 41 km\/h. La grisaille ne se dissipe toujours pas, il va y avoir encore des nuages le matin. Il faudra pr\u00e9voir des perturbations, les Lillois se retrouveront sous des pluies \u00e9parses. Les temp\u00e9ratures seront comprises entre 9 et 12\u00b0C. Un vent de sud-ouest soufflera \u00e0 39 km\/h. De la pluie est attendue dans l&rsquo;apr\u00e8s-midi. Les valeurs s&rsquo;\u00e9chelonneront entre 9 et 10\u00b0C. Un vent d&rsquo;ouest soufflera \u00e0 46 km\/h. Intemp\u00e9ries : on annonce de la bruine pour le soir. Les temp\u00e9ratures tourneront autour des 9\u00b0C. Un vent d&rsquo;ouest soufflera \u00e0 42 km\/h. Durant la nuit de jeudi \u00e0 vendredi, le ciel sera limpide.<\/p>\n<p class=\"mb-4 text-lg md:leading-8 break-words\">Une baisse des temp\u00e9ratures est pr\u00e9vue \u00e0 Lille, demain. Il va faire 10\u00b0C en moyenne. Un vent de sud-ouest est pr\u00e9vu : il soufflera \u00e0 28 km\/h. Le soleil manquera le matin, car le ciel sera couvert par des nuages. Il faudra emporter son parapluie pour s&rsquo;abriter des pluies \u00e9parses. On pr\u00e9voit des temp\u00e9ratures avoisinant 9\u00b0C. Il est possible qu&rsquo;il y ait de l\u00e9g\u00e8res averses demain apr\u00e8s-midi. Les valeurs afficheront entre 10\u00b0C et 12\u00b0C. Dans la soir\u00e9e, de petites averses seront probables. Le thermom\u00e8tre affichera 10\u00b0C en moyenne.<\/p>\n<p class=\"mb-4 text-lg md:leading-8 break-words\">Peu d&rsquo;\u00e9volutions pour la suite. Il fera 10\u00b0C en moyenne pour des journ\u00e9es avec une m\u00e9t\u00e9o pluvieuse.<\/p>\n<p class=\"mb-4 text-lg md:leading-8 break-words\"><a href=\"https:\/\/www.20minutes.fr\/planete\/previsions-meteo\/4181023-20251023-meteo-lille-previsions-jeudi-23-octobre-2025?at_medium=RSS%20feed&amp;at_campaign=ynews&amp;utm_source=yahoo&amp;utm_medium=rss&amp;utm_campaign=news_feed&amp;utm_content=read_more_link&quot;\" rel=\"nofollow noopener\" target=\"_blank\" data-ylk=\"slk:Lire la suite sur 20minutes;elm:context_link;itc:0;sec:content-canvas\" class=\"link \">Lire la suite sur 20minutes<\/a><\/p>\n","protected":false},"excerpt":{"rendered":"M\u00e9t\u00e9o &#8211; Le soleil peinera \u00e0 percer au milieu des nuages qui perdureront dans la journ\u00e9e. De la&hellip;\n","protected":false},"author":2,"featured_media":483179,"comment_status":"","ping_status":"","sticky":false,"template":"","format":"standard","meta":{"footnotes":""},"categories":[2815],"tags":[1111,11,1777,674,1011,27,811,6172,1307,2487,12,25,55605],"class_list":{"0":"post-483178","1":"post","2":"type-post","3":"status-publish","4":"format-standard","5":"has-post-thumbnail","7":"category-lille","8":"tag-actu","9":"tag-actualites","10":"tag-eu","11":"tag-europe","12":"tag-fr","13":"tag-france","14":"tag-hauts-de-france","15":"tag-le-soleil","16":"tag-lille","17":"tag-meteo","18":"tag-news","19":"tag-republique-francaise","20":"tag-vent-douest"},"share_on_mastodon":{"url":"https:\/\/pubeurope.com\/@fr\/115420665256453870","error":""},"_links":{"self":[{"href":"https:\/\/www.europesays.com\/fr\/wp-json\/wp\/v2\/posts\/483178","targetHints":{"allow":["GET"]}}],"collection":[{"href":"https:\/\/www.europesays.com\/fr\/wp-json\/wp\/v2\/posts"}],"about":[{"href":"https:\/\/www.europesays.com\/fr\/wp-json\/wp\/v2\/types\/post"}],"author":[{"embeddable":true,"href":"https:\/\/www.europesays.com\/fr\/wp-json\/wp\/v2\/users\/2"}],"replies":[{"embeddable":true,"href":"https:\/\/www.europesays.com\/fr\/wp-json\/wp\/v2\/comments?post=483178"}],"version-history":[{"count":0,"href":"https:\/\/www.europesays.com\/fr\/wp-json\/wp\/v2\/posts\/483178\/revisions"}],"wp:featuredmedia":[{"embeddable":true,"href":"https:\/\/www.europesays.com\/fr\/wp-json\/wp\/v2\/media\/483179"}],"wp:attachment":[{"href":"https:\/\/www.europesays.com\/fr\/wp-json\/wp\/v2\/media?parent=483178"}],"wp:term":[{"taxonomy":"category","embeddable":true,"href":"https:\/\/www.europesays.com\/fr\/wp-json\/wp\/v2\/categories?post=483178"},{"taxonomy":"post_tag","embeddable":true,"href":"https:\/\/www.europesays.com\/fr\/wp-json\/wp\/v2\/tags?post=483178"}],"curies":[{"name":"wp","href":"https:\/\/api.w.org\/{rel}","templated":true}]}}