{"id":483184,"date":"2025-10-23T00:34:21","date_gmt":"2025-10-23T00:34:21","guid":{"rendered":"https:\/\/www.europesays.com\/fr\/483184\/"},"modified":"2025-10-23T00:34:21","modified_gmt":"2025-10-23T00:34:21","slug":"cette-place-emblematique-du-6e-arrondissement-de-lyon-va-faire-peau-neuve","status":"publish","type":"post","link":"https:\/\/www.europesays.com\/fr\/483184\/","title":{"rendered":"Cette place embl\u00e9matique du 6e arrondissement de Lyon va faire peau neuve"},"content":{"rendered":"<p>La M\u00e9tropole de Lyon et la Ville de Lyon ont officiellement lanc\u00e9 les travaux de r\u00e9am\u00e9nagement de cet espace embl\u00e9matique, dans la continuit\u00e9 d\u2019un projet co-construit avec les habitants et les commer\u00e7ants du quartier depuis 2023.<\/p>\n<p>Objectif affich\u00e9 : redonner vie \u00e0 la place en la rendant plus v\u00e9g\u00e9talis\u00e9e, rafra\u00eechissante et accessible \u00e0 tous. Le projet, qui s\u2019inscrit dans la strat\u00e9gie m\u00e9tropolitaine d\u2019adaptation au changement climatique, pr\u00e9voit la plantation de 17 nouveaux arbres et la d\u00e9simperm\u00e9abilisation de 1 600 m\u00b2 de surface, pour laisser davantage de place aux sols naturels et \u00e0 la biodiversit\u00e9. Au total, plus de 1500 m2 d\u2019espaces verts seront cr\u00e9\u00e9s.<\/p>\n<p>L\u2019actuel bassin sera remplac\u00e9 par une fontaine ludique \u00e9quip\u00e9e de jets d\u2019eau accessibles au public, favorisant le rafra\u00eechissement estival. Une aire de jeux inclusive, con\u00e7ue pour accueillir tous les enfants, y compris ceux \u00e0 mobilit\u00e9 r\u00e9duite, sera am\u00e9nag\u00e9e, de m\u00eame qu\u2019une all\u00e9e pi\u00e9tonne au nord de la place, longeant les commerces.<\/p>\n<p>Autour du lyc\u00e9e \u00c9douard-Herriot, le projet pr\u00e9voit la cr\u00e9ation d\u2019un parvis apais\u00e9 et v\u00e9g\u00e9talis\u00e9, tandis que les abords de l\u2019\u00e9glise Saint-Pothin accueilleront une zone de convivialit\u00e9 avec un espace de p\u00e9tanque, du mobilier urbain, des tables de jeux, un baby-foot et des gradins pour s\u2019asseoir. Une zone de v\u00e9g\u00e9talisation citoyenne permettra aussi aux habitants de participer directement \u00e0 l\u2019entretien et \u00e0 la vie du lieu.<\/p>\n<p><img loading=\"lazy\" decoding=\"async\" style=\"display: block; margin-left: auto; margin-right: auto;\" src=\"https:\/\/www.europesays.com\/fr\/wp-content\/uploads\/2025\/10\/quinet-perspective-aire-de-jeux-3-79803.jpg\" alt=\"\" width=\"600\" height=\"468\"\/><\/p>\n<p>Ces am\u00e9nagements s\u2019inspirent des exp\u00e9rimentations d\u2019urbanisme transitoire men\u00e9es l\u2019an pass\u00e9, lors desquelles riverains et lyc\u00e9ens ont pu tester diff\u00e9rents usages et formuler leurs attentes.<\/p>\n<p>Sous ma\u00eetrise d\u2019ouvrage de la M\u00e9tropole de Lyon, le chantier repr\u00e9sente un investissement global de 3,7 millions d\u2019euros, dont 1,9 million d\u2019euros financ\u00e9 par la Ville. Les travaux se d\u00e9rouleront sur deux ans, avec une inauguration pr\u00e9vue apr\u00e8s l&rsquo;\u00e9t\u00e9 2026.<\/p>\n","protected":false},"excerpt":{"rendered":"La M\u00e9tropole de Lyon et la Ville de Lyon ont officiellement lanc\u00e9 les travaux de r\u00e9am\u00e9nagement de cet&hellip;\n","protected":false},"author":2,"featured_media":483185,"comment_status":"","ping_status":"","sticky":false,"template":"","format":"standard","meta":{"footnotes":""},"categories":[1889],"tags":[1111,11,2813,2190,2430,1109,251,1112,2811,1777,674,118,1011,27,1922,1110,1114,2428,2810,12,241,316,25,2812,517,800],"class_list":{"0":"post-483184","1":"post","2":"type-post","3":"status-publish","4":"format-standard","5":"has-post-thumbnail","7":"category-lyon","8":"tag-actu","9":"tag-actualites","10":"tag-article","11":"tag-asvel","12":"tag-auvergne-rhone-alpes","13":"tag-breves","14":"tag-culture","15":"tag-depeches","16":"tag-economique","17":"tag-eu","18":"tag-europe","19":"tag-faits-divers","20":"tag-fr","21":"tag-france","22":"tag-info","23":"tag-informations","24":"tag-infos","25":"tag-lyon","26":"tag-lyonmag","27":"tag-news","28":"tag-ol","29":"tag-politique","30":"tag-republique-francaise","31":"tag-sociale","32":"tag-sport","33":"tag-transports"},"share_on_mastodon":{"url":"https:\/\/pubeurope.com\/@fr\/115420677170337207","error":""},"_links":{"self":[{"href":"https:\/\/www.europesays.com\/fr\/wp-json\/wp\/v2\/posts\/483184","targetHints":{"allow":["GET"]}}],"collection":[{"href":"https:\/\/www.europesays.com\/fr\/wp-json\/wp\/v2\/posts"}],"about":[{"href":"https:\/\/www.europesays.com\/fr\/wp-json\/wp\/v2\/types\/post"}],"author":[{"embeddable":true,"href":"https:\/\/www.europesays.com\/fr\/wp-json\/wp\/v2\/users\/2"}],"replies":[{"embeddable":true,"href":"https:\/\/www.europesays.com\/fr\/wp-json\/wp\/v2\/comments?post=483184"}],"version-history":[{"count":0,"href":"https:\/\/www.europesays.com\/fr\/wp-json\/wp\/v2\/posts\/483184\/revisions"}],"wp:featuredmedia":[{"embeddable":true,"href":"https:\/\/www.europesays.com\/fr\/wp-json\/wp\/v2\/media\/483185"}],"wp:attachment":[{"href":"https:\/\/www.europesays.com\/fr\/wp-json\/wp\/v2\/media?parent=483184"}],"wp:term":[{"taxonomy":"category","embeddable":true,"href":"https:\/\/www.europesays.com\/fr\/wp-json\/wp\/v2\/categories?post=483184"},{"taxonomy":"post_tag","embeddable":true,"href":"https:\/\/www.europesays.com\/fr\/wp-json\/wp\/v2\/tags?post=483184"}],"curies":[{"name":"wp","href":"https:\/\/api.w.org\/{rel}","templated":true}]}}