{"id":483186,"date":"2025-10-23T00:35:15","date_gmt":"2025-10-23T00:35:15","guid":{"rendered":"https:\/\/www.europesays.com\/fr\/483186\/"},"modified":"2025-10-23T00:35:15","modified_gmt":"2025-10-23T00:35:15","slug":"previsions-du-jeudi-23-octobre-2025-10","status":"publish","type":"post","link":"https:\/\/www.europesays.com\/fr\/483186\/","title":{"rendered":"pr\u00e9visions du jeudi 23 octobre 2025"},"content":{"rendered":"<p class=\"mb-4 text-lg md:leading-8 break-words\"><strong>M\u00e9t\u00e9o &#8211; Le soleil aura du mal \u00e0 percer au milieu des nuages qui subsisteront dans la journ\u00e9e. Il va pleuvoir. Les temp\u00e9ratures seront de 14\u00b0C tout au long de la journ\u00e9e&#8230;<\/strong><\/p>\n<p class=\"mb-4 text-lg md:leading-8 break-words\">On notera la pr\u00e9sence persistante de nuages aujourd&rsquo;hui \u00e0 Lyon. Il faudra pr\u00e9voir son parapluie pour se prot\u00e9ger des pluies \u00e9parses. Il fera 13\u00b0C en moyenne. Il va faire en moyenne 14\u00b0C, le matin. La ville sera touch\u00e9e par un vent de sud-ouest de 26 km\/h. Encore de la grisaille l&rsquo;apr\u00e8s-midi. Les nuages vont s&rsquo;attarder. Les valeurs seront comprises entre 12 et 15\u00b0C. La grisaille ne se disperse toujours pas, il y aura encore des nuages le soir. Des pluies \u00e9parses sont pr\u00e9vues. Le thermom\u00e8tre affichera 11\u00b0C en moyenne. On attend une nuit avec un ciel assez pluvieux.<\/p>\n<p class=\"mb-4 text-lg md:leading-8 break-words\">Lyon, o\u00f9 des nuages persisteront demain, continuera de guetter le soleil. Une baisse des temp\u00e9ratures est attendue. On anticipe des temp\u00e9ratures avoisinant 10\u00b0C. Un vent de sud rafra\u00eechira l\u00e9g\u00e8rement l&rsquo;atmosph\u00e8re. Le matin, toujours des nuages dans le ciel qui emp\u00eachent le soleil de faire son apparition. Il faudra s&rsquo;attendre \u00e0 des perturbations, les Lyonnais se retrouveront sous des pluies \u00e9parses. Les valeurs seront de 10\u00b0C. Le soleil appara\u00eet l\u00e9g\u00e8rement demain apr\u00e8s-midi. Ces \u00e9claircies devraient r\u00e9jouir les habitants. Les temp\u00e9ratures s&rsquo;\u00e9chelonneront entre 12 et 13\u00b0C. Un ciel voil\u00e9 avec un d\u00e9veloppement de nuages est annonc\u00e9 dans la soir\u00e9e. Des pluies \u00e9parses vont tomber. Les temp\u00e9ratures avoisineront les 11\u00b0C.<\/p>\n<p class=\"mb-4 text-lg md:leading-8 break-words\">Les jours suivants s&rsquo;annoncent similaires. Il va faire un temps plut\u00f4t pluvieux avec des temp\u00e9ratures autour de 11\u00b0C.<\/p>\n<p class=\"mb-4 text-lg md:leading-8 break-words\"><a href=\"https:\/\/www.20minutes.fr\/planete\/previsions-meteo\/4181022-20251023-meteo-lyon-previsions-jeudi-23-octobre-2025?at_medium=RSS%20feed&amp;at_campaign=ynews&amp;utm_source=yahoo&amp;utm_medium=rss&amp;utm_campaign=news_feed&amp;utm_content=read_more_link&quot;\" rel=\"nofollow noopener\" target=\"_blank\" data-ylk=\"slk:Lire la suite sur 20minutes;elm:context_link;itc:0;sec:content-canvas\" class=\"link \">Lire la suite sur 20minutes<\/a><\/p>\n","protected":false},"excerpt":{"rendered":"M\u00e9t\u00e9o &#8211; Le soleil aura du mal \u00e0 percer au milieu des nuages qui subsisteront dans la journ\u00e9e.&hellip;\n","protected":false},"author":2,"featured_media":483187,"comment_status":"","ping_status":"","sticky":false,"template":"","format":"standard","meta":{"footnotes":""},"categories":[1889],"tags":[1111,11,2430,1777,674,1011,27,6172,2428,12,25],"class_list":{"0":"post-483186","1":"post","2":"type-post","3":"status-publish","4":"format-standard","5":"has-post-thumbnail","7":"category-lyon","8":"tag-actu","9":"tag-actualites","10":"tag-auvergne-rhone-alpes","11":"tag-eu","12":"tag-europe","13":"tag-fr","14":"tag-france","15":"tag-le-soleil","16":"tag-lyon","17":"tag-news","18":"tag-republique-francaise"},"share_on_mastodon":{"url":"https:\/\/pubeurope.com\/@fr\/115420680857515334","error":""},"_links":{"self":[{"href":"https:\/\/www.europesays.com\/fr\/wp-json\/wp\/v2\/posts\/483186","targetHints":{"allow":["GET"]}}],"collection":[{"href":"https:\/\/www.europesays.com\/fr\/wp-json\/wp\/v2\/posts"}],"about":[{"href":"https:\/\/www.europesays.com\/fr\/wp-json\/wp\/v2\/types\/post"}],"author":[{"embeddable":true,"href":"https:\/\/www.europesays.com\/fr\/wp-json\/wp\/v2\/users\/2"}],"replies":[{"embeddable":true,"href":"https:\/\/www.europesays.com\/fr\/wp-json\/wp\/v2\/comments?post=483186"}],"version-history":[{"count":0,"href":"https:\/\/www.europesays.com\/fr\/wp-json\/wp\/v2\/posts\/483186\/revisions"}],"wp:featuredmedia":[{"embeddable":true,"href":"https:\/\/www.europesays.com\/fr\/wp-json\/wp\/v2\/media\/483187"}],"wp:attachment":[{"href":"https:\/\/www.europesays.com\/fr\/wp-json\/wp\/v2\/media?parent=483186"}],"wp:term":[{"taxonomy":"category","embeddable":true,"href":"https:\/\/www.europesays.com\/fr\/wp-json\/wp\/v2\/categories?post=483186"},{"taxonomy":"post_tag","embeddable":true,"href":"https:\/\/www.europesays.com\/fr\/wp-json\/wp\/v2\/tags?post=483186"}],"curies":[{"name":"wp","href":"https:\/\/api.w.org\/{rel}","templated":true}]}}