{"id":483198,"date":"2025-10-23T00:42:24","date_gmt":"2025-10-23T00:42:24","guid":{"rendered":"https:\/\/www.europesays.com\/fr\/483198\/"},"modified":"2025-10-23T00:42:24","modified_gmt":"2025-10-23T00:42:24","slug":"55-personnes-arretees-ces-derniers-mois-pour-espionnage-au-profit-de-la-russie","status":"publish","type":"post","link":"https:\/\/www.europesays.com\/fr\/483198\/","title":{"rendered":"55 personnes arr\u00eat\u00e9es ces derniers mois pour espionnage au profit de la Russie"},"content":{"rendered":"<p>AA \/ Varsovie \/ Jo Harper<\/p>\n<p>Les autorit\u00e9s polonaises ont annonc\u00e9 mardi que 55 personnes avaient \u00e9t\u00e9 arr\u00eat\u00e9es ces derniers mois pour des activit\u00e9s men\u00e9es au profit des services de renseignement russes, un chiffre en forte hausse par rapport aux huit cas pr\u00e9c\u00e9demment signal\u00e9s.<\/p>\n<p>Jacek Dobrzynski, porte-parole du ministre charg\u00e9 de la coordination des services sp\u00e9ciaux, a indiqu\u00e9 que ce total r\u00e9sultait d\u2019un ensemble d\u2019enqu\u00eates plus vastes et interconnect\u00e9es. Il n\u2019a toutefois pas pr\u00e9cis\u00e9 la r\u00e9partition des affaires ni les chefs d\u2019accusation.<\/p>\n<p>Plus t\u00f4t dans la journ\u00e9e, le Premier ministre Donald Tusk avait annonc\u00e9 que l\u2019Agence de s\u00e9curit\u00e9 int\u00e9rieure (ABW), en coop\u00e9ration avec d\u2019autres services, avait interpell\u00e9 huit personnes \u00ab dans diff\u00e9rentes r\u00e9gions du pays \u00bb ces derniers jours, soup\u00e7onn\u00e9es de pr\u00e9parer des actes de sabotage. Dans un message publi\u00e9 sur la plateforme X bas\u00e9e aux \u00c9tats-Unis, Tusk a pr\u00e9cis\u00e9 que les enqu\u00eates \u00e9taient en cours et que d\u2019autres op\u00e9rations \u00e9taient pr\u00e9vues.<\/p>\n<p>Selon Jacek Dobrzynski, les personnes interpell\u00e9es font l\u2019objet de plusieurs enqu\u00eates distinctes et \u00e0 plusieurs niveaux portant sur les activit\u00e9s des services de renseignement russes. Parmi elles figure Danylo H., un citoyen ukrainien de 21 ans arr\u00eat\u00e9 pr\u00e8s de Varsovie le 16 octobre, soup\u00e7onn\u00e9 d\u2019espionnage en Pologne et en Roumanie. Cette arrestation a \u00e9t\u00e9 men\u00e9e en coop\u00e9ration avec le Service roumain de renseignement (SRI). Deux autres ressortissants ukrainiens auraient \u00e9galement \u00e9t\u00e9 arr\u00eat\u00e9s \u00e0 Bucarest dans le cadre d\u2019une enqu\u00eate connexe dirig\u00e9e par les autorit\u00e9s roumaines.<\/p>\n<p>Les responsables polonais n\u2019ont pas encore communiqu\u00e9 d\u2019informations pr\u00e9cises concernant les cibles, le calendrier ou les d\u00e9cisions de mise en accusation li\u00e9es aux arrestations effectu\u00e9es en Pologne.<\/p>\n<p>Depuis l\u2019invasion \u00e0 grande \u00e9chelle de l\u2019Ukraine par la Russie en f\u00e9vrier 2022, la Pologne est devenue un principal couloir de transit pour l\u2019aide militaire occidentale et les envois humanitaires, ce qui en fait une cible privil\u00e9gi\u00e9e pour des op\u00e9rations d\u2019espionnage et de sabotage visant les voies ferr\u00e9es, les d\u00e9p\u00f4ts, les infrastructures \u00e9nerg\u00e9tiques et les fournisseurs de d\u00e9fense.<\/p>\n<p>Les services polonais ont rendu publics plusieurs cas impliquant la surveillance du r\u00e9seau ferroviaire, des tentatives d\u2019incendie de sites commerciaux ou historiques, ainsi que le recrutement d\u2019indicateurs r\u00e9mun\u00e9r\u00e9s \u2014 des tactiques conformes au manuel des \u00ab mesures actives \u00bb que la Russie d\u00e9ploie plus largement \u00e0 travers l\u2019Union europ\u00e9enne.<\/p>\n<p>La coop\u00e9ration transfrontali\u00e8re avec le Service de renseignement roumain (SRI), ainsi qu\u2019avec les services baltes et tch\u00e8ques, s\u2019est intensifi\u00e9e \u2014 signe que les r\u00e9seaux suspects s\u2019\u00e9tendent au-del\u00e0 des juridictions nationales.<\/p>\n<p>L\u2019Agence de s\u00e9curit\u00e9 int\u00e9rieure (ABW) et le Service du contre-espionnage militaire (SKW) sont habilit\u00e9s \u00e0 enqu\u00eater sur les affaires d\u2019espionnage et de sabotage en vertu du Code p\u00e9nal polonais et des lois sur le contre-espionnage. Les tribunaux peuvent ordonner une d\u00e9tention provisoire tant que les dossiers demeurent classifi\u00e9s.<\/p>\n<p>Varsovie a mis en garde contre une intensification des op\u00e9rations clandestines et d\u2019influence men\u00e9es par la Russie \u00e0 l\u2019int\u00e9rieur m\u00eame des \u00c9tats membres de l\u2019OTAN.<\/p>\n<p>*Traduit de l&rsquo;anglais par Ben Amed Azize Zougmore<\/p>\n<p>                            &#13;<br \/>\n                                <a href=\"https:\/\/www.aa.com.tr\/fr\/p\/abonnement\/1001\" target=\"_blank\" style=\"font-size:12px; color:#444; text-decoration:none;\" rel=\"noopener\">&#13;<br \/>\n                                    Seulement une partie des d\u00e9p\u00eaches, que l&rsquo;Agence Anadolu diffuse \u00e0 ses abonn\u00e9s via le Syst\u00e8me de Diffusion interne (HAS), est diffus\u00e9e sur le site de l&rsquo;AA, de mani\u00e8re r\u00e9sum\u00e9e. <b style=\"color:#1897F7\">Contactez-nous s&rsquo;il vous pla\u00eet pour vous abonner.<\/b>&#13;<br \/>\n                                <\/a>&#13;<\/p>\n","protected":false},"excerpt":{"rendered":"AA \/ Varsovie \/ Jo Harper Les autorit\u00e9s polonaises ont annonc\u00e9 mardi que 55 personnes avaient \u00e9t\u00e9 arr\u00eat\u00e9es&hellip;\n","protected":false},"author":2,"featured_media":483199,"comment_status":"","ping_status":"","sticky":false,"template":"","format":"standard","meta":{"footnotes":""},"categories":[1591],"tags":[11,1785,60644,4777,1887,12,2437,1885,1886,132],"class_list":{"0":"post-483198","1":"post","2":"type-post","3":"status-publish","4":"format-standard","5":"has-post-thumbnail","7":"category-russie","8":"tag-actualites","9":"tag-anadolu-ajansi","10":"tag-arrestation-de-55-suspects","11":"tag-espionnage","12":"tag-federation-de-russie","13":"tag-news","14":"tag-pologne","15":"tag-russia","16":"tag-russian-federation","17":"tag-russie"},"share_on_mastodon":{"url":"https:\/\/pubeurope.com\/@fr\/115420708652946895","error":""},"_links":{"self":[{"href":"https:\/\/www.europesays.com\/fr\/wp-json\/wp\/v2\/posts\/483198","targetHints":{"allow":["GET"]}}],"collection":[{"href":"https:\/\/www.europesays.com\/fr\/wp-json\/wp\/v2\/posts"}],"about":[{"href":"https:\/\/www.europesays.com\/fr\/wp-json\/wp\/v2\/types\/post"}],"author":[{"embeddable":true,"href":"https:\/\/www.europesays.com\/fr\/wp-json\/wp\/v2\/users\/2"}],"replies":[{"embeddable":true,"href":"https:\/\/www.europesays.com\/fr\/wp-json\/wp\/v2\/comments?post=483198"}],"version-history":[{"count":0,"href":"https:\/\/www.europesays.com\/fr\/wp-json\/wp\/v2\/posts\/483198\/revisions"}],"wp:featuredmedia":[{"embeddable":true,"href":"https:\/\/www.europesays.com\/fr\/wp-json\/wp\/v2\/media\/483199"}],"wp:attachment":[{"href":"https:\/\/www.europesays.com\/fr\/wp-json\/wp\/v2\/media?parent=483198"}],"wp:term":[{"taxonomy":"category","embeddable":true,"href":"https:\/\/www.europesays.com\/fr\/wp-json\/wp\/v2\/categories?post=483198"},{"taxonomy":"post_tag","embeddable":true,"href":"https:\/\/www.europesays.com\/fr\/wp-json\/wp\/v2\/tags?post=483198"}],"curies":[{"name":"wp","href":"https:\/\/api.w.org\/{rel}","templated":true}]}}