{"id":483200,"date":"2025-10-23T00:43:20","date_gmt":"2025-10-23T00:43:20","guid":{"rendered":"https:\/\/www.europesays.com\/fr\/483200\/"},"modified":"2025-10-23T00:43:20","modified_gmt":"2025-10-23T00:43:20","slug":"la-france-se-prepare-a-un-choc-avec-la-russie-poutine-teste-ses-forces-nucleaires-2","status":"publish","type":"post","link":"https:\/\/www.europesays.com\/fr\/483200\/","title":{"rendered":"La France se pr\u00e9pare \u00e0 un \u00ab choc \u00bb avec la Russie, Poutine teste ses forces nucl\u00e9aires"},"content":{"rendered":"<p class=\"mb-4 text-lg md:leading-8 break-words\"><strong>R\u00e9cap &#8211; \u00ab\u00a020 Minutes\u00a0\u00bb fait le point pour vous tous les soirs sur le conflit en Ukraine. Ce mercredi, le sommet Trump-Poutine \u00e0 Budapest a fait pschitt et le patron de l\u2019arm\u00e9e fran\u00e7aise a fait peur<\/strong><\/p>\n<p class=\"mb-4 text-lg md:leading-8 break-words\">Vous avez rat\u00e9 les derniers \u00e9v\u00e9nements sur la <a href=\"https:\/\/www.20minutes.fr\/monde\/ukraine\/?at_medium=RSS%20feed&amp;at_campaign=ynews&amp;utm_source=yahoo&amp;utm_medium=rss&amp;utm_campaign=news_feed&amp;utm_content=in_article_link\" rel=\"nofollow noopener\" target=\"_blank\" data-ylk=\"slk:guerre en Ukraine;elm:context_link;itc:0;sec:content-canvas\" class=\"link \">guerre en Ukraine<\/a>\u00a0? 20 Minutes fait le point pour vous tous les soirs. Voici l\u2019essentiel de ce mercredi 22\u00a0octobre, 1.337e jour du conflit.<\/p>\n<p>Le fait du jour<\/p>\n<p class=\"mb-4 text-lg md:leading-8 break-words\">Un peu flippant quand m\u00eame. L\u2019arm\u00e9e fran\u00e7aise doit \u00eatre \u00ab\u00a0pr\u00eate \u00e0 un choc dans trois, quatre ans\u00a0\u00bb face \u00e0 la <a href=\"https:\/\/www.20minutes.fr\/monde\/russie\/?at_medium=RSS%20feed&amp;at_campaign=ynews&amp;utm_source=yahoo&amp;utm_medium=rss&amp;utm_campaign=news_feed&amp;utm_content=in_article_link\" rel=\"nofollow noopener\" target=\"_blank\" data-ylk=\"slk:Russie;elm:context_link;itc:0;sec:content-canvas\" class=\"link \">Russie<\/a>, qui \u00ab\u00a0peut \u00eatre tent\u00e9e de poursuivre la guerre sur notre continent\u00a0\u00bb, a affirm\u00e9 ce mercredi le chef d\u2019\u00e9tat-major des <a href=\"https:\/\/www.20minutes.fr\/monde\/armee\/?at_medium=RSS%20feed&amp;at_campaign=ynews&amp;utm_source=yahoo&amp;utm_medium=rss&amp;utm_campaign=news_feed&amp;utm_content=in_article_link\" rel=\"nofollow noopener\" target=\"_blank\" data-ylk=\"slk:Arm\u00e9es;elm:context_link;itc:0;sec:content-canvas\" class=\"link \">Arm\u00e9es<\/a>, le plus haut grad\u00e9 fran\u00e7ais, devant les d\u00e9put\u00e9s de la commission de la d\u00e9fense.<\/p>\n<p class=\"mb-4 text-lg md:leading-8 break-words\">Alors, certes, pour le g\u00e9n\u00e9ral Fabien Mandon, il s\u2019agissait surtout de convaincre ses interlocuteurs de l\u2019\u00e9norme effort budg\u00e9taire \u00e0 conc\u00e9der pour r\u00e9armer le pays. Il n\u2019emp\u00eache, son analyse rejoint celle des services secrets allemands qui ont mis en garde la semaine pass\u00e9e contre la Russie, pr\u00eate selon eux \u00e0 \u00ab\u00a0entrer en conflit militaire direct avec l\u2019<a href=\"https:\/\/www.20minutes.fr\/monde\/otan\/?at_medium=RSS%20feed&amp;at_campaign=ynews&amp;utm_source=yahoo&amp;utm_medium=rss&amp;utm_campaign=news_feed&amp;utm_content=in_article_link\" rel=\"nofollow noopener\" target=\"_blank\" data-ylk=\"slk:Otan;elm:context_link;itc:0;sec:content-canvas\" class=\"link \">Otan<\/a>\u00a0\u00bb. Une menace qui pourrait se concr\u00e9tiser avant\u00a02029. Moscou a la \u00ab\u00a0perception d\u2019une Europe collectivement faible\u00a0\u00bb, a insist\u00e9 le g\u00e9n\u00e9ral Mandon, qui observe une \u00ab\u00a0d\u00e9sinhibition du recours \u00e0 la force\u00a0\u00bb c\u00f4t\u00e9 russe.<\/p>\n<p>La phrase du jour<\/p>\n<blockquote class=\"mb-4 border-l-2 pl-5 italic text-tertiary\">\n<p class=\"mb-4 text-lg md:leading-8 break-words\">Non, non, je ne veux pas d\u2019une rencontre pour rien. Je ne veux pas de perte de temps, donc on verra ce qu\u2019il va se passer.<\/p>\n<\/blockquote>\n<p class=\"mb-4 text-lg md:leading-8 break-words\">C\u2019est par cette phrase que Donald Trump a report\u00e9 sine die le fameux sommet de Budapest, en Hongrie, avec son homologue russe Vladimir Poutine. Le locataire de la Maison-Blanche avait lui-m\u00eame annonc\u00e9 pour la fin du mois d\u2019octobre ce rendez-vous destin\u00e9 \u00e0 ava(&#8230;)<\/p>\n<p class=\"mb-4 text-lg md:leading-8 break-words\"><a href=\"https:\/\/www.20minutes.fr\/monde\/ukraine\/4180962-20251022-guerre-ukraine-france-prepare-choc-russie-poutine-teste-forces-nucleaires?at_medium=RSS%20feed&amp;at_campaign=ynews&amp;utm_source=yahoo&amp;utm_medium=rss&amp;utm_campaign=news_feed&amp;utm_content=read_more_link&quot;\" rel=\"nofollow noopener\" target=\"_blank\" data-ylk=\"slk:Lire la suite sur 20minutes;elm:context_link;itc:0;sec:content-canvas\" class=\"link \">Lire la suite sur 20minutes<\/a><\/p>\n<p>\u00c0 lire aussi :<br \/><a href=\"https:\/\/www.20minutes.fr\/monde\/ukraine\/4180483-20251022-guerre-ukraine-cachent-decombres-terrifies-affames-animaux-victimes-oubliees-conflit?at_medium=RSS%20feed&amp;at_campaign=ynews&amp;utm_source=yahoo&amp;utm_medium=rss&amp;utm_campaign=news_feed&amp;utm_content=related_content_link\" rel=\"nofollow noopener\" target=\"_blank\" data-ylk=\"slk:Guerre en Ukraine\u00a0: \u00ab\u00a0Ils se cachent dans les d\u00e9combres, terrifi\u00e9s, affam\u00e9s\u00a0\u00bb\u2026 Les animaux, victimes oubli\u00e9es du conflit;elm:context_link;itc:0;sec:content-canvas\" class=\"link \">Guerre en Ukraine\u00a0: \u00ab\u00a0Ils se cachent dans les d\u00e9combres, terrifi\u00e9s, affam\u00e9s\u00a0\u00bb\u2026 Les animaux, victimes oubli\u00e9es du conflit<\/a><br \/><a href=\"https:\/\/www.20minutes.fr\/societe\/4180541-20251022-armee-peut-quasiment-tout-abattre-quoi-missile-franco-italien-aster-30?at_medium=RSS%20feed&amp;at_campaign=ynews&amp;utm_source=yahoo&amp;utm_medium=rss&amp;utm_campaign=news_feed&amp;utm_content=related_content_link\" rel=\"nofollow noopener\" target=\"_blank\" data-ylk=\"slk:Arm\u00e9e\u00a0: \u00ab\u00a0Il peut quasiment tout abattre\u00a0\u00bb\u2026 C\u2019est quoi le missile franco-italien Aster 30\u00a0?;elm:context_link;itc:0;sec:content-canvas\" class=\"link \">Arm\u00e9e\u00a0: \u00ab\u00a0Il peut quasiment tout abattre\u00a0\u00bb\u2026 C\u2019est quoi le missile franco-italien Aster 30\u00a0?<\/a><\/p>\n","protected":false},"excerpt":{"rendered":"R\u00e9cap &#8211; \u00ab\u00a020 Minutes\u00a0\u00bb fait le point pour vous tous les soirs sur le conflit en Ukraine. Ce&hellip;\n","protected":false},"author":2,"featured_media":483201,"comment_status":"","ping_status":"","sticky":false,"template":"","format":"standard","meta":{"footnotes":""},"categories":[1590],"tags":[642,11,1777,674,60645,131,14509,12,220],"class_list":{"0":"post-483200","1":"post","2":"type-post","3":"status-publish","4":"format-standard","5":"has-post-thumbnail","7":"category-ukraine","8":"tag-20-minutes","9":"tag-actualites","10":"tag-eu","11":"tag-europe","12":"tag-fabien-mandon","13":"tag-guerre-en-ukraine","14":"tag-larmee-francaise","15":"tag-news","16":"tag-ukraine"},"share_on_mastodon":{"url":"https:\/\/pubeurope.com\/@fr\/115420712412310825","error":""},"_links":{"self":[{"href":"https:\/\/www.europesays.com\/fr\/wp-json\/wp\/v2\/posts\/483200","targetHints":{"allow":["GET"]}}],"collection":[{"href":"https:\/\/www.europesays.com\/fr\/wp-json\/wp\/v2\/posts"}],"about":[{"href":"https:\/\/www.europesays.com\/fr\/wp-json\/wp\/v2\/types\/post"}],"author":[{"embeddable":true,"href":"https:\/\/www.europesays.com\/fr\/wp-json\/wp\/v2\/users\/2"}],"replies":[{"embeddable":true,"href":"https:\/\/www.europesays.com\/fr\/wp-json\/wp\/v2\/comments?post=483200"}],"version-history":[{"count":0,"href":"https:\/\/www.europesays.com\/fr\/wp-json\/wp\/v2\/posts\/483200\/revisions"}],"wp:featuredmedia":[{"embeddable":true,"href":"https:\/\/www.europesays.com\/fr\/wp-json\/wp\/v2\/media\/483201"}],"wp:attachment":[{"href":"https:\/\/www.europesays.com\/fr\/wp-json\/wp\/v2\/media?parent=483200"}],"wp:term":[{"taxonomy":"category","embeddable":true,"href":"https:\/\/www.europesays.com\/fr\/wp-json\/wp\/v2\/categories?post=483200"},{"taxonomy":"post_tag","embeddable":true,"href":"https:\/\/www.europesays.com\/fr\/wp-json\/wp\/v2\/tags?post=483200"}],"curies":[{"name":"wp","href":"https:\/\/api.w.org\/{rel}","templated":true}]}}