{"id":483210,"date":"2025-10-23T00:50:27","date_gmt":"2025-10-23T00:50:27","guid":{"rendered":"https:\/\/www.europesays.com\/fr\/483210\/"},"modified":"2025-10-23T00:50:27","modified_gmt":"2025-10-23T00:50:27","slug":"legypte-et-lunion-europeenne-appellent-a-la-consolidation-du-cessez-le-feu-a-gaza","status":"publish","type":"post","link":"https:\/\/www.europesays.com\/fr\/483210\/","title":{"rendered":"L\u2019\u00c9gypte et l\u2019Union europ\u00e9enne appellent \u00e0 la consolidation du cessez-le-feu \u00e0 Gaza"},"content":{"rendered":"<p>AA\/Caire \/Hussien Elkabany\/ Mohammad Sio<\/p>\n<p>Le pr\u00e9sident \u00e9gyptien Abdel Fattah al-Sissi et la haute repr\u00e9sentante de l\u2019Union europ\u00e9enne pour les Affaires \u00e9trang\u00e8res et la Politique de s\u00e9curit\u00e9, Kaja Kallas, ont appel\u00e9 mercredi \u00e0 renforcer le cessez-le-feu dans la bande de Gaza.<\/p>\n<p>La premi\u00e8re phase de l\u2019accord de cessez-le-feu entre le Hamas et Isra\u00ebl, fond\u00e9 sur un plan propos\u00e9 par le pr\u00e9sident am\u00e9ricain Donald Trump, est entr\u00e9e en vigueur le 10 octobre.<\/p>\n<p>Lors d\u2019une rencontre avec Kallas \u00e0 Bruxelles, en amont du premier sommet \u00c9gypte-UE, Sissi a exprim\u00e9 la volont\u00e9 de son pays de renforcer la coop\u00e9ration avec l\u2019Union europ\u00e9enne pour mettre en \u0153uvre \u00e0 la fois l\u2019accord de cessez-le-feu et le plan de Trump, a indiqu\u00e9 la pr\u00e9sidence \u00e9gyptienne dans un communiqu\u00e9.<\/p>\n<p>Il a soulign\u00e9 \u00ab l\u2019importance de consolider le cessez-le-feu, d\u2019assurer l\u2019entr\u00e9e r\u00e9guli\u00e8re de l\u2019aide humanitaire et de lancer le processus de reconstruction de la bande de Gaza \u00bb.<\/p>\n<p>Selon les m\u00e9dias isra\u00e9liens, Isra\u00ebl conditionne le lancement de la deuxi\u00e8me phase de l\u2019accord au retour des corps de ses captifs restants d\u00e9tenus \u00e0 Gaza. <\/p>\n<p>Le Hamas a pour sa part indiqu\u00e9 qu\u2019il avait besoin de davantage de temps et de moyens pour localiser et r\u00e9cup\u00e9rer les corps.<\/p>\n<p>Le pr\u00e9sident \u00e9gyptien a \u00e9galement \u00e9voqu\u00e9 la conf\u00e9rence internationale que son pays pr\u00e9voit d\u2019organiser en novembre afin de discuter des efforts de reconstruction et de relance \u00e0 Gaza.<\/p>\n<p>Les Nations unies estiment \u00e0 environ 70 milliards de dollars le co\u00fbt de la reconstruction de l\u2019enclave d\u00e9vast\u00e9e par la guerre, o\u00f9 vivent quelque 2,4 millions de Palestiniens.<\/p>\n<p>Kaja Kallas a qualifi\u00e9 le plan de Trump pour Gaza de \u00ab pas positif \u00bb, affirmant que l\u2019Union europ\u00e9enne \u00ab se r\u00e9jouit d\u2019y participer activement \u00bb.<\/p>\n<p>Elle a \u00e9galement soulign\u00e9 \u00ab l\u2019importance de pr\u00e9server l\u2019Autorit\u00e9 palestinienne \u00bb et r\u00e9affirm\u00e9 la disposition de l\u2019UE \u00e0 soutenir les efforts de reconstruction de Gaza, notamment \u00e0 travers la conf\u00e9rence que l\u2019\u00c9gypte accueillera en novembre.<\/p>\n<p>Kallas a en outre insist\u00e9 sur \u00ab la n\u00e9cessit\u00e9 de consolider le cessez-le-feu \u00e0 Gaza \u00bb, selon le communiqu\u00e9 de la pr\u00e9sidence \u00e9gyptienne.<\/p>\n<p>En mars 2024, l\u2019\u00c9gypte et l\u2019Union europ\u00e9enne avaient sign\u00e9 une d\u00e9claration portant leurs relations au niveau d\u2019un partenariat strat\u00e9gique global.<\/p>\n<p>*Traduit de l&rsquo;anglais par Sanaa Amir<\/p>\n<p>                            &#13;<br \/>\n                                <a href=\"https:\/\/www.aa.com.tr\/fr\/p\/abonnement\/1001\" target=\"_blank\" style=\"font-size:12px; color:#444; text-decoration:none;\" rel=\"noopener\">&#13;<br \/>\n                                    Seulement une partie des d\u00e9p\u00eaches, que l&rsquo;Agence Anadolu diffuse \u00e0 ses abonn\u00e9s via le Syst\u00e8me de Diffusion interne (HAS), est diffus\u00e9e sur le site de l&rsquo;AA, de mani\u00e8re r\u00e9sum\u00e9e. <b style=\"color:#1897F7\">Contactez-nous s&rsquo;il vous pla\u00eet pour vous abonner.<\/b>&#13;<br \/>\n                                <\/a>&#13;<\/p>\n","protected":false},"excerpt":{"rendered":"AA\/Caire \/Hussien Elkabany\/ Mohammad Sio Le pr\u00e9sident \u00e9gyptien Abdel Fattah al-Sissi et la haute repr\u00e9sentante de l\u2019Union europ\u00e9enne&hellip;\n","protected":false},"author":2,"featured_media":483211,"comment_status":"","ping_status":"","sticky":false,"template":"","format":"standard","meta":{"footnotes":""},"categories":[1586],"tags":[33080,11,1785,33470,1777,674,1779,1011,27,12,25,1778,9213,364],"class_list":{"0":"post-483210","1":"post","2":"type-post","3":"status-publish","4":"format-standard","5":"has-post-thumbnail","7":"category-europe","8":"tag-gypte","9":"tag-actualites","10":"tag-anadolu-ajansi","11":"tag-cessez-le-feu-gaza","12":"tag-eu","13":"tag-europe","14":"tag-european-union","15":"tag-fr","16":"tag-france","17":"tag-news","18":"tag-republique-francaise","19":"tag-ue","20":"tag-union-europenne","21":"tag-union-europeenne"},"share_on_mastodon":{"url":"https:\/\/pubeurope.com\/@fr\/115420739858029026","error":""},"_links":{"self":[{"href":"https:\/\/www.europesays.com\/fr\/wp-json\/wp\/v2\/posts\/483210","targetHints":{"allow":["GET"]}}],"collection":[{"href":"https:\/\/www.europesays.com\/fr\/wp-json\/wp\/v2\/posts"}],"about":[{"href":"https:\/\/www.europesays.com\/fr\/wp-json\/wp\/v2\/types\/post"}],"author":[{"embeddable":true,"href":"https:\/\/www.europesays.com\/fr\/wp-json\/wp\/v2\/users\/2"}],"replies":[{"embeddable":true,"href":"https:\/\/www.europesays.com\/fr\/wp-json\/wp\/v2\/comments?post=483210"}],"version-history":[{"count":0,"href":"https:\/\/www.europesays.com\/fr\/wp-json\/wp\/v2\/posts\/483210\/revisions"}],"wp:featuredmedia":[{"embeddable":true,"href":"https:\/\/www.europesays.com\/fr\/wp-json\/wp\/v2\/media\/483211"}],"wp:attachment":[{"href":"https:\/\/www.europesays.com\/fr\/wp-json\/wp\/v2\/media?parent=483210"}],"wp:term":[{"taxonomy":"category","embeddable":true,"href":"https:\/\/www.europesays.com\/fr\/wp-json\/wp\/v2\/categories?post=483210"},{"taxonomy":"post_tag","embeddable":true,"href":"https:\/\/www.europesays.com\/fr\/wp-json\/wp\/v2\/tags?post=483210"}],"curies":[{"name":"wp","href":"https:\/\/api.w.org\/{rel}","templated":true}]}}