{"id":483220,"date":"2025-10-23T01:01:15","date_gmt":"2025-10-23T01:01:15","guid":{"rendered":"https:\/\/www.europesays.com\/fr\/483220\/"},"modified":"2025-10-23T01:01:15","modified_gmt":"2025-10-23T01:01:15","slug":"fabio-quartararo-cest-un-peu-saoulant","status":"publish","type":"post","link":"https:\/\/www.europesays.com\/fr\/483220\/","title":{"rendered":"Fabio Quartararo :\u2009\u00ab c\u2019est un peu saoulant&#8230; \u00bb"},"content":{"rendered":"<p><strong>En Australie, les pilotes maralpins <a href=\"https:\/\/www.google.com\/url?sa=t&amp;source=web&amp;rct=j&amp;opi=89978449&amp;url=https:\/\/www.nicepremium.fr\/sports\/fabio-quartararo-je-suis-chanceux-de-ne-pas-avoir-chute\/&amp;ved=2ahUKEwjZr56alrCQAxU-V6QEHd8XKMsQFnoECCEQAQ&amp;usg=AOvVaw1GQuQXLC2z-ERt6sdfVWy3\" target=\"_blank\" data-type=\"link\" data-id=\"https:\/\/www.google.com\/url?sa=t&amp;source=web&amp;rct=j&amp;opi=89978449&amp;url=https:\/\/www.nicepremium.fr\/sports\/fabio-quartararo-je-suis-chanceux-de-ne-pas-avoir-chute\/&amp;ved=2ahUKEwjZr56alrCQAxU-V6QEHd8XKMsQFnoECCEQAQ&amp;usg=AOvVaw1GQuQXLC2z-ERt6sdfVWy3\" rel=\"noreferrer noopener\">Fabio Quartararo<\/a> et Johann Zarco ont connu des fortunes diverses sur ce 19e week-end de la saison en MotoGP.\u00a0\u00a0<\/strong><\/p>\n<p>Le week-end avait bien d\u00e9but\u00e9 en qualification pour \u201cEl Diablo\u201d.<strong> Le Ni\u00e7ois a sign\u00e9 sa cinqui\u00e8me pole position cette saison<\/strong> sur un circuit plus adapt\u00e9 aux caract\u00e9ristiques de sa Yamaha. En revanche, <strong>Johann Zarco \u00e9quip\u00e9 d\u2019une nouvelle moto<\/strong> ce week-end n\u2019\u00e9tait lui pas en r\u00e9ussite sur le circuit qui l\u2019a vu d\u00e9crocher sa premi\u00e8re victoire en motoGP. <strong>Quinzi\u00e8me des qualifications<\/strong> et en difficult\u00e9 depuis plusieurs Grands Prix, le Cannois semble d\u00e9sempar\u00e9 dans cet exercice.<\/p>\n<p>Auteur d\u2019un d\u00e9part moyen lors de la course sprint,<strong><a href=\"https:\/\/www.instagram.com\/fabioquartararo20\/?hl=fr\" target=\"_blank\" data-type=\"link\" data-id=\"https:\/\/www.instagram.com\/fabioquartararo20\/?hl=fr\" rel=\"noreferrer noopener\"> Fabio Quartararo<\/a> perd cinq positions \u00e0 la fin du premier tour<\/strong> et se fait redoubler par Pedro Acosta pour se retrouver 6e. Johann Zarco grapille quelques positions pour prendre la douzi\u00e8me place et tenter de remonter. Mais voil\u00e0 \u00e0 l\u2019issue des 13 tours de cette sprint il n\u2019y a <strong>pas de miracle<\/strong>. Le rythme des Maralpins n\u2019est pas suffisant pour aller batailler avec les pilotes devant eux. A l\u2019arriv\u00e9e <strong>Fabio Quartararo<\/strong> s\u2019en voulait de son choix pneumatique : \u00ab j\u2019ai commis une erreur de partir avec le medium. Avec les temp\u00e9ratures qu\u2019il y avait sur la piste, d\u00e8s le premier tour, je n\u2019arrivais pas \u00e0 piloter. Ce matin, je me sentais bien avec ce pneu, donc j\u2019ai tent\u00e9, mais c\u2019\u00e9tait du chewing-gum. Je prends la responsabilit\u00e9 de mon erreur. \u00bb <strong>Finalement 7e<\/strong> \u00e0 l\u2019arriv\u00e9e du sprint et compl\u00e8tement esseul\u00e9, le Ni\u00e7ois se voulait assez optimiste pour la course de ce dimanche.\u00a0<\/p>\n<p>M\u00eame son de cloche pour<a href=\"https:\/\/www.google.com\/url?sa=t&amp;source=web&amp;rct=j&amp;opi=89978449&amp;url=https:\/\/www.nicepremium.fr\/sports\/motogp-johann-zarco-prolonge-chez-honda-mais-reste-chez-lcr\/&amp;ved=2ahUKEwjUluGolrCQAxWQQ6QEHcwpDr8QFnoECBYQAQ&amp;usg=AOvVaw0rk9MDbfpWz3gmQzUyhKc1\" target=\"_blank\" data-type=\"link\" data-id=\"https:\/\/www.google.com\/url?sa=t&amp;source=web&amp;rct=j&amp;opi=89978449&amp;url=https:\/\/www.nicepremium.fr\/sports\/motogp-johann-zarco-prolonge-chez-honda-mais-reste-chez-lcr\/&amp;ved=2ahUKEwjUluGolrCQAxWQQ6QEHcwpDr8QFnoECBYQAQ&amp;usg=AOvVaw0rk9MDbfpWz3gmQzUyhKc1\" rel=\"noreferrer noopener\"> <strong>Johann Zarco<\/strong> sur sa nouvelle Honda<\/a> apr\u00e8s sa <strong>12e place <\/strong>\u00e0 l\u2019issue du samedi : \u00ab je vois que je peux tenir le rythme, mais pas assez. On essaie des grosses choses parce qu\u2019on se sent loin du bon, et c\u2019est \u00e7a qui nous cause un peu des probl\u00e8mes. J\u2019\u00e9tais content de cette belle mise en route. La concentration, l\u2019envie et l\u2019attaque sont l\u00e0, mais le rythme et l\u2019aisance sur la moto, je les ai perdus depuis un moment. \u00c7a prend du temps de les retrouver. \u00bb<\/p>\n<p><strong>Un dimanche \u00e0 oublier pour Fabio Quartararo et Johann Zarco<\/strong><\/p>\n<p>Le Grand Prix ce dimanche n\u2019a pas \u00e9t\u00e9 une r\u00e9ussite pour nos pilotes Maralpins. Comme la veille, <strong>Fabio Quartararo<\/strong> ne parvient pas \u00e0 faire fructifier le b\u00e9n\u00e9fice de sa pole position. Quatri\u00e8me au premier virage,<strong> le Ni\u00e7ois ne va cesser de d\u00e9gringoler au guidon de sa Yamaha<\/strong>.\u00a0<\/p>\n<p><a href=\"https:\/\/www.google.com\/url?sa=t&amp;source=web&amp;rct=j&amp;opi=89978449&amp;url=https:\/\/www.nicepremium.fr\/sports\/motogp-pas-de-rythme-en-indonesie-pour-johann-zarco-et-fabio-quartararo\/&amp;ved=2ahUKEwjUluGolrCQAxWQQ6QEHcwpDr8QFnoECBoQAQ&amp;usg=AOvVaw2UwxGlDLKo5co4HqAIKdwx\" data-type=\"link\" data-id=\"https:\/\/www.google.com\/url?sa=t&amp;source=web&amp;rct=j&amp;opi=89978449&amp;url=https:\/\/www.nicepremium.fr\/sports\/motogp-pas-de-rythme-en-indonesie-pour-johann-zarco-et-fabio-quartararo\/&amp;ved=2ahUKEwjUluGolrCQAxWQQ6QEHcwpDr8QFnoECBoQAQ&amp;usg=AOvVaw2UwxGlDLKo5co4HqAIKdwx\" target=\"_blank\" rel=\"noopener\">Johann Zar<\/a><a href=\"https:\/\/www.google.com\/url?sa=t&amp;source=web&amp;rct=j&amp;opi=89978449&amp;url=https:\/\/www.nicepremium.fr\/sports\/motogp-pas-de-rythme-en-indonesie-pour-johann-zarco-et-fabio-quartararo\/&amp;ved=2ahUKEwjUluGolrCQAxWQQ6QEHcwpDr8QFnoECBoQAQ&amp;usg=AOvVaw2UwxGlDLKo5co4HqAIKdwx\" target=\"_blank\" data-type=\"link\" data-id=\"https:\/\/www.google.com\/url?sa=t&amp;source=web&amp;rct=j&amp;opi=89978449&amp;url=https:\/\/www.nicepremium.fr\/sports\/motogp-pas-de-rythme-en-indonesie-pour-johann-zarco-et-fabio-quartararo\/&amp;ved=2ahUKEwjUluGolrCQAxWQQ6QEHcwpDr8QFnoECBoQAQ&amp;usg=AOvVaw2UwxGlDLKo5co4HqAIKdwx\" rel=\"noreferrer noopener\">c<\/a><a href=\"https:\/\/www.google.com\/url?sa=t&amp;source=web&amp;rct=j&amp;opi=89978449&amp;url=https:\/\/www.nicepremium.fr\/sports\/motogp-pas-de-rythme-en-indonesie-pour-johann-zarco-et-fabio-quartararo\/&amp;ved=2ahUKEwjUluGolrCQAxWQQ6QEHcwpDr8QFnoECBoQAQ&amp;usg=AOvVaw2UwxGlDLKo5co4HqAIKdwx\" data-type=\"link\" data-id=\"https:\/\/www.google.com\/url?sa=t&amp;source=web&amp;rct=j&amp;opi=89978449&amp;url=https:\/\/www.nicepremium.fr\/sports\/motogp-pas-de-rythme-en-indonesie-pour-johann-zarco-et-fabio-quartararo\/&amp;ved=2ahUKEwjUluGolrCQAxWQQ6QEHcwpDr8QFnoECBoQAQ&amp;usg=AOvVaw2UwxGlDLKo5co4HqAIKdwx\" target=\"_blank\" rel=\"noopener\">o<\/a> lui r\u00e9alise un bon envol. A la lutte avec la Honda officielle de Joan Mir, <strong>le Cannois ne semble pas tr\u00e8s \u00e0 l\u2019aise<\/strong> sur sa machine et va finir par commettre une erreur dans un virage rapide. Heureusement sa cons\u00e9quence sur le plan physique, cette \u00e9ni\u00e8me <strong>chute <\/strong>(la douzi\u00e8me cette saison en sprint et Grand Prix tout confondu) va commencer \u00e0 entamer le moral : \u00ab j\u2019attends la Malaisie pour faire un peu un reset en termes de r\u00e9glages avec deux motos similaires dans le box pour r\u00e9ussir \u00e0 retrouver des sensations saines et ne pas sembler perdu sur la mise au point, parce que l\u00e0 c\u2019\u00e9tait dur pendant le week-end de ne jamais avoir une sensation correcte. Oui je peux d\u00e9crire des sensations diff\u00e9rentes mais jamais dans une zone qui me pla\u00eet du coup \u00e7a rend la performance difficile \u00bb, expliquait Johann Zarco de retour dans le paddock.\u00a0<\/p>\n<p>Pendant ce temps, Fabio Quartararo tentait de s\u2019accrocher en d\u00e9but de course avec cette fois-ci les bons pneus chauss\u00e9s sur sa Yamaha. Oui mais voil\u00e0, avec <strong>beaucoup d\u2019instabilit\u00e9s<\/strong> le Ni\u00e7ois se laisse d\u00e9crocher irr\u00e9m\u00e9diablement. Passant de la troisi\u00e8me \u00e0 la <strong>11e position <\/strong>en fin de course en une vingtaine de tours, le constat est amer : \u00ab\u2009c\u2019est un peu saoulant de toujours avoir la sensation qu\u2019il y a toujours quelque chose. On sait qu\u2019apr\u00e8s le Moto2, il y a toujours un petit peu de difficult\u00e9s, mais des difficult\u00e9s comme \u00e7a, je n\u2019en ai jamais eu. On n\u2019avait pas du tout de traction, je n\u2019arrivais pas \u00e0 m\u2019arr\u00eater. C\u2019est assez bizarre de voir ce qu\u2019il s\u2019est pass\u00e9, c\u2019est un peu fatigant.\u2009\u00bb<\/p>\n<p>Prochain rendez-vous le week-end prochain en <strong>Malaisie<\/strong>.<\/p>\n<p><script async src=\"\/\/www.instagram.com\/embed.js\"><\/script><\/p>\n","protected":false},"excerpt":{"rendered":"En Australie, les pilotes maralpins Fabio Quartararo et Johann Zarco ont connu des fortunes diverses sur ce 19e&hellip;\n","protected":false},"author":2,"featured_media":483221,"comment_status":"","ping_status":"","sticky":false,"template":"","format":"standard","meta":{"footnotes":""},"categories":[1413],"tags":[1011,27,1457,1456,60],"class_list":{"0":"post-483220","1":"post","2":"type-post","3":"status-publish","4":"format-standard","5":"has-post-thumbnail","7":"category-moto","8":"tag-fr","9":"tag-france","10":"tag-moto","11":"tag-motocycle","12":"tag-sports"},"share_on_mastodon":{"url":"https:\/\/pubeurope.com\/@fr\/115420783190490371","error":""},"_links":{"self":[{"href":"https:\/\/www.europesays.com\/fr\/wp-json\/wp\/v2\/posts\/483220","targetHints":{"allow":["GET"]}}],"collection":[{"href":"https:\/\/www.europesays.com\/fr\/wp-json\/wp\/v2\/posts"}],"about":[{"href":"https:\/\/www.europesays.com\/fr\/wp-json\/wp\/v2\/types\/post"}],"author":[{"embeddable":true,"href":"https:\/\/www.europesays.com\/fr\/wp-json\/wp\/v2\/users\/2"}],"replies":[{"embeddable":true,"href":"https:\/\/www.europesays.com\/fr\/wp-json\/wp\/v2\/comments?post=483220"}],"version-history":[{"count":0,"href":"https:\/\/www.europesays.com\/fr\/wp-json\/wp\/v2\/posts\/483220\/revisions"}],"wp:featuredmedia":[{"embeddable":true,"href":"https:\/\/www.europesays.com\/fr\/wp-json\/wp\/v2\/media\/483221"}],"wp:attachment":[{"href":"https:\/\/www.europesays.com\/fr\/wp-json\/wp\/v2\/media?parent=483220"}],"wp:term":[{"taxonomy":"category","embeddable":true,"href":"https:\/\/www.europesays.com\/fr\/wp-json\/wp\/v2\/categories?post=483220"},{"taxonomy":"post_tag","embeddable":true,"href":"https:\/\/www.europesays.com\/fr\/wp-json\/wp\/v2\/tags?post=483220"}],"curies":[{"name":"wp","href":"https:\/\/api.w.org\/{rel}","templated":true}]}}