{"id":483222,"date":"2025-10-23T01:02:13","date_gmt":"2025-10-23T01:02:13","guid":{"rendered":"https:\/\/www.europesays.com\/fr\/483222\/"},"modified":"2025-10-23T01:02:13","modified_gmt":"2025-10-23T01:02:13","slug":"un-nouveau-record-quil-souhaiterait-oublier","status":"publish","type":"post","link":"https:\/\/www.europesays.com\/fr\/483222\/","title":{"rendered":"un nouveau record&#8230; qu&rsquo;il souhaiterait oublier !"},"content":{"rendered":"<p>\t\t\t<strong class=\"post-excerpt\"><\/p>\n<p itemprop=\"description\">Lewis Hamilton se souviendra sans doute longtemps de son premier Grand Prix des Etats-Unis de F1 avec la Scuderia Ferrari&#8230;<\/p>\n<p><\/strong>\t\t <\/p>\n<p>Sur le <strong>plan comptable<\/strong>, la <a href=\"https:\/\/www.sportauto.fr\/actu\/sport-actu\/formule-1\/f1-grand-prix-etats-unis-cota-austin-2025-verstappen-mclaren-course-resultats-classement-440987.html#item=1\" target=\"_blank\" rel=\"noopener\">19\u00e8me \u00e9preuve du Championnat du monde de F1 2025<\/a> s&rsquo;est sold\u00e9e par&#8230;<strong> 36 points marqu\u00e9s<\/strong>, soit le meilleur r\u00e9sultat de l&rsquo;ann\u00e9e pour les Rouges ! Une<strong> belle moisson r\u00e9colt\u00e9e gr\u00e2ce \u00e0 deux tirs group\u00e9s.<\/strong><\/p>\n<p>   \t\t\t Lewis Hamilton : un record \u00e0 c\u00e9l\u00e9brer&#8230; <\/p>\n<p>Le premier d\u00e8s le <strong>sprint du samedi<\/strong> &#8211; <strong>Hamilton 4\u00e8me, Leclerc 5\u00e8me<\/strong> &#8211; puis lors du<strong> Grand Prix.<\/strong> Le Mon\u00e9gasque y r\u00e9sista longtemps au retour de Lando Norris pour finalement sauver la<strong> troisi\u00e8me marche du podium<\/strong>.\u00a0 Son \u00e9quipier franchissait quant \u00e0 lui le damier \u00e0 <strong>28.5 secondes<\/strong> mais en <strong>quatri\u00e8me position,<\/strong> soit sa plus solide performance depuis l&rsquo;entame de saison.<br \/>S&rsquo;il y avait<strong> mati\u00e8re \u00e0 sourire pour la Scuderia,<\/strong> Leclerc et Hamilton sont d\u00e9sormais<strong> hors-course pour le titre mondial,<\/strong> \u00e0 cinq courses et deux sprint de la conclusion du Championnat. Un<strong> constat certes amer,<\/strong> un an apr\u00e8s un plantureux doubl\u00e9 sign\u00e9 sur cette m\u00eame piste du <strong>COTA<\/strong>, mais qui ne surprend gu\u00e8re au vu du <strong>niveau affich\u00e9 par l&rsquo;\u00e9curie italienne en 2025.<\/strong><br \/>Du c\u00f4t\u00e9 d&rsquo;<strong>Hamilton,<\/strong> son <strong>meilleur r\u00e9sultat le dimanche <\/strong>depuis son arriv\u00e9e \u00e0 Maranello se teinte d&rsquo;une <strong>douce ironie<\/strong>. D&rsquo;une part, parce qu&rsquo;il lui permet de <strong>franchir un seuil historique d<\/strong>ans les annales de la Formule 1. <a href=\"https:\/\/www.sportauto.fr\/actu\/sport-actu\/formule-1\/f1-saison-2025-guide-pratique-calendrier-resultats-classements-429034.html#item=1\" target=\"_blank\" rel=\"noopener\">Avec ses 17 points marqu\u00e9s \u00e0 Austin<\/a>, le septuple Champion du monde est d\u00e9sormais le seul <strong>au-del\u00e0 des 5000 unit\u00e9s<\/strong> (5 004.50) dans sa carri\u00e8re !<\/p>\n<p> &#8230; et un autre \u00e0 oublier ! <\/p>\n<p>H\u00e9las, d&rsquo;autre part, cette performance est <strong>synonyme d&rsquo;un second record,<\/strong> bien moins envieux celui-l\u00e0. Car en \u00e9chouant \u00e0 finir dans le top 3 dimanche dernier,<strong> l&rsquo;ancien pilote Mercedes-AMG<\/strong> en est aujourd&rsquo;hui \u00e0 <strong>19 d\u00e9parts au volant d&rsquo;une Ferrari&#8230; sans le moindre podium<\/strong> (les sprints n&rsquo;entrant \u00e9videmment pas dans cette \u00e9quation).<br \/>Ce total <strong>\u00e9gale le triste score de Didier Pironi.<\/strong> Le pilote fran\u00e7ais,<strong> d\u00e9c\u00e9d\u00e9 dans des circonstances tragiques en 1987<\/strong>, avait en effet d\u00fb patienter le m\u00eame nombre de courses avant de monter sur le podium sur une Ferrari.<br \/><strong>Enr\u00f4l\u00e9 en 1981<\/strong> par la formation italienne, il avait finalement<strong> bris\u00e9 la mal\u00e9diction lors du Grand Prix de Saint-Marin 1982<\/strong>, \u00e0 Imola, rest\u00e9 c\u00e9l\u00e8bre pour son<strong> duel fratricide avec son \u00e9quipier Gilles Villeneuve<\/strong>.<br \/>A d\u00e9faut d&rsquo;un podium ce week-end \u00e0 Mexico, Hamilton pourrait donc battre ce triste record pour sa premi\u00e8re campagne chez les Rouges. Le <strong>Grand Prix du Mexique,<\/strong> 20\u00e8me manche du <strong>Championnat du monde de Formule 1 2025<\/strong>, se tient du 23 au 26 octobre sur l&rsquo;<strong>Autodromo Hermanos Rodriguez <\/strong>de <strong>Mexico.<\/strong><\/p>\n","protected":false},"excerpt":{"rendered":"Lewis Hamilton se souviendra sans doute longtemps de son premier Grand Prix des Etats-Unis de F1 avec la&hellip;\n","protected":false},"author":2,"featured_media":483223,"comment_status":"","ping_status":"","sticky":false,"template":"","format":"standard","meta":{"footnotes":""},"categories":[1412],"tags":[1451,1452,1453,1454,1455,1011,27,1638,60],"class_list":{"0":"post-483222","1":"post","2":"type-post","3":"status-publish","4":"format-standard","5":"has-post-thumbnail","7":"category-f1","8":"tag-f1","9":"tag-formula-1","10":"tag-formula1","11":"tag-formule-1","12":"tag-formule1","13":"tag-fr","14":"tag-france","15":"tag-has_diapo","16":"tag-sports"},"share_on_mastodon":{"url":"https:\/\/pubeurope.com\/@fr\/115420787149184354","error":""},"_links":{"self":[{"href":"https:\/\/www.europesays.com\/fr\/wp-json\/wp\/v2\/posts\/483222","targetHints":{"allow":["GET"]}}],"collection":[{"href":"https:\/\/www.europesays.com\/fr\/wp-json\/wp\/v2\/posts"}],"about":[{"href":"https:\/\/www.europesays.com\/fr\/wp-json\/wp\/v2\/types\/post"}],"author":[{"embeddable":true,"href":"https:\/\/www.europesays.com\/fr\/wp-json\/wp\/v2\/users\/2"}],"replies":[{"embeddable":true,"href":"https:\/\/www.europesays.com\/fr\/wp-json\/wp\/v2\/comments?post=483222"}],"version-history":[{"count":0,"href":"https:\/\/www.europesays.com\/fr\/wp-json\/wp\/v2\/posts\/483222\/revisions"}],"wp:featuredmedia":[{"embeddable":true,"href":"https:\/\/www.europesays.com\/fr\/wp-json\/wp\/v2\/media\/483223"}],"wp:attachment":[{"href":"https:\/\/www.europesays.com\/fr\/wp-json\/wp\/v2\/media?parent=483222"}],"wp:term":[{"taxonomy":"category","embeddable":true,"href":"https:\/\/www.europesays.com\/fr\/wp-json\/wp\/v2\/categories?post=483222"},{"taxonomy":"post_tag","embeddable":true,"href":"https:\/\/www.europesays.com\/fr\/wp-json\/wp\/v2\/tags?post=483222"}],"curies":[{"name":"wp","href":"https:\/\/api.w.org\/{rel}","templated":true}]}}