{"id":483228,"date":"2025-10-23T01:05:13","date_gmt":"2025-10-23T01:05:13","guid":{"rendered":"https:\/\/www.europesays.com\/fr\/483228\/"},"modified":"2025-10-23T01:05:13","modified_gmt":"2025-10-23T01:05:13","slug":"bernard-montiel-arrive-sur-france-3-pour-une-emission-animaliere-dominicale","status":"publish","type":"post","link":"https:\/\/www.europesays.com\/fr\/483228\/","title":{"rendered":"Bernard Montiel arrive sur France 3 pour une \u00e9mission animali\u00e8re dominicale"},"content":{"rendered":"<p>Bernard Montiel bient\u00f4t de retour sur le petit \u00e9cran\u00a0! L\u2019ancien chroniqueur de <a href=\"https:\/\/www.20minutes.fr\/arts-stars\/television\/cyril_hanouna\/\" class=\"c-link c-link--is-underlined\" target=\"_blank\" rel=\"noopener\">Cyril Hanouna<\/a>, <a href=\"https:\/\/www.20minutes.fr\/arts-stars\/people\/4085583-20240409-c8-eclatax-bernard-montiel-peu-trop-bu-avant-emission-paf-baba\" class=\"c-link c-link--is-underlined\" target=\"_blank\" rel=\"noopener\">Bernard Montiel<\/a> revient \u00e0 la t\u00e9l\u00e9vision sur <a href=\"https:\/\/www.20minutes.fr\/television\/france3\/\" class=\"c-link c-link--is-underlined\" target=\"_blank\" rel=\"noopener\">France 3 <\/a>pour une \u00e9mission animali\u00e8re diffus\u00e9e chaque dimanche \u00e0 partir du 9\u00a0novembre, \u00ab\u00a0Animalement v\u00f4tre\u00a0\u00bb, ont annonc\u00e9 l\u2019animateur et la cha\u00eene mercredi.<\/p>\n<p><\/p>\n<p>\u00ab\u00a0Mon \u00ab\u00a0retour \u00e0 la maison\u00a0\u00bb France T\u00e9l\u00e9visions\u00a0\u00bb<\/p>\n<p>\u00ab\u00a0Je suis tr\u00e8s heureux de vous annoncer mon \u00ab\u00a0retour \u00e0 la maison\u00a0\u00bb France T\u00e9l\u00e9visions, celle de mes d\u00e9buts en 85\u00a0!\u00a0\u00bb, a \u00e9crit Bernard Montiel sur le r\u00e9seau social Instagram. L\u2019animateur a fait ses d\u00e9buts sur FR3 Aquitaine en\u00a01985, avant de partir sur TF1. Il en est devenu l\u2019une des stars de la t\u00e9l\u00e9 dans les ann\u00e9es\u00a01980 et\u00a01990 avec des \u00e9missions comme \u00ab\u00a0La Une est \u00e0 vous\u00a0\u00bb ou \u00ab\u00a0Vid\u00e9o Gag\u00a0\u00bb.<\/p>\n<p class=\"mb-xxl@xs color-ultramarine font-weight-semi-bold@xs font-source-serif-pro heading-s@xs\">L\u2019acc\u00e8s \u00e0 ce contenu a \u00e9t\u00e9 bloqu\u00e9 afin de respecter votre choix de consentement<\/p>\n<p class=\"mb-m@xs text-l@xs\">En cliquant sur\u00ab J\u2019accepte \u00bb, vous acceptez le d\u00e9p\u00f4t de cookies par des services externes et aurez ainsi acc\u00e8s aux contenus de nos partenaires.<\/p>\n<p class=\"mb-xl@xs text-s@xs\">Plus d\u2019informations sur la page<a href=\"https:\/\/www.20minutes.fr\/gestion-cookies\" class=\"mx-xxs@xs color-ultramarine\" target=\"_blank\" rel=\"noopener\">Politique de gestion des cookies<\/a><\/p>\n<p>J\u2019accepte<\/p>\n<p>\u00ab\u00a0Animalement v\u00f4tre\u00a0\u00bb sera diffus\u00e9e chaque dimanche \u00e0 15h45 sur France 3 (et sur la plateforme france.tv), apr\u00e8s \u00ab\u00a0Vivement dimanche\u00a0\u00bb de <a href=\"https:\/\/www.20minutes.fr\/television\/michel-drucker\/\" class=\"c-link c-link--is-underlined\" target=\"_blank\" rel=\"noopener\">Michel Drucker<\/a>, a indiqu\u00e9 la cha\u00eene publique dans un communiqu\u00e9. Elle sera consacr\u00e9e au \u00ab\u00a0bien-\u00eatre animal sous toutes ses formes\u00a0\u00bb, avec des reportages, des chroniques et des t\u00e9moignages.<\/p>\n<p>Un in\u00e9dit et une rediffusion chaque dimanche<\/p>\n<p>Bernard Montiel, 68 ans, sera entour\u00e9 de chroniqueurs, de l\u2019influenceuse Oli et du com\u00e9dien Rapha\u00ebl Mezrahi. Chaque dimanche, deux num\u00e9ros de l\u2019\u00e9mission (45 minutes chacun) seront successivement diffus\u00e9s\u00a0: un in\u00e9dit et une rediffusion. A chaque fois, deux invit\u00e9s seront pr\u00e9sents, une personnalit\u00e9 et un anonyme.<\/p>\n<p>Pour les deux premiers num\u00e9ros in\u00e9dits le 9\u00a0novembre, les personnalit\u00e9s invit\u00e9es seront l\u2019\u00e9crivain Bernard Werber puis l\u2019actrice et \u00e9crivaine Alice Pol.<\/p>\n<p>Bernard Montiel a indiqu\u00e9 \u00e0 l\u2019AFP qu\u2019il arr\u00eatait ses collaborations avec les cha\u00eenes payantes Olympia TV (o\u00f9 il menait des entretiens avec des artistes) et Animaux TV (o\u00f9 il avait d\u00e9j\u00e0 une \u00e9mission animali\u00e8re). Il conserve en revanche son \u00e9mission hebdomadaire sur la radio RFM, o\u00f9 il interviewe des personnalit\u00e9s.<\/p>\n","protected":false},"excerpt":{"rendered":"Bernard Montiel bient\u00f4t de retour sur le petit \u00e9cran\u00a0! L\u2019ancien chroniqueur de Cyril Hanouna, Bernard Montiel revient \u00e0&hellip;\n","protected":false},"author":2,"featured_media":483229,"comment_status":"","ping_status":"","sticky":false,"template":"","format":"standard","meta":{"footnotes":""},"categories":[1359],"tags":[1867,58,59,1011,27,876,973,6030,252],"class_list":{"0":"post-483228","1":"post","2":"type-post","3":"status-publish","4":"format-standard","5":"has-post-thumbnail","7":"category-people","8":"tag-animaux","9":"tag-divertissement","10":"tag-entertainment","11":"tag-fr","12":"tag-france","13":"tag-france-3","14":"tag-people","15":"tag-protection-des-animaux","16":"tag-television"},"share_on_mastodon":{"url":"https:\/\/pubeurope.com\/@fr\/115420799170541068","error":""},"_links":{"self":[{"href":"https:\/\/www.europesays.com\/fr\/wp-json\/wp\/v2\/posts\/483228","targetHints":{"allow":["GET"]}}],"collection":[{"href":"https:\/\/www.europesays.com\/fr\/wp-json\/wp\/v2\/posts"}],"about":[{"href":"https:\/\/www.europesays.com\/fr\/wp-json\/wp\/v2\/types\/post"}],"author":[{"embeddable":true,"href":"https:\/\/www.europesays.com\/fr\/wp-json\/wp\/v2\/users\/2"}],"replies":[{"embeddable":true,"href":"https:\/\/www.europesays.com\/fr\/wp-json\/wp\/v2\/comments?post=483228"}],"version-history":[{"count":0,"href":"https:\/\/www.europesays.com\/fr\/wp-json\/wp\/v2\/posts\/483228\/revisions"}],"wp:featuredmedia":[{"embeddable":true,"href":"https:\/\/www.europesays.com\/fr\/wp-json\/wp\/v2\/media\/483229"}],"wp:attachment":[{"href":"https:\/\/www.europesays.com\/fr\/wp-json\/wp\/v2\/media?parent=483228"}],"wp:term":[{"taxonomy":"category","embeddable":true,"href":"https:\/\/www.europesays.com\/fr\/wp-json\/wp\/v2\/categories?post=483228"},{"taxonomy":"post_tag","embeddable":true,"href":"https:\/\/www.europesays.com\/fr\/wp-json\/wp\/v2\/tags?post=483228"}],"curies":[{"name":"wp","href":"https:\/\/api.w.org\/{rel}","templated":true}]}}