{"id":483230,"date":"2025-10-23T01:06:36","date_gmt":"2025-10-23T01:06:36","guid":{"rendered":"https:\/\/www.europesays.com\/fr\/483230\/"},"modified":"2025-10-23T01:06:36","modified_gmt":"2025-10-23T01:06:36","slug":"une-belle-photo-de-parthenay-laureate-du-concours-ma-region-en-images","status":"publish","type":"post","link":"https:\/\/www.europesays.com\/fr\/483230\/","title":{"rendered":"Une belle photo de Parthenay laur\u00e9ate du concours Ma r\u00e9gion en images"},"content":{"rendered":"<p>Ce n\u2019est pas la premi\u00e8re fois qu\u2019une photo de Parthenay remporte le prix d\u00e9partemental du concours Ma r\u00e9gion en images. Un <a target=\"_self\" href=\"https:\/\/www.lanouvellerepublique.fr\/deux-sevres\/commune\/magne-79\/la-photo-de-niort-de-philippe-laffont-laureate-departementale-de-ma-region-en-images\" rel=\"nofollow noopener\">clich\u00e9 de la capitale de la G\u00e2tine de Philippe Boussion<\/a> avait s\u00e9duit le jury en 2022. Pour cette \u00e9dition 2025, la porte Saint-Jacques, immortalis\u00e9e par Olivier Drochon, habitant de Saint-Pardoux-Soutiers, est laur\u00e9ate d\u00e9partementale de ce concours organis\u00e9 depuis 2021 par l\u2019association Territoires Nouvelle-Aquitaine.<\/p>\n<p>L\u2019objectif\u00a0: valoriser le patrimoine de la r\u00e9gion avec pour seul crit\u00e8re l\u2019identification facile du lieu o\u00f9 la photo a \u00e9t\u00e9 prise. Le concours a r\u00e9uni cette ann\u00e9e 864 participants, des photographes amateurs de toute la r\u00e9gion, qui ont envoy\u00e9 un total de 5.433 photos (chaque participant peut envoyer jusqu\u2019\u00e0 douze photos).<\/p>\n<p>Un laur\u00e9at est d\u00e9sign\u00e9 pour chacun des douze d\u00e9partements et trois clich\u00e9s sont les grands gagnants. Les trois grands gagnants sont C\u00e9lia Vachieri avec sa photo du pont de l\u2019\u00eele de R\u00e9, Sylvain Mura et son clich\u00e9 de Bordeaux, et Patrick Labregere, qui a immortalis\u00e9 un quartier de Limoges.<\/p>\n<p><img alt=\"Le pont de l\u2019\u00eele de R\u00e9 photographi\u00e9 par C\u00e9lia Vachieri figure parmi les trois grands gagnants du concours n\u00e9o-aquitain.\" loading=\"lazy\" width=\"980\" height=\"573\" decoding=\"async\" data-nimg=\"1\" class=\"img-responsive spinner-show\" style=\"color:transparent;background-size:cover;background-position:50% 50%;background-repeat:no-repeat;background-image:url(&quot;data:image\/svg+xml;charset=utf-8,%3Csvg xmlns='http:\/\/www.w3.org\/2000\/svg' viewBox='0 0 980 573'%3E%3Cfilter id='b' color-interpolation-filters='sRGB'%3E%3CfeGaussianBlur stdDeviation='20'\/%3E%3CfeColorMatrix values='1 0 0 0 0 0 1 0 0 0 0 0 1 0 0 0 0 0 100 -1' result='s'\/%3E%3CfeFlood x='0' y='0' width='100%25' height='100%25'\/%3E%3CfeComposite operator='out' in='s'\/%3E%3CfeComposite in2='SourceGraphic'\/%3E%3CfeGaussianBlur stdDeviation='20'\/%3E%3C\/filter%3E%3Cimage width='100%25' height='100%25' x='0' y='0' preserveAspectRatio='none' style='filter: url(%23b);' href='https:\/\/images.lanouvellerepublique.fr\/image\/upload\/t_88w\/f_auto\/68f8cde943b4748c4d8b4581.jpg'\/%3E%3C\/svg%3E&quot;)\"   src=\"https:\/\/www.europesays.com\/fr\/wp-content\/uploads\/2025\/10\/68f8cde943b4748c4d8b4581.jpg\"\/><\/p>\n<p style=\"background-color:#F2F2F2;padding:5px;margin-top:0px;margin-bottom:10px\">Le pont de l\u2019\u00eele de R\u00e9 photographi\u00e9 par C\u00e9lia Vachieri figure parmi les trois grands gagnants du concours n\u00e9o-aquitain.<br \/> \u00a9 Photo C\u00e9lia Vachieri<\/p>\n<p><img alt=\"Cette photo de Bordeaux de Sylvain Mura fait partie des gagnants de Nouvelle-Aquitaine.\" loading=\"lazy\" width=\"980\" height=\"573\" decoding=\"async\" data-nimg=\"1\" class=\"img-responsive spinner-show\" style=\"color:transparent;background-size:cover;background-position:50% 50%;background-repeat:no-repeat;background-image:url(&quot;data:image\/svg+xml;charset=utf-8,%3Csvg xmlns='http:\/\/www.w3.org\/2000\/svg' viewBox='0 0 980 573'%3E%3Cfilter id='b' color-interpolation-filters='sRGB'%3E%3CfeGaussianBlur stdDeviation='20'\/%3E%3CfeColorMatrix values='1 0 0 0 0 0 1 0 0 0 0 0 1 0 0 0 0 0 100 -1' result='s'\/%3E%3CfeFlood x='0' y='0' width='100%25' height='100%25'\/%3E%3CfeComposite operator='out' in='s'\/%3E%3CfeComposite in2='SourceGraphic'\/%3E%3CfeGaussianBlur stdDeviation='20'\/%3E%3C\/filter%3E%3Cimage width='100%25' height='100%25' x='0' y='0' preserveAspectRatio='none' style='filter: url(%23b);' href='https:\/\/images.lanouvellerepublique.fr\/image\/upload\/t_88w\/f_auto\/68f8cde995eb7cea2c8b4592.jpg'\/%3E%3C\/svg%3E&quot;)\"   src=\"https:\/\/www.europesays.com\/fr\/wp-content\/uploads\/2025\/10\/68f8cde995eb7cea2c8b4592.jpg\"\/><\/p>\n<p style=\"background-color:#F2F2F2;padding:5px;margin-top:0px;margin-bottom:10px\">Cette photo de Bordeaux de Sylvain Mura fait partie des gagnants de Nouvelle-Aquitaine.<br \/> \u00a9 Photo Sylvain Mura<\/p>\n<p><img alt=\"Cette photo de Limoges de Patrick Labregere fait partie des trois distingu\u00e9s r\u00e9gionaux.\" loading=\"lazy\" width=\"980\" height=\"573\" decoding=\"async\" data-nimg=\"1\" class=\"img-responsive spinner-show\" style=\"color:transparent;background-size:cover;background-position:50% 50%;background-repeat:no-repeat;background-image:url(&quot;data:image\/svg+xml;charset=utf-8,%3Csvg xmlns='http:\/\/www.w3.org\/2000\/svg' viewBox='0 0 980 573'%3E%3Cfilter id='b' color-interpolation-filters='sRGB'%3E%3CfeGaussianBlur stdDeviation='20'\/%3E%3CfeColorMatrix values='1 0 0 0 0 0 1 0 0 0 0 0 1 0 0 0 0 0 100 -1' result='s'\/%3E%3CfeFlood x='0' y='0' width='100%25' height='100%25'\/%3E%3CfeComposite operator='out' in='s'\/%3E%3CfeComposite in2='SourceGraphic'\/%3E%3CfeGaussianBlur stdDeviation='20'\/%3E%3C\/filter%3E%3Cimage width='100%25' height='100%25' x='0' y='0' preserveAspectRatio='none' style='filter: url(%23b);' href='https:\/\/images.lanouvellerepublique.fr\/image\/upload\/t_88w\/f_auto\/68f8cdead14f8e8a1a8b45b9.jpg'\/%3E%3C\/svg%3E&quot;)\"   src=\"https:\/\/www.europesays.com\/fr\/wp-content\/uploads\/2025\/10\/68f8cdead14f8e8a1a8b45b9.jpg\"\/><\/p>\n<p style=\"background-color:#F2F2F2;padding:5px;margin-top:0px;margin-bottom:10px\">Cette photo de Limoges de Patrick Labregere fait partie des trois distingu\u00e9s r\u00e9gionaux.<br \/> \u00a9 Photo Patrick Labregere<\/p>\n<p>Une photo du Marais poitevin coup de c\u0153ur<\/p>\n<p>Lors de ce concours, l\u2019Institut du go\u00fbt Nouvelle-Aquitaine choisit \u00e9galement ses coups de c\u0153ur d\u00e9partementaux. Dans les Deux-S\u00e8vres, c\u2019est une photo du <a target=\"_self\" href=\"https:\/\/www.lanouvellerepublique.fr\/deux-sevres\/commune\/coulon\/la-maison-du-marais-poitevin-a-coulon-pour-aller-au-dela-de-la-carte-postale-1745317091\" rel=\"nofollow noopener\">Marais poitevin<\/a> prise par un habitant de Frontenay-Rohan-Rohan, Jean-Paul Chartier, qui a re\u00e7u les honneurs des membres du jury.<\/p>\n<p><img alt=\"La photo prise dans le Marais poitevin de Jean-Paul Chartier a \u00e9t\u00e9 choisie par l\u2019Institut du go\u00fbt Nouvelle-Aquitaine dans la cat\u00e9gorie Paysages nourriciers.\" loading=\"lazy\" width=\"980\" height=\"573\" decoding=\"async\" data-nimg=\"1\" class=\"img-responsive spinner-show\" style=\"color:transparent;background-size:cover;background-position:50% 50%;background-repeat:no-repeat;background-image:url(&quot;data:image\/svg+xml;charset=utf-8,%3Csvg xmlns='http:\/\/www.w3.org\/2000\/svg' viewBox='0 0 980 573'%3E%3Cfilter id='b' color-interpolation-filters='sRGB'%3E%3CfeGaussianBlur stdDeviation='20'\/%3E%3CfeColorMatrix values='1 0 0 0 0 0 1 0 0 0 0 0 1 0 0 0 0 0 100 -1' result='s'\/%3E%3CfeFlood x='0' y='0' width='100%25' height='100%25'\/%3E%3CfeComposite operator='out' in='s'\/%3E%3CfeComposite in2='SourceGraphic'\/%3E%3CfeGaussianBlur stdDeviation='20'\/%3E%3C\/filter%3E%3Cimage width='100%25' height='100%25' x='0' y='0' preserveAspectRatio='none' style='filter: url(%23b);' href='https:\/\/images.lanouvellerepublique.fr\/image\/upload\/t_88w\/f_auto\/68f8cde9d14f8e051b8b461c.jpg'\/%3E%3C\/svg%3E&quot;)\"   src=\"https:\/\/www.europesays.com\/fr\/wp-content\/uploads\/2025\/10\/68f8cde9d14f8e051b8b461c.jpg\"\/><\/p>\n<p style=\"background-color:#F2F2F2;padding:5px;margin-top:0px;margin-bottom:10px\">La photo prise dans le Marais poitevin de Jean-Paul Chartier a \u00e9t\u00e9 choisie par l\u2019Institut du go\u00fbt Nouvelle-Aquitaine dans la cat\u00e9gorie Paysages nourriciers.<br \/> \u00a9 Photo Jean-Paul Chartier<\/p>\n<p>L\u2019\u00e9dition 2026 de Ma r\u00e9gion en images se d\u00e9roulera du 1er\u00a0juillet au 30\u00a0septembre. Renseignements sur le site internet de <a target=\"_blank\" href=\"https:\/\/territoires.nouvelle-aquitaine.fr\/\" rel=\"nofollow noopener\">Territoires Nouvelle-Aquitaine<\/a>.<\/p>\n","protected":false},"excerpt":{"rendered":"Ce n\u2019est pas la premi\u00e8re fois qu\u2019une photo de Parthenay remporte le prix d\u00e9partemental du concours Ma r\u00e9gion&hellip;\n","protected":false},"author":2,"featured_media":483231,"comment_status":"","ping_status":"","sticky":false,"template":"","format":"standard","meta":{"footnotes":""},"categories":[1358],"tags":[1392,1348,1384,1385,1386,2545,58,59,1011,27,1393,6755,2551],"class_list":{"0":"post-483230","1":"post","2":"type-post","3":"status-publish","4":"format-standard","5":"has-post-thumbnail","7":"category-arts-et-design","8":"tag-a-la-une-local","9":"tag-arts","10":"tag-arts-and-design","11":"tag-arts-et-design","12":"tag-design","13":"tag-deux-sevres","14":"tag-divertissement","15":"tag-entertainment","16":"tag-fr","17":"tag-france","18":"tag-loisirs","19":"tag-parthenay","20":"tag-patrimoine"},"share_on_mastodon":{"url":"https:\/\/pubeurope.com\/@fr\/115420803549217318","error":""},"_links":{"self":[{"href":"https:\/\/www.europesays.com\/fr\/wp-json\/wp\/v2\/posts\/483230","targetHints":{"allow":["GET"]}}],"collection":[{"href":"https:\/\/www.europesays.com\/fr\/wp-json\/wp\/v2\/posts"}],"about":[{"href":"https:\/\/www.europesays.com\/fr\/wp-json\/wp\/v2\/types\/post"}],"author":[{"embeddable":true,"href":"https:\/\/www.europesays.com\/fr\/wp-json\/wp\/v2\/users\/2"}],"replies":[{"embeddable":true,"href":"https:\/\/www.europesays.com\/fr\/wp-json\/wp\/v2\/comments?post=483230"}],"version-history":[{"count":0,"href":"https:\/\/www.europesays.com\/fr\/wp-json\/wp\/v2\/posts\/483230\/revisions"}],"wp:featuredmedia":[{"embeddable":true,"href":"https:\/\/www.europesays.com\/fr\/wp-json\/wp\/v2\/media\/483231"}],"wp:attachment":[{"href":"https:\/\/www.europesays.com\/fr\/wp-json\/wp\/v2\/media?parent=483230"}],"wp:term":[{"taxonomy":"category","embeddable":true,"href":"https:\/\/www.europesays.com\/fr\/wp-json\/wp\/v2\/categories?post=483230"},{"taxonomy":"post_tag","embeddable":true,"href":"https:\/\/www.europesays.com\/fr\/wp-json\/wp\/v2\/tags?post=483230"}],"curies":[{"name":"wp","href":"https:\/\/api.w.org\/{rel}","templated":true}]}}