{"id":483236,"date":"2025-10-23T01:09:13","date_gmt":"2025-10-23T01:09:13","guid":{"rendered":"https:\/\/www.europesays.com\/fr\/483236\/"},"modified":"2025-10-23T01:09:13","modified_gmt":"2025-10-23T01:09:13","slug":"la-chanteuse-lizzo-poursuivie-pour-plagiat-dans-un-titre-faisant-reference-a-sydney-sweeney-actualites","status":"publish","type":"post","link":"https:\/\/www.europesays.com\/fr\/483236\/","title":{"rendered":"La chanteuse Lizzo poursuivie pour plagiat dans un titre faisant r\u00e9f\u00e9rence \u00e0 Sydney Sweeney : Actualit\u00e9s"},"content":{"rendered":"<p class=\"lead \">La chanteuse am\u00e9ricaine Lizzo est poursuivie devant un tribunal californien pour un extrait d&rsquo;une chanson non publi\u00e9e, devenue virale en raison d&rsquo;une r\u00e9f\u00e9rence \u00e0 Sydney Sweeney, a-t-on appris mercredi.<\/p>\n<p class=\"lead \">L&rsquo;extrait en question, publi\u00e9 sur les r\u00e9seaux sociaux cet \u00e9t\u00e9, montre l&rsquo;artiste en train de laver une voiture, v\u00eatue d&rsquo;une veste et d&rsquo;un mini-short en jeans, avec les paroles \u00ab\u00a0I got good jeans like I&rsquo;m Sydney\u00a0\u00bb &#8211; \u00ab\u00a0j&rsquo;ai de bons jeans comme Sydney -, un clin d&rsquo;\u0153il \u00e0 une r\u00e9cente publicit\u00e9 pol\u00e9mique de l&rsquo;actrice.<\/p>\n<p class=\"lead \">Mais les avocats de l&rsquo;entreprise musicale GRC Trust affirment que le clip de cet extrait &#8211; qui n&rsquo;a jamais d\u00e9bouch\u00e9 sur la commercialisation d&rsquo;une chanson &#8211; utilise sans autorisation la musique de \u00ab\u00a0Win or Lose (We Tried)\u00a0\u00bb, une ballade soul des ann\u00e9es 70 du groupe am\u00e9ricain Windy City.<\/p>\n<p class=\"lead \">GRC Trust, qui d\u00e9tient les droits du titre, r\u00e9clame une indemnisation \u00e0 Lizzo parce qu&rsquo;elle \u00ab\u00a0a obtenu des b\u00e9n\u00e9fices qu&rsquo;elle n&rsquo;aurait pas r\u00e9alis\u00e9s sans cette atteinte\u00a0\u00bb au droit d&rsquo;auteur.<\/p>\n<p class=\"lead \">Dans leur plainte, d\u00e9pos\u00e9e mardi, les avocats affirment avoir tent\u00e9 de parvenir \u00e0 un accord informel avec l&rsquo;\u00e9quipe de Lizzo, \u00ab\u00a0mais ont atteint une impasse\u00a0\u00bb, les poussant \u00e0 engager des poursuites.<\/p>\n<p class=\"lead \">La plainte demande \u00e0 la justice d&#8217;emp\u00eacher la distribution de la chanson de Lizzo et une somme \u00e9quivalente aux profits r\u00e9alis\u00e9s par la chanteuse, \u00ab\u00a0plus toutes les pertes de GRC\u00a0\u00bb.<\/p>\n<p class=\"lead \">Lizzo est \u00ab\u00a0surprise\u00a0\u00bb par cette plainte, selon une porte-parole.<\/p>\n<p class=\"lead \">\u00ab\u00a0Pour \u00eatre clair, la chanson n&rsquo;a jamais \u00e9t\u00e9 commercialis\u00e9e ou mon\u00e9tis\u00e9e, et aucune d\u00e9cision n&rsquo;a \u00e9t\u00e9 prise \u00e0 ce jour concernant une \u00e9ventuelle sortie commerciale future de la chanson\u00a0\u00bb, a pr\u00e9cis\u00e9 \u00e0 l&rsquo;AFP cette repr\u00e9sentante.<\/p>\n<p class=\"lead \">L&rsquo;extrait \u00e9tait devenu viral, tout comme les publicit\u00e9s de la marque de jeans American Eagle avec Sydney Sweeney auxquelles il faisait r\u00e9f\u00e9rence.<\/p>\n<p class=\"lead \">Cette campagne avait \u00e9t\u00e9 assimil\u00e9e \u00e0 de la propagande eug\u00e9niste par certains, car son slogan \u00ab\u00a0Sydney has great jeans\u00a0\u00bb (\u00ab\u00a0Sydney a des jeans formidables\u00a0\u00bb en fran\u00e7ais), jouait sur l&rsquo;ambigu\u00eft\u00e9 entre \u00ab\u00a0jeans\u00a0\u00bb et \u00ab\u00a0g\u00e8nes\u00a0\u00bb, deux mots qui se prononcent de la m\u00eame mani\u00e8re en anglais.<\/p>\n<p class=\"lead \">La com\u00e9dienne blonde aux yeux bleus, connue pour ses r\u00f4les dans les s\u00e9ries \u00ab\u00a0The White Lotus\u00a0\u00bb et \u00ab\u00a0Euphoria\u00a0\u00bb, s&rsquo;y pavanait notamment en denim et collait une affiche o\u00f9 le mot \u00ab\u00a0g\u00e8nes\u00a0\u00bb \u00e9tait barr\u00e9 et remplac\u00e9 par \u00ab\u00a0jeans\u00a0\u00bb.  <\/p>\n<p class=\"lead \">Le pr\u00e9sident am\u00e9ricain Donald Trump s&rsquo;\u00e9tait empar\u00e9 de la pol\u00e9mique sur les r\u00e9seaux sociaux pour d\u00e9fendre la com\u00e9dienne, \u00ab\u00a0une r\u00e9publicaine enregistr\u00e9e\u00a0\u00bb, qui a selon lui sign\u00e9 \u00ab\u00a0la publicit\u00e9 LA PLUS HOT du moment\u00a0\u00bb.<\/p>\n<p class=\"small font-weight-bold text-gray3 \"> publi\u00e9 le 22 octobre \u00e0 22h33, AFP<\/p>\n<p>                             Partager<\/p>\n","protected":false},"excerpt":{"rendered":"La chanteuse am\u00e9ricaine Lizzo est poursuivie devant un tribunal californien pour un extrait d&rsquo;une chanson non publi\u00e9e, devenue&hellip;\n","protected":false},"author":2,"featured_media":483237,"comment_status":"","ping_status":"","sticky":false,"template":"","format":"standard","meta":{"footnotes":""},"categories":[1355],"tags":[58,59,313,1011,27,303,1361,873,316,26865,6819,308],"class_list":{"0":"post-483236","1":"post","2":"type-post","3":"status-publish","4":"format-standard","5":"has-post-thumbnail","7":"category-musique","8":"tag-divertissement","9":"tag-entertainment","10":"tag-entreprises","11":"tag-fr","12":"tag-france","13":"tag-justice","14":"tag-music","15":"tag-musique","16":"tag-politique","17":"tag-proprit-intellectuelle","18":"tag-publicit","19":"tag-usa"},"share_on_mastodon":{"url":"https:\/\/pubeurope.com\/@fr\/115420814893041811","error":""},"_links":{"self":[{"href":"https:\/\/www.europesays.com\/fr\/wp-json\/wp\/v2\/posts\/483236","targetHints":{"allow":["GET"]}}],"collection":[{"href":"https:\/\/www.europesays.com\/fr\/wp-json\/wp\/v2\/posts"}],"about":[{"href":"https:\/\/www.europesays.com\/fr\/wp-json\/wp\/v2\/types\/post"}],"author":[{"embeddable":true,"href":"https:\/\/www.europesays.com\/fr\/wp-json\/wp\/v2\/users\/2"}],"replies":[{"embeddable":true,"href":"https:\/\/www.europesays.com\/fr\/wp-json\/wp\/v2\/comments?post=483236"}],"version-history":[{"count":0,"href":"https:\/\/www.europesays.com\/fr\/wp-json\/wp\/v2\/posts\/483236\/revisions"}],"wp:featuredmedia":[{"embeddable":true,"href":"https:\/\/www.europesays.com\/fr\/wp-json\/wp\/v2\/media\/483237"}],"wp:attachment":[{"href":"https:\/\/www.europesays.com\/fr\/wp-json\/wp\/v2\/media?parent=483236"}],"wp:term":[{"taxonomy":"category","embeddable":true,"href":"https:\/\/www.europesays.com\/fr\/wp-json\/wp\/v2\/categories?post=483236"},{"taxonomy":"post_tag","embeddable":true,"href":"https:\/\/www.europesays.com\/fr\/wp-json\/wp\/v2\/tags?post=483236"}],"curies":[{"name":"wp","href":"https:\/\/api.w.org\/{rel}","templated":true}]}}