{"id":483250,"date":"2025-10-23T01:18:15","date_gmt":"2025-10-23T01:18:15","guid":{"rendered":"https:\/\/www.europesays.com\/fr\/483250\/"},"modified":"2025-10-23T01:18:15","modified_gmt":"2025-10-23T01:18:15","slug":"3-detenus-en-garde-a-vue-apres-la-diffusion-dune-video-de-menaces","status":"publish","type":"post","link":"https:\/\/www.europesays.com\/fr\/483250\/","title":{"rendered":"3 d\u00e9tenus en garde \u00e0 vue apr\u00e8s la diffusion d&rsquo;une vid\u00e9o de menaces"},"content":{"rendered":"<p class=\"article-p mdl\">La premi\u00e8re journ\u00e9e de Nicolas Sarkozy a la prison de la Sant\u00e9 semble avoir \u00e9t\u00e9 quelque peu agit\u00e9e. Trois d\u00e9tenus de l&rsquo;\u00e9tablissement p\u00e9nitentiaire ont \u00e9t\u00e9 plac\u00e9s en garde \u00e0 vue ce mercredi 22 octobre apr\u00e8s \u00ab\u00a0la diffusion sur les r\u00e9seaux sociaux d&rsquo;une vid\u00e9o, manifestement tourn\u00e9e par un d\u00e9tenu\u00a0\u00bb de l&rsquo;\u00e9tablissement p\u00e9nitentiaire \u00ab\u00a0prof\u00e9rant des menaces \u00e0\u00a0<a class=\"link\" href=\"https:\/\/www.rtl.fr\/actu\/justice-faits-divers\/il-a-commence-a-ecrire-un-livre-visite-de-carla-bruni-gardes-du-corps-television-ce-que-l-on-sait-sur-la-premiere-journee-de-nicolas-sarkozy-en-prison-7900556506\" title=\"&quot;Il a commenc\u00e9 \u00e0 \u00e9crire un livre&quot; : visite de Carla Bruni, gardes du corps, t\u00e9l\u00e9vision... Ce que l&#039;on sait sur la premi\u00e8re journ\u00e9e de Nicolas Sarkozy en prison\" target=\"_blank\" rel=\"noopener\">l&rsquo;arriv\u00e9e dans les locaux de Nicolas Sarkozy\u00a0\u00bb, incarc\u00e9r\u00e9 mardi<\/a>, a-t-on appris aupr\u00e8s du parquet.<\/p>\n<p class=\"article-p mdl\">\u00ab\u00a0Une fouille administrative a \u00e9t\u00e9 effectu\u00e9e par l&rsquo;administration p\u00e9nitentiaire, au cours de laquelle deux t\u00e9l\u00e9phones ont \u00e9t\u00e9 saisis\u00a0\u00bb, a pr\u00e9cis\u00e9 le parquet de Paris, confirmant une information d&rsquo;<a class=\"link\" href=\"https:\/\/www.europe1.fr\/Police-Justice\/info-europe-1-nicolas-sarkozy-en-detention-trois-detenus-en-garde-a-vue-pour-une-video-aux-propos-insultants-et-menacants-848667\" target=\"_blank\" rel=\"noopener\">Europe 1<\/a>. \u00ab\u00a0Le parquet de Paris a ouvert une enqu\u00eate pour menaces de mort, confi\u00e9e au 3e district de police judiciaire. Les trois d\u00e9tenus pr\u00e9sents dans la cellule ont \u00e9t\u00e9 plac\u00e9s en garde \u00e0 vue\u00a0\u00bb, a-t-il poursuivi.<\/p>\n<p class=\"article-p mdl\">L&rsquo;ancien chef de l&rsquo;Etat a \u00e9t\u00e9\u00a0<a class=\"link\" href=\"https:\/\/www.rtl.fr\/actu\/justice-faits-divers\/info-rtl-incarceration-de-nicolas-sarkozy-les-vrais-chiffres-de-l-execution-provisoire-7900547981\" title=\"INFO RTL - Les juges ont-ils \u00e9t\u00e9 s\u00e9v\u00e8res avec Nicolas Sarkozy ? Les vrais chiffres de l&#039;ex\u00e9cution provisoire\" target=\"_blank\" rel=\"noopener\">condamn\u00e9 le 25 septembre \u00e0 cinq ans de prison<\/a>\u00a0pour association de malfaiteurs dans le proc\u00e8s libyen. Il a fait appel de la condamnation et est incarc\u00e9r\u00e9 depuis mardi \u00e0 la prison de la Sant\u00e9, une premi\u00e8re dans l&rsquo;histoire de la R\u00e9publique. Nicolas Sarkozy est astreint aux r\u00e8gles carc\u00e9rales,\u00a0<a class=\"link\" href=\"https:\/\/www.rtl.fr\/actu\/justice-faits-divers\/info-rtl-deux-cellules-la-nuit-portes-ouvertes-et-armes-comment-travaillent-les-officiers-de-securite-de-nicolas-sarkozy-a-la-prison-de-la-sante-7900556788\" title=\"INFO RTL - Deux cellules la nuit, portes ouvertes et arm\u00e9s : comment travaillent les officiers de s\u00e9curit\u00e9 de Nicolas Sarkozy \u00e0 la prison de la Sant\u00e9\" target=\"_blank\" rel=\"noopener\">enferm\u00e9 dans sa cellule une grande partie de la journ\u00e9e<\/a>.<\/p>\n<p class=\"article-p mdl\">Une vid\u00e9o qui aurait \u00e9t\u00e9 capt\u00e9e lors de la premi\u00e8re nuit en d\u00e9tention de Nicolas Sarkozy, o\u00f9 l&rsquo;on entend des cris et insultes visant l&rsquo;ancien pr\u00e9sident, circulait mercredi sur les r\u00e9seaux sociaux.<\/p>\n<p class=\"article-p mdl\">Marine Le Pen l&rsquo;a partag\u00e9e dans la journ\u00e9e sur son compte X, pour marquer sa d\u00e9sapprobation: \u00ab\u00a0Je ne doute pas que certains doivent se r\u00e9jouir de cette situation. Mais je veux croire que des millions de Fran\u00e7ais ressentent, comme moi, du d\u00e9go\u00fbt\u00a0\u00bb, a comment\u00e9 la cheffe de file du Rassemblement national.<\/p>\n<blockquote class=\"twitter-tweet\">\n<p lang=\"fr\" dir=\"ltr\">Je ne doute pas que certains doivent se r\u00e9jouir de cette situation. Mais je veux croire que des millions de Fran\u00e7ais ressentent, comme moi, du d\u00e9go\u00fbt.<\/p>\n<p>N\u2019en d\u00e9plaise \u00e0 l\u2019extr\u00eame-gauche, non, Nicolas Sarkozy, enferm\u00e9 avec ex\u00e9cution provisoire, n\u2019est pas \u00ab\u00a0un d\u00e9tenu comme les\u2026 <a href=\"https:\/\/t.co\/W4kKpgLlKu\">https:\/\/t.co\/W4kKpgLlKu<\/a><\/p>\n<p>\u2014 Marine Le Pen (@MLP_officiel) <a href=\"https:\/\/twitter.com\/MLP_officiel\/status\/1980934875357007930?ref_src=twsrc%5Etfw\" target=\"_blank\" rel=\"noopener\">October 22, 2025<\/a><\/p><\/blockquote>\n<p>    La r\u00e9daction vous recommande<\/p>\n<p class=\"s-newsletter__title\">\n                L\u2019actualit\u00e9 par la r\u00e9daction de RTL dans votre bo\u00eete mail.\n            <\/p>\n<p class=\"s-newsletter__subtitle\">\n                Gr\u00e2ce \u00e0 votre compte RTL abonnez-vous \u00e0 la newsletter RTL info pour suivre toute l&rsquo;actualit\u00e9 au quotidien\n            <\/p>\n<p>\n                                    Lire la suite\n                                <\/p>\n<p>                            <script async src=\"https:\/\/platform.twitter.com\/widgets.js\" charset=\"utf-8\"><\/script><\/p>\n","protected":false},"excerpt":{"rendered":"La premi\u00e8re journ\u00e9e de Nicolas Sarkozy a la prison de la Sant\u00e9 semble avoir \u00e9t\u00e9 quelque peu agit\u00e9e.&hellip;\n","protected":false},"author":2,"featured_media":483251,"comment_status":"","ping_status":"","sticky":false,"template":"","format":"standard","meta":{"footnotes":""},"categories":[2],"tags":[11,54809,107,1011,27,303,12,899],"class_list":{"0":"post-483250","1":"post","2":"type-post","3":"status-publish","4":"format-standard","5":"has-post-thumbnail","7":"category-actualites","8":"tag-actualites","9":"tag-affaire-sarkozy","10":"tag-fil-info","11":"tag-fr","12":"tag-france","13":"tag-justice","14":"tag-news","15":"tag-prisons"},"share_on_mastodon":{"url":"https:\/\/pubeurope.com\/@fr\/115420849956241877","error":""},"_links":{"self":[{"href":"https:\/\/www.europesays.com\/fr\/wp-json\/wp\/v2\/posts\/483250","targetHints":{"allow":["GET"]}}],"collection":[{"href":"https:\/\/www.europesays.com\/fr\/wp-json\/wp\/v2\/posts"}],"about":[{"href":"https:\/\/www.europesays.com\/fr\/wp-json\/wp\/v2\/types\/post"}],"author":[{"embeddable":true,"href":"https:\/\/www.europesays.com\/fr\/wp-json\/wp\/v2\/users\/2"}],"replies":[{"embeddable":true,"href":"https:\/\/www.europesays.com\/fr\/wp-json\/wp\/v2\/comments?post=483250"}],"version-history":[{"count":0,"href":"https:\/\/www.europesays.com\/fr\/wp-json\/wp\/v2\/posts\/483250\/revisions"}],"wp:featuredmedia":[{"embeddable":true,"href":"https:\/\/www.europesays.com\/fr\/wp-json\/wp\/v2\/media\/483251"}],"wp:attachment":[{"href":"https:\/\/www.europesays.com\/fr\/wp-json\/wp\/v2\/media?parent=483250"}],"wp:term":[{"taxonomy":"category","embeddable":true,"href":"https:\/\/www.europesays.com\/fr\/wp-json\/wp\/v2\/categories?post=483250"},{"taxonomy":"post_tag","embeddable":true,"href":"https:\/\/www.europesays.com\/fr\/wp-json\/wp\/v2\/tags?post=483250"}],"curies":[{"name":"wp","href":"https:\/\/api.w.org\/{rel}","templated":true}]}}