{"id":483254,"date":"2025-10-23T01:22:19","date_gmt":"2025-10-23T01:22:19","guid":{"rendered":"https:\/\/www.europesays.com\/fr\/483254\/"},"modified":"2025-10-23T01:22:19","modified_gmt":"2025-10-23T01:22:19","slug":"laxou-trois-mois-apres-lorage-du-20-juillet-lintermarche-des-provinces-est-rouvert","status":"publish","type":"post","link":"https:\/\/www.europesays.com\/fr\/483254\/","title":{"rendered":"Laxou. Trois mois apr\u00e8s l&rsquo;orage du 20 juillet, l&rsquo;Intermarch\u00e9 des Provinces est rouvert"},"content":{"rendered":"<p>Ferm\u00e9 depuis l\u2019impressionnant orage du 20\u00a0juillet qui s\u2019est abattu sur la commune de Laxou, l\u2019Intermarch\u00e9 des Provinces a enfin rouvert ses portes.<\/p>\n<p>Ce jour d\u2019\u00e9t\u00e9, <a href=\"https:\/\/www.estrepublicain.fr\/faits-divers-justice\/2025\/07\/24\/orage-violent-aux-provinces-degats-materiels-et-fermeture-d-un-supermarche\" target=\"_blank\" rel=\"noopener\">une pluie diluvienne avait provoqu\u00e9 l\u2019effondrement partiel de la toiture<\/a>, causant d\u2019importants d\u00e9g\u00e2ts, notamment, dans les zones frigorifiques et les r\u00e9serves.<\/p>\n<p>Trois mois plus tard, apr\u00e8s des travaux intensifs et une mobilisation sans faille, l\u2019\u00e9quipe du magasin, direction et salari\u00e9s, est heureuse de retrouver ses fid\u00e8les clients.<\/p>\n<p>Plus soud\u00e9s que jamais apr\u00e8s cette \u00e9preuve, tous sont pr\u00eats \u00e0 faire revivre ce lieu de proximit\u00e9 essentiel \u00e0 la vie de quartier.<\/p>\n","protected":false},"excerpt":{"rendered":"Ferm\u00e9 depuis l\u2019impressionnant orage du 20\u00a0juillet qui s\u2019est abattu sur la commune de Laxou, l\u2019Intermarch\u00e9 des Provinces a&hellip;\n","protected":false},"author":2,"featured_media":483255,"comment_status":"","ping_status":"","sticky":false,"template":"","format":"standard","meta":{"footnotes":""},"categories":[9635],"tags":[1111,11,4406,33,1704,1777,674,274,1011,27,775,10426,10262,1702,12,25],"class_list":{"0":"post-483254","1":"post","2":"type-post","3":"status-publish","4":"format-standard","5":"has-post-thumbnail","7":"category-nancy","8":"tag-actu","9":"tag-actualites","10":"tag-commerce-et-services","11":"tag-economie","12":"tag-edition-nancy-et-agglomeration","13":"tag-eu","14":"tag-europe","15":"tag-faits-divers-justice","16":"tag-fr","17":"tag-france","18":"tag-grand-est","19":"tag-laxou","20":"tag-metropole-du-grand-nancy-54b5","21":"tag-nancy","22":"tag-news","23":"tag-republique-francaise"},"share_on_mastodon":{"url":"https:\/\/pubeurope.com\/@fr\/115420865675266885","error":""},"_links":{"self":[{"href":"https:\/\/www.europesays.com\/fr\/wp-json\/wp\/v2\/posts\/483254","targetHints":{"allow":["GET"]}}],"collection":[{"href":"https:\/\/www.europesays.com\/fr\/wp-json\/wp\/v2\/posts"}],"about":[{"href":"https:\/\/www.europesays.com\/fr\/wp-json\/wp\/v2\/types\/post"}],"author":[{"embeddable":true,"href":"https:\/\/www.europesays.com\/fr\/wp-json\/wp\/v2\/users\/2"}],"replies":[{"embeddable":true,"href":"https:\/\/www.europesays.com\/fr\/wp-json\/wp\/v2\/comments?post=483254"}],"version-history":[{"count":0,"href":"https:\/\/www.europesays.com\/fr\/wp-json\/wp\/v2\/posts\/483254\/revisions"}],"wp:featuredmedia":[{"embeddable":true,"href":"https:\/\/www.europesays.com\/fr\/wp-json\/wp\/v2\/media\/483255"}],"wp:attachment":[{"href":"https:\/\/www.europesays.com\/fr\/wp-json\/wp\/v2\/media?parent=483254"}],"wp:term":[{"taxonomy":"category","embeddable":true,"href":"https:\/\/www.europesays.com\/fr\/wp-json\/wp\/v2\/categories?post=483254"},{"taxonomy":"post_tag","embeddable":true,"href":"https:\/\/www.europesays.com\/fr\/wp-json\/wp\/v2\/tags?post=483254"}],"curies":[{"name":"wp","href":"https:\/\/api.w.org\/{rel}","templated":true}]}}