{"id":483271,"date":"2025-10-23T01:38:21","date_gmt":"2025-10-23T01:38:21","guid":{"rendered":"https:\/\/www.europesays.com\/fr\/483271\/"},"modified":"2025-10-23T01:38:21","modified_gmt":"2025-10-23T01:38:21","slug":"a-strasbourg-la-tempete-benjamin-va-souffler-tres-fort-aujourdhui","status":"publish","type":"post","link":"https:\/\/www.europesays.com\/fr\/483271\/","title":{"rendered":"\u00e0 Strasbourg, la temp\u00eate \u00ab Benjamin \u00bb va souffler tr\u00e8s fort aujourd&rsquo;hui"},"content":{"rendered":"<p>    <img loading=\"lazy\" width=\"1800\" height=\"900\" src=\"https:\/\/www.europesays.com\/fr\/wp-content\/uploads\/2025\/08\/jeanne-callthepolice.jpg\" class=\"attachment-full size-full\" alt=\"\" id=\"imageLove\" decoding=\"async\"  \/><\/p>\n<p id=\"breadcrumbs\"><a href=\"https:\/\/pokaa.fr\/\" rel=\"nofollow noopener\" target=\"_blank\">Accueil<\/a> \/ <a href=\"https:\/\/pokaa.fr\/categories\/actu\/\" rel=\"nofollow noopener\" target=\"_blank\">Info locale<\/a> \/ Rafales jusqu\u2019\u00e0 90km\/h : \u00e0 Strasbourg, la temp\u00eate \u00ab Benjamin \u00bb va souffler tr\u00e8s fort aujourd\u2019hui<\/p>\n<p>                    Info locale<\/p>\n<p><b>Ce jeudi 23 octobre, la temp\u00eate \u00ab\u00a0Benjamin\u00a0\u00bb va passer par l\u2019Alsace et Strasbourg. En cons\u00e9quence : une m\u00e9t\u00e9o tr\u00e8s agit\u00e9e sur la r\u00e9gion, avec des vents tr\u00e8s forts, voire violents, vont souffler, jusqu\u2019\u00e0 90km\/h en plaine et 120km\/h sur les cr\u00eates. <\/b><\/p>\n<p class=\"p1\">\u00c7a va souffler. Ce 23 octobre, l\u2019Alsace et Strasbourg seront travers\u00e9es par la temp\u00eate \u00ab\u00a0Benjamin\u00a0\u00bb, la premi\u00e8re de la saison. Class\u00e9e en vigilance jaune, <b>la r\u00e9gion va ainsi conna\u00eetre de fortes pr\u00e9cipitations et de puissantes rafales de vent toute la journ\u00e9e<\/b>.<\/p>\n<p class=\"p1\"><strong><a target=\"_blank\" href=\"https:\/\/www.facebook.com\/MeteoSuiviAlsace\/posts\/pfbid0PAHptu2ESrZ7t92ZuZ19NcmjK7o17KaL6JeQoVPYzExZhZscSUCiki5Mw9nxwKtNl\" rel=\"nofollow noopener\">Selon M\u00e9t\u00e9o Suivi Alsace<\/a>, la temp\u00eate am\u00e8nera \u00e9galement d\u00e8s le lendemain, et jusqu\u2019en d\u00e9but de semaine prochaine, une grosse quantit\u00e9 d\u2019air bien plus frais que d\u2019habitude<\/strong>. \u00c0 tel point que des flocons pourraient m\u00eame appara\u00eetre d\u00e8s 900\/1 000 m\u00e8tres d\u2019altitude.<\/p>\n<p>    <img width=\"800\" height=\"533\" src=\"https:\/\/www.europesays.com\/fr\/wp-content\/uploads\/2025\/10\/france-strasbourg-alsace-marche-de-noel-wr-23-800x533.jpg\" class=\"attachment-image-size-L size-image-size-L\" alt=\"March\u00e9 de Noel 2024 avec gens sous parapluies place Kl\u00e9ber\" decoding=\"async\" loading=\"lazy\"  \/>         \u00a9 Wilfried rion \/ Pokaa <\/p>\n<p>De forte rafales de vent jusqu\u2019\u00e0 90km\/h en plaine et 120km\/h sur les cr\u00eates<\/p>\n<p class=\"p1\">Pour ce 23 octobre n\u00e9anmoins, primeur \u00e0 la pluie et au vent. \u00c0 Strasbourg comme en Alsace, le matin sera travers\u00e9 par un \u00e9pisode pluvieux jusqu\u2019\u00e0 environ 11h. <b>Dans le m\u00eame temps, le vent se renforcera au fur et \u00e0 mesure de la matin\u00e9e, pouvant aller entre 100 et 120 km\/h sur les cr\u00eates et entre 45 et 75 km\/h en plaine<\/b>.<\/p>\n<p class=\"p1\">Le vent se renforcera consid\u00e9rablement dans la journ\u00e9e, entre 11h et 17h. <b>Il soufflera jusqu\u2019\u00e0 130 km\/h (voire plus localement vers le Markstein) sur les cr\u00eates, et 65 \u00e0 90 km\/h en plaine<\/b>. Il s\u2019accompagnera \u00e9galement de gros \u00e9pisodes pluvieux, voire orageux.<\/p>\n<p>    <img width=\"450\" height=\"600\" src=\"https:\/\/www.europesays.com\/fr\/wp-content\/uploads\/2025\/10\/img-9674-450x600.jpg\" class=\"attachment-image-size-M size-image-size-M\" alt=\"pluie parapluie rue\" decoding=\"async\" loading=\"lazy\"  \/>         \u00a9 Coraline Lafon \/ Pokaa <\/p>\n<p class=\"p1\">La pluie continuera de tomber en soir\u00e9e, bien que de fa\u00e7on moins soutenue,<b> tandis que le vent se calmera en plaine, avec seulement quelques rafales comprises entre 25 et 55km\/h<\/b>. De l\u2019air beaucoup plus frais arrivera alors dans la r\u00e9gion, promettant un week-end frisquet.<\/p>\n<p class=\"p1\"><b>Ce 23 octobre, Strasbourg et l\u2019Alsace vont \u00eatre travers\u00e9es par une sacr\u00e9e temp\u00eate. Un \u00e9pisode qui n\u2019ira sans doute pas jusqu\u2019\u00e0 faire reporter le match du Racing se d\u00e9roulant \u00e0 18h45 le m\u00eame jour, mais qui demandera tout de m\u00eame une vigilance certaine.<\/b><\/p>\n","protected":false},"excerpt":{"rendered":"Accueil \/ Info locale \/ Rafales jusqu\u2019\u00e0 90km\/h : \u00e0 Strasbourg, la temp\u00eate \u00ab Benjamin \u00bb va souffler&hellip;\n","protected":false},"author":2,"featured_media":483272,"comment_status":"","ping_status":"","sticky":false,"template":"","format":"standard","meta":{"footnotes":""},"categories":[2820],"tags":[1111,57668,11,1777,674,1011,27,775,2487,12,4459,25,640,7747],"class_list":{"0":"post-483271","1":"post","2":"type-post","3":"status-publish","4":"format-standard","5":"has-post-thumbnail","7":"category-strasbourg","8":"tag-actu","9":"tag-actu-strasbourg","10":"tag-actualites","11":"tag-eu","12":"tag-europe","13":"tag-fr","14":"tag-france","15":"tag-grand-est","16":"tag-meteo","17":"tag-news","18":"tag-pluie","19":"tag-republique-francaise","20":"tag-strasbourg","21":"tag-tempete"},"share_on_mastodon":{"url":"https:\/\/pubeurope.com\/@fr\/115420929382773912","error":""},"_links":{"self":[{"href":"https:\/\/www.europesays.com\/fr\/wp-json\/wp\/v2\/posts\/483271","targetHints":{"allow":["GET"]}}],"collection":[{"href":"https:\/\/www.europesays.com\/fr\/wp-json\/wp\/v2\/posts"}],"about":[{"href":"https:\/\/www.europesays.com\/fr\/wp-json\/wp\/v2\/types\/post"}],"author":[{"embeddable":true,"href":"https:\/\/www.europesays.com\/fr\/wp-json\/wp\/v2\/users\/2"}],"replies":[{"embeddable":true,"href":"https:\/\/www.europesays.com\/fr\/wp-json\/wp\/v2\/comments?post=483271"}],"version-history":[{"count":0,"href":"https:\/\/www.europesays.com\/fr\/wp-json\/wp\/v2\/posts\/483271\/revisions"}],"wp:featuredmedia":[{"embeddable":true,"href":"https:\/\/www.europesays.com\/fr\/wp-json\/wp\/v2\/media\/483272"}],"wp:attachment":[{"href":"https:\/\/www.europesays.com\/fr\/wp-json\/wp\/v2\/media?parent=483271"}],"wp:term":[{"taxonomy":"category","embeddable":true,"href":"https:\/\/www.europesays.com\/fr\/wp-json\/wp\/v2\/categories?post=483271"},{"taxonomy":"post_tag","embeddable":true,"href":"https:\/\/www.europesays.com\/fr\/wp-json\/wp\/v2\/tags?post=483271"}],"curies":[{"name":"wp","href":"https:\/\/api.w.org\/{rel}","templated":true}]}}