{"id":483274,"date":"2025-10-23T01:41:11","date_gmt":"2025-10-23T01:41:11","guid":{"rendered":"https:\/\/www.europesays.com\/fr\/483274\/"},"modified":"2025-10-23T01:41:11","modified_gmt":"2025-10-23T01:41:11","slug":"previsions-du-jeudi-23-octobre-2025-12","status":"publish","type":"post","link":"https:\/\/www.europesays.com\/fr\/483274\/","title":{"rendered":"pr\u00e9visions du jeudi 23 octobre 2025"},"content":{"rendered":"<p class=\"mb-4 text-lg md:leading-8 break-words\"><strong>M\u00e9t\u00e9o &#8211; Un superbe soleil va briller et ce, tout au long de la journ\u00e9e. Les temp\u00e9ratures seront de 18\u00b0C toute la journ\u00e9e&#8230;<\/strong><\/p>\n<p class=\"mb-4 text-lg md:leading-8 break-words\">\u00c0 Nice, les maximales atteindront les 19\u00b0C dans la journ\u00e9e et les minimales seront de 14\u00b0C. Un vent de nord-ouest soufflera \u00e0 22 km\/h. Le matin, l&rsquo;arriv\u00e9e du soleil sera retard\u00e9e par quelques l\u00e9gers nuages. Les valeurs iront de 16 \u00e0 19\u00b0C. L&rsquo;apr\u00e8s-midi, les Ni\u00e7ois vont pouvoir profiter d&rsquo;un soleil magnifique. Les temp\u00e9ratures seront comprises entre 15\u00b0C et 19\u00b0C. Le soir, apr\u00e8s un rapide passage nuageux, le vent va progressivement \u00e9loigner la grisaille. Les valeurs tourneront autour des 15\u00b0C. On passera de jeudi \u00e0 vendredi par une nuit claire.<\/p>\n<p class=\"mb-4 text-lg md:leading-8 break-words\">C&rsquo;est un soleil radieux qui va briller demain sur Nice. Le mercure va descendre de quelques degr\u00e9s. Les temp\u00e9ratures afficheront entre 11 et 19\u00b0C. Dans la matin\u00e9e, les temp\u00e9ratures seront de 15\u00b0C. Un vent d&rsquo;ouest est attendu : il soufflera \u00e0 20 km\/h. Les valeurs s&rsquo;\u00e9chelonneront entre 16 et 19\u00b0C durant l&rsquo;apr\u00e8s-midi. Une brise de sud-ouest soufflera l\u00e9g\u00e8rement. On pr\u00e9voit une embellie pour cette soir\u00e9e. Le thermom\u00e8tre affichera 14\u00b0C en moyenne. Un petit vent de nord-ouest soufflera.<\/p>\n<p class=\"mb-4 text-lg md:leading-8 break-words\">Les jours qui suivent s&rsquo;annoncent similaires. Le temps sera ensoleill\u00e9 avec des temp\u00e9ratures d&rsquo;environ 16\u00b0C.<\/p>\n<p class=\"mb-4 text-lg md:leading-8 break-words\"><a href=\"https:\/\/www.20minutes.fr\/planete\/previsions-meteo\/4181031-20251023-meteo-nice-previsions-jeudi-23-octobre-2025?at_medium=RSS%20feed&amp;at_campaign=ynews&amp;utm_source=yahoo&amp;utm_medium=rss&amp;utm_campaign=news_feed&amp;utm_content=read_more_link&quot;\" rel=\"nofollow noopener\" target=\"_blank\" data-ylk=\"slk:Lire la suite sur 20minutes;elm:context_link;itc:0;sec:content-canvas\" class=\"link \">Lire la suite sur 20minutes<\/a><\/p>\n","protected":false},"excerpt":{"rendered":"M\u00e9t\u00e9o &#8211; Un superbe soleil va briller et ce, tout au long de la journ\u00e9e. Les temp\u00e9ratures seront&hellip;\n","protected":false},"author":2,"featured_media":483275,"comment_status":"","ping_status":"","sticky":false,"template":"","format":"standard","meta":{"footnotes":""},"categories":[2819],"tags":[1111,11,1777,674,1011,27,2487,12,2401,882,25,55605],"class_list":{"0":"post-483274","1":"post","2":"type-post","3":"status-publish","4":"format-standard","5":"has-post-thumbnail","7":"category-nice","8":"tag-actu","9":"tag-actualites","10":"tag-eu","11":"tag-europe","12":"tag-fr","13":"tag-france","14":"tag-meteo","15":"tag-news","16":"tag-nice","17":"tag-provence-alpes-cote-dazur","18":"tag-republique-francaise","19":"tag-vent-douest"},"share_on_mastodon":{"url":"https:\/\/pubeurope.com\/@fr\/115420940445919863","error":""},"_links":{"self":[{"href":"https:\/\/www.europesays.com\/fr\/wp-json\/wp\/v2\/posts\/483274","targetHints":{"allow":["GET"]}}],"collection":[{"href":"https:\/\/www.europesays.com\/fr\/wp-json\/wp\/v2\/posts"}],"about":[{"href":"https:\/\/www.europesays.com\/fr\/wp-json\/wp\/v2\/types\/post"}],"author":[{"embeddable":true,"href":"https:\/\/www.europesays.com\/fr\/wp-json\/wp\/v2\/users\/2"}],"replies":[{"embeddable":true,"href":"https:\/\/www.europesays.com\/fr\/wp-json\/wp\/v2\/comments?post=483274"}],"version-history":[{"count":0,"href":"https:\/\/www.europesays.com\/fr\/wp-json\/wp\/v2\/posts\/483274\/revisions"}],"wp:featuredmedia":[{"embeddable":true,"href":"https:\/\/www.europesays.com\/fr\/wp-json\/wp\/v2\/media\/483275"}],"wp:attachment":[{"href":"https:\/\/www.europesays.com\/fr\/wp-json\/wp\/v2\/media?parent=483274"}],"wp:term":[{"taxonomy":"category","embeddable":true,"href":"https:\/\/www.europesays.com\/fr\/wp-json\/wp\/v2\/categories?post=483274"},{"taxonomy":"post_tag","embeddable":true,"href":"https:\/\/www.europesays.com\/fr\/wp-json\/wp\/v2\/tags?post=483274"}],"curies":[{"name":"wp","href":"https:\/\/api.w.org\/{rel}","templated":true}]}}