{"id":483276,"date":"2025-10-23T01:42:16","date_gmt":"2025-10-23T01:42:16","guid":{"rendered":"https:\/\/www.europesays.com\/fr\/483276\/"},"modified":"2025-10-23T01:42:16","modified_gmt":"2025-10-23T01:42:16","slug":"a-nantes-pour-soulager-lepilepsie-ils-font-appel-a-mozart-et-bach-le-meilleur","status":"publish","type":"post","link":"https:\/\/www.europesays.com\/fr\/483276\/","title":{"rendered":"\u00c0 Nantes, pour soulager l\u2019\u00e9pilepsie, ils font appel \u00e0 Mozart et Bach\u00a0: \u00ab\u00a0le meilleur"},"content":{"rendered":"<tr wp_automatic_readability=\"7.8620689655172\">\n<td valign=\"middle\" align=\"center\" class=\"col-logo\" wp_automatic_readability=\"5\">\n    <img decoding=\"async\" src=\"https:\/\/maville.com\/design\/images\/logo-of-monetise.svg?version=20130627\" alt=\"logo Ouest-France\" height=\"66\"\/><\/p>\n<p>Contenu r\u00e9serv\u00e9 aux abonn\u00e9s<\/p>\n<\/td>\n<td class=\"col-titre\">\n\t\t\tMercredi 22 octobre 2025 17:43<br \/>\n\t\t\t<a class=\"icon-bulle sizeL count\" href=\"#ancreAvis\"><br \/>\n\t&#8230;<br \/>\n<\/a><\/td>\n<\/tr>\n<p>\t\t<a class=\"mavillebox2 elmt-photo\" href=\"https:\/\/maville.com\/photosmvi\/2025\/10\/22\/P35538366D7032376G.jpg\" title=\" L\u2019\u00e9quipe qui m\u00e8ne le projet Epilepsia Waves. Au premier plan, troisi\u00e8me \u00e0 partir de la gauche, l\u2019artiste Eva M\u00e9nard, juste derri\u00e8re \u00e0 ses c\u00f4t\u00e9s, Fabrice Bartolemei, m\u00e9decin. \u00c0 droite au premier rang, Pierre-Henri Dutron, compositeur et \u00e9minent sp\u00e9cialiste de Mozart.  \u00a9  Epilepsia Waves  \" rel=\"galerie_actu noopener\" target=\"_blank\"><br \/>\n\t<img decoding=\"async\" src=\"https:\/\/www.europesays.com\/fr\/wp-content\/uploads\/2025\/10\/P35538366D7032376G_crop_640-330_.jpg\" alt=\"photo  l\u2019\u00e9quipe qui m\u00e8ne le projet epilepsia waves. au premier plan, troisi\u00e8me \u00e0 partir de la gauche, l\u2019artiste eva m\u00e9nard, juste derri\u00e8re \u00e0 ses c\u00f4t\u00e9s, fabrice bartolemei, m\u00e9decin. \u00e0 droite au premier rang, pierre-henri dutron, compositeur et \u00e9minent sp\u00e9cialiste de mozart.  \u00a9  epilepsia waves \"\/><br \/>\n\t1<br \/>\n<\/a><\/p>\n<p class=\"elmt-legende\"> L\u2019\u00e9quipe qui m\u00e8ne le projet Epilepsia Waves. Au premier plan, troisi\u00e8me \u00e0 partir de la gauche, l\u2019artiste Eva M\u00e9nard, juste derri\u00e8re \u00e0 ses c\u00f4t\u00e9s, Fabrice Bartolemei, m\u00e9decin. \u00c0 droite au premier rang, Pierre-Henri Dutron, compositeur et \u00e9minent sp\u00e9cialiste de Mozart.  \u00a9  Epilepsia Waves  <\/p>\n<p>\t\tLe projet Epilepsia Waves, lanc\u00e9 par une Nantaise, vise \u00e0 proposer un r\u00e9pertoire original de musique comme traitement non-invasif compl\u00e9mentaire pour les personnes souffrant d\u2019\u00e9pilepsie. 250\u00a0d\u2019entre elles viennent de participer \u00e0 une premi\u00e8re enqu\u00eate exploratoire. Bilan.<\/p>\n<p><b>Cet article est r\u00e9serv\u00e9 aux abonn\u00e9s<\/b><\/p>\n<p>Pour un acc\u00e8s imm\u00e9diat, abonnez-vous<\/p>\n<p><b>1\u00e8re semaine offerte<\/b><\/p>\n<p>\t\t Philippe GAMBERT. \u00a0\u00a0<br \/>\n\t\tOuest-France<\/p>\n<p>Retrouvez d&rsquo;autres actus sur la commune de :<\/p>\n<p>\t\t&#13;<\/p>\n","protected":false},"excerpt":{"rendered":"Contenu r\u00e9serv\u00e9 aux abonn\u00e9s Mercredi 22 octobre 2025 17:43 &#8230; 1 L\u2019\u00e9quipe qui m\u00e8ne le projet Epilepsia Waves.&hellip;\n","protected":false},"author":2,"featured_media":483277,"comment_status":"","ping_status":"","sticky":false,"template":"","format":"standard","meta":{"footnotes":""},"categories":[2818],"tags":[1111,11,7431,60650,41026,1777,674,7234,1011,27,225,14954,32708,766,12,2636,25,24975],"class_list":{"0":"post-483276","1":"post","2":"type-post","3":"status-publish","4":"format-standard","5":"has-post-thumbnail","7":"category-nantes","8":"tag-actu","9":"tag-actualites","10":"tag-appel","11":"tag-bach","12":"tag-epilepsie","13":"tag-eu","14":"tag-europe","15":"tag-font","16":"tag-fr","17":"tag-france","18":"tag-medicament","19":"tag-meilleur","20":"tag-mozart","21":"tag-nantes","22":"tag-news","23":"tag-pays-de-la-loire","24":"tag-republique-francaise","25":"tag-soulager"},"share_on_mastodon":{"url":"https:\/\/pubeurope.com\/@fr\/115420944802098023","error":""},"_links":{"self":[{"href":"https:\/\/www.europesays.com\/fr\/wp-json\/wp\/v2\/posts\/483276","targetHints":{"allow":["GET"]}}],"collection":[{"href":"https:\/\/www.europesays.com\/fr\/wp-json\/wp\/v2\/posts"}],"about":[{"href":"https:\/\/www.europesays.com\/fr\/wp-json\/wp\/v2\/types\/post"}],"author":[{"embeddable":true,"href":"https:\/\/www.europesays.com\/fr\/wp-json\/wp\/v2\/users\/2"}],"replies":[{"embeddable":true,"href":"https:\/\/www.europesays.com\/fr\/wp-json\/wp\/v2\/comments?post=483276"}],"version-history":[{"count":0,"href":"https:\/\/www.europesays.com\/fr\/wp-json\/wp\/v2\/posts\/483276\/revisions"}],"wp:featuredmedia":[{"embeddable":true,"href":"https:\/\/www.europesays.com\/fr\/wp-json\/wp\/v2\/media\/483277"}],"wp:attachment":[{"href":"https:\/\/www.europesays.com\/fr\/wp-json\/wp\/v2\/media?parent=483276"}],"wp:term":[{"taxonomy":"category","embeddable":true,"href":"https:\/\/www.europesays.com\/fr\/wp-json\/wp\/v2\/categories?post=483276"},{"taxonomy":"post_tag","embeddable":true,"href":"https:\/\/www.europesays.com\/fr\/wp-json\/wp\/v2\/tags?post=483276"}],"curies":[{"name":"wp","href":"https:\/\/api.w.org\/{rel}","templated":true}]}}