{"id":483278,"date":"2025-10-23T01:44:13","date_gmt":"2025-10-23T01:44:13","guid":{"rendered":"https:\/\/www.europesays.com\/fr\/483278\/"},"modified":"2025-10-23T01:44:13","modified_gmt":"2025-10-23T01:44:13","slug":"a-cause-des-vents-violents-des-fermetures-et-perturbations-a-prevoir-a-bordeaux","status":"publish","type":"post","link":"https:\/\/www.europesays.com\/fr\/483278\/","title":{"rendered":"\u00e0 cause des vents violents, des fermetures et perturbations \u00e0 pr\u00e9voir \u00e0 Bordeaux"},"content":{"rendered":"<p>            Par<br \/>\n        <strong><br \/>\n            <a href=\"https:\/\/actu.fr\/auteur\/juliette-cardinale\" title=\"Consulter tous les articles de Juliette Cardinale\" target=\"_blank\" rel=\"noopener\">Juliette Cardinale<\/a><br \/>\n        <\/strong><\/p>\n<p>        Publi\u00e9 le<\/p>\n<p>            22 oct. 2025 \u00e0 16h13        <\/p>\n<p>D\u00e8s ce mercredi soir, de puissantes rafales sont <a href=\"https:\/\/actu.fr\/bordeaux\/\" target=\"_blank\" rel=\"noopener\">attendues \u00e0 Bordeaux<\/a> et alentours, dans le sillon du passage de <strong>la temp\u00eate Benjamin.<\/strong> Mais les perturbations les plus importantes sont pr\u00e9vues ce jeudi 23\u00a0octobre 2025, avec une <a href=\"https:\/\/actu.fr\/nouvelle-aquitaine\/soulac-sur-mer_33514\/la-tempete-benjamin-arrive-en-gironde-meteo-france-declenche-une-quadruple-vigilance_63333580.html\" target=\"_blank\" rel=\"noopener\">vigilance orange pour vents violents<\/a> d\u00e9clench\u00e9e entre 6h et 14h.<\/p>\n<p>Des fermetures d\u2019espaces publics<\/p>\n<p class=\" wall-content\">Des coups de vents violents <strong>entre 90 \u00e0 110\u00a0km\/h<\/strong> sont annonc\u00e9s \u00e0 Bordeaux, accompagn\u00e9s de tr\u00e8s fortes pr\u00e9cipitations. Plusieurs mesures ont \u00e9t\u00e9 prises par la Ville pour assurer la s\u00e9curit\u00e9 de tous.<\/p>\n<p class=\" wall-content\">Tous les espaces verts (parcs, jardins\u2026) et les cimeti\u00e8res de la ville seront <strong>ferm\u00e9s<\/strong> ce jeudi. La biblioth\u00e8que Jardin public le sera \u00e9galement.<\/p>\n<p class=\" wall-content\">Les march\u00e9s Calixte Camelle, des Quais, des Salini\u00e8res et les bouquinistes de la Victoire sont <strong>annul\u00e9s<\/strong>.\u00a0La Foire au Plaisirs, install\u00e9e sur la place des Quinconces du 10\u00a0octobre au 2\u00a0novembre, n\u2019ouvrira <strong>qu\u2019\u00e0 partir de 14h.<\/strong><\/p>\n<p>Et le r\u00e9seau TBM\u2009?<\/p>\n<p class=\" wall-content\">Contrairement \u00e0 la <a href=\"https:\/\/actu.fr\/tag\/sncf\" target=\"_blank\" rel=\"noopener\">SNCF<\/a> qui a annonc\u00e9 des annulations de trains, <a href=\"https:\/\/actu.fr\/tag\/tbm\" target=\"_blank\" rel=\"noopener\">TBM<\/a> ne pr\u00e9voit pas d\u2019adapter son plan de transport en amont. Cependant, <strong>des perturbations sont \u00e0 pr\u00e9voir<\/strong> \u00ab\u2009si la vitesse des vents devient trop importante et notamment durablement sup\u00e9rieure \u00e0 90\u00a0km\/h\u2009\u00bb, pr\u00e9cise le r\u00e9seau de transports. En cas de pr\u00e9sences <strong>d\u2019obstacles et autres d\u00e9gradations<\/strong> <strong>sur les voies,<\/strong> les lignes de tram pourraient \u00eatre interrompues. Les voyageurs seront inform\u00e9s en temps r\u00e9el via les canaux habituels de TBM.<\/p>\n<p class=\" wall-content\">Personnalisez votre actualit\u00e9 en ajoutant vos villes et m\u00e9dias en favori avec <a href=\"https:\/\/moncompte.actu.fr\" title=\"D\u00e9couvez Mon Actu\" rel=\"nofollow noopener\" data-trk=\"{&quot;cta&quot;:{&quot;action&quot;:&quot;https:\\\/\\\/moncompte.actu.fr&quot;,&quot;category&quot;:&quot;mon compte&quot;,&quot;from&quot;:&quot;article footer&quot;,&quot;name&quot;:&quot;Mon actu&quot;,&quot;type&quot;:&quot;cta&quot;}}\" target=\"_blank\">Mon Actu<\/a>.<\/p>\n","protected":false},"excerpt":{"rendered":"Par Juliette Cardinale Publi\u00e9 le 22 oct. 2025 \u00e0 16h13 D\u00e8s ce mercredi soir, de puissantes rafales sont&hellip;\n","protected":false},"author":2,"featured_media":177229,"comment_status":"","ping_status":"","sticky":false,"template":"","format":"standard","meta":{"footnotes":""},"categories":[2817],"tags":[1111,11,1997,1777,674,1011,27,3059,2487,2357,12,2219,25],"class_list":{"0":"post-483278","1":"post","2":"type-post","3":"status-publish","4":"format-standard","5":"has-post-thumbnail","7":"category-bordeaux","8":"tag-actu","9":"tag-actualites","10":"tag-bordeaux","11":"tag-eu","12":"tag-europe","13":"tag-fr","14":"tag-france","15":"tag-intemperies","16":"tag-meteo","17":"tag-meteo-france","18":"tag-news","19":"tag-nouvelle-aquitaine","20":"tag-republique-francaise"},"share_on_mastodon":{"url":"https:\/\/pubeurope.com\/@fr\/115420952234117335","error":""},"_links":{"self":[{"href":"https:\/\/www.europesays.com\/fr\/wp-json\/wp\/v2\/posts\/483278","targetHints":{"allow":["GET"]}}],"collection":[{"href":"https:\/\/www.europesays.com\/fr\/wp-json\/wp\/v2\/posts"}],"about":[{"href":"https:\/\/www.europesays.com\/fr\/wp-json\/wp\/v2\/types\/post"}],"author":[{"embeddable":true,"href":"https:\/\/www.europesays.com\/fr\/wp-json\/wp\/v2\/users\/2"}],"replies":[{"embeddable":true,"href":"https:\/\/www.europesays.com\/fr\/wp-json\/wp\/v2\/comments?post=483278"}],"version-history":[{"count":0,"href":"https:\/\/www.europesays.com\/fr\/wp-json\/wp\/v2\/posts\/483278\/revisions"}],"wp:featuredmedia":[{"embeddable":true,"href":"https:\/\/www.europesays.com\/fr\/wp-json\/wp\/v2\/media\/177229"}],"wp:attachment":[{"href":"https:\/\/www.europesays.com\/fr\/wp-json\/wp\/v2\/media?parent=483278"}],"wp:term":[{"taxonomy":"category","embeddable":true,"href":"https:\/\/www.europesays.com\/fr\/wp-json\/wp\/v2\/categories?post=483278"},{"taxonomy":"post_tag","embeddable":true,"href":"https:\/\/www.europesays.com\/fr\/wp-json\/wp\/v2\/tags?post=483278"}],"curies":[{"name":"wp","href":"https:\/\/api.w.org\/{rel}","templated":true}]}}