{"id":483289,"date":"2025-10-23T01:50:24","date_gmt":"2025-10-23T01:50:24","guid":{"rendered":"https:\/\/www.europesays.com\/fr\/483289\/"},"modified":"2025-10-23T01:50:24","modified_gmt":"2025-10-23T01:50:24","slug":"pres-de-2-000-cameras-surveilleront-marseille-dici-a-la-fin-de-lannee","status":"publish","type":"post","link":"https:\/\/www.europesays.com\/fr\/483289\/","title":{"rendered":"Pr\u00e8s de 2\u00a0000 cam\u00e9ras surveilleront Marseille d&rsquo;ici \u00e0 la fin de l&rsquo;ann\u00e9e"},"content":{"rendered":"<p>Le <a href=\"https:\/\/www.laprovence.com\/article\/region\/1285867383250215\/a-marseille-310-nouvelles-cameras-de-videosurveillance-en-2025-et-2026\" target=\"_blank\" rel=\"noopener\">d\u00e9ploiement de la vid\u00e9osurveillance se poursuit \u00e0 Marseille<\/a>. Le 15\u00a0octobre, la pr\u00e9fecture des Bouches-du-Rh\u00f4ne a acc\u00e9d\u00e9 \u00e0 la demande de la Ville d\u2019installer 300 nouvelles cam\u00e9ras sur la voie publique, portant ainsi, \u00e0 terme &#8211; aucune date n\u2019a \u00e9t\u00e9 fix\u00e9e &#8211; \u00ab\u00a0le nombre total \u00e0\u00a02\u00a0201 sur la voie publique\u00a0\u00bb, indique la pr\u00e9fecture dans son arr\u00eat\u00e9.<\/p>\n<p>\u00c0 son arriv\u00e9e \u00e0 la t\u00eate de la mairie en\u00a02020, le Printemps marseillais s\u2019\u00e9tait engag\u00e9 \u00e0 implanter <a href=\"https:\/\/www.laprovence.com\/article\/region\/47956810993674\/apres-le-moratoire-la-ville-de-marseille-va-installer-500-cameras-de-videosurveillance\" target=\"_blank\" rel=\"noopener\">500 nouveaux \u00e9quipements<\/a>, en sus des 1\u00a0450 mis en place par\u00a0l\u2019ancien maire de droite Jean-Claude Gaudin entre\u00a02010 et\u00a02020. \u00ab\u00a0Nous en aurons pos\u00e9 400 d\u2019ici \u00e0 la fin de l\u2019ann\u00e9e et 500 d\u2019ici la fin du mandat en\u00a02026, pr\u00e9cise Yannick Ohanessian, adjoint au maire (PS) \u00e0 la s\u00e9curit\u00e9. L\u2019engagement pris par le maire, Beno\u00eet Payan, avec le pr\u00e9sident de la R\u00e9publique, Emmanuel Macron, en\u00a02021 d\u2019avoir 500 cam\u00e9ras de plus \u00e0 fin\u00a02026, sera donc tenu\u00a0\u00bb.<\/p>\n<p>L\u2019arr\u00eat\u00e9 pr\u00e9fectoral ouvre la voie \u00e0 une nouvelle vague dans les mois et ann\u00e9es \u00e0 venir. \u00ab\u00a0Nous sommes sur un rythme de croisi\u00e8re tr\u00e8s soutenu que nous entendons poursuivre, indique Yannick Ohanessian. Compte tenu des d\u00e9lais d\u2019installation incompressibles, nous avons souhait\u00e9 d\u00e9poser cette nouvelle demande d\u00e8s maint&#8230;<\/p>\n","protected":false},"excerpt":{"rendered":"Le d\u00e9ploiement de la vid\u00e9osurveillance se poursuit \u00e0 Marseille. Le 15\u00a0octobre, la pr\u00e9fecture des Bouches-du-Rh\u00f4ne a acc\u00e9d\u00e9 \u00e0&hellip;\n","protected":false},"author":2,"featured_media":483290,"comment_status":"","ping_status":"","sticky":false,"template":"","format":"standard","meta":{"footnotes":""},"categories":[2814],"tags":[60651,17,1111,11,10817,5733,1777,674,5729,1011,27,884,12,3762,882,16,25,60652],"class_list":{"0":"post-483289","1":"post","2":"type-post","3":"status-publish","4":"format-standard","5":"has-post-thumbnail","7":"category-marseille","8":"tag-2-000","9":"tag-17","10":"tag-actu","11":"tag-actualites","12":"tag-cameras","13":"tag-dici","14":"tag-eu","15":"tag-europe","16":"tag-fin","17":"tag-fr","18":"tag-france","19":"tag-marseille","20":"tag-news","21":"tag-pres","22":"tag-provence-alpes-cote-dazur","23":"tag-region","24":"tag-republique-francaise","25":"tag-surveilleront"},"share_on_mastodon":{"url":"https:\/\/pubeurope.com\/@fr\/115420975815900906","error":""},"_links":{"self":[{"href":"https:\/\/www.europesays.com\/fr\/wp-json\/wp\/v2\/posts\/483289","targetHints":{"allow":["GET"]}}],"collection":[{"href":"https:\/\/www.europesays.com\/fr\/wp-json\/wp\/v2\/posts"}],"about":[{"href":"https:\/\/www.europesays.com\/fr\/wp-json\/wp\/v2\/types\/post"}],"author":[{"embeddable":true,"href":"https:\/\/www.europesays.com\/fr\/wp-json\/wp\/v2\/users\/2"}],"replies":[{"embeddable":true,"href":"https:\/\/www.europesays.com\/fr\/wp-json\/wp\/v2\/comments?post=483289"}],"version-history":[{"count":0,"href":"https:\/\/www.europesays.com\/fr\/wp-json\/wp\/v2\/posts\/483289\/revisions"}],"wp:featuredmedia":[{"embeddable":true,"href":"https:\/\/www.europesays.com\/fr\/wp-json\/wp\/v2\/media\/483290"}],"wp:attachment":[{"href":"https:\/\/www.europesays.com\/fr\/wp-json\/wp\/v2\/media?parent=483289"}],"wp:term":[{"taxonomy":"category","embeddable":true,"href":"https:\/\/www.europesays.com\/fr\/wp-json\/wp\/v2\/categories?post=483289"},{"taxonomy":"post_tag","embeddable":true,"href":"https:\/\/www.europesays.com\/fr\/wp-json\/wp\/v2\/tags?post=483289"}],"curies":[{"name":"wp","href":"https:\/\/api.w.org\/{rel}","templated":true}]}}