{"id":483291,"date":"2025-10-23T01:52:56","date_gmt":"2025-10-23T01:52:56","guid":{"rendered":"https:\/\/www.europesays.com\/fr\/483291\/"},"modified":"2025-10-23T01:52:56","modified_gmt":"2025-10-23T01:52:56","slug":"la-victime-a-porte-plainte-2","status":"publish","type":"post","link":"https:\/\/www.europesays.com\/fr\/483291\/","title":{"rendered":"la victime a port\u00e9 plainte"},"content":{"rendered":"<p>L&rsquo;\u00e9tudiante d&rsquo;une vingtaine d&rsquo;ann\u00e9es a d\u00e9pos\u00e9 une plainte contre X, \u00ab\u00a0pour violences en r\u00e9union\u00a0\u00bb et visant \u00ab\u00a0des personnes qui ont la qualit\u00e9 de d\u00e9positaires de l&rsquo;autorit\u00e9 publique\u00a0\u00bb, a d\u00e9clar\u00e9 \u00e0 l&rsquo;AFP son avocat, Me Thomas Hugues. <\/p>\n<p>Le parquet de Marseille avait annonc\u00e9, au lendemain des faits, avoir ouvert une enqu\u00eate pour \u00ab\u00a0violences ayant entrain\u00e9 une incapacit\u00e9 totale de travail inf\u00e9rieure \u00e0 8 jours, commis par une personne d\u00e9positaire de l&rsquo;autorit\u00e9 publique et en r\u00e9union\u00a0\u00bb.<\/p>\n<p>Une autre enqu\u00eate, interne \u00e0 la police, a \u00e9t\u00e9 d\u00e9clench\u00e9e \u00ab\u00a0pour d\u00e9terminer les circonstances de cette intervention\u00a0\u00bb, avait annonc\u00e9 \u00e0 l&rsquo;AFP la direction interd\u00e9partementale de la police nationale (DIPN).<\/p>\n<p>Diffus\u00e9es par de nombreux m\u00e9dias fran\u00e7ais, ainsi que par des responsables politiques de gauche, ces images ont \u00e9t\u00e9 vues plusieurs dizaines de millions de fois sur les r\u00e9seaux sociaux, selon un comptage effectu\u00e9 par l&rsquo;AFP le lendemain de leur diffusion.<\/p>\n<p>La sc\u00e8ne avait \u00e9t\u00e9 film\u00e9e vers 7H00 du matin dans le quartier de la Joliette, o\u00f9 des petits groupes de manifestants qui r\u00e9pondaient notamment \u00e0 un appel \u00e0 bloquer le si\u00e8ge de l&rsquo;armateur CMA-CGM, propri\u00e9t\u00e9 du milliardaire Rodolphe Saad\u00e9, avaient \u00e9t\u00e9 dispers\u00e9s par les forces de l&rsquo;ordre.<\/p>\n<p>La jeune femme \u00ab\u00a0s&rsquo;est retrouv\u00e9e isol\u00e9e du groupe de manifestants pacifiques et s&rsquo;est retrouv\u00e9e asperg\u00e9e de gaz lacrymog\u00e8ne (&#8230;). Elle en avait dans les yeux, \u00e7a l&rsquo;a \u00e9blouie, \u00e7a l&rsquo;a d\u00e9stabilis\u00e9e. Et ensuite, elle a \u00e9t\u00e9 violent\u00e9e\u00a0\u00bb, raconte Me Hugues.<\/p>\n<p>La vid\u00e9o montre un policier donner un coup de pied dans les fesses de la manifestante d\u00e9j\u00e0 au sol et lui lancer \u00ab\u00a0casse-toi\u00a0\u00bb. Bien que celle-ci r\u00e9ponde, visiblement secou\u00e9e, \u00ab\u00a0oui oui, je me casse\u00a0\u00bb, un autre la pousse et elle retombe au sol, avant de partir, l&rsquo;air apeur\u00e9, en disant \u00ab\u00a0pardon, pardon\u00a0\u00bb.<\/p>\n<p>Jeudi 18 septembre, des centaines de milliers de personnes \u00e9taient descendues dans les rues de France \u00e0 l&rsquo;appel des syndicats, lors d&rsquo;une journ\u00e9e de gr\u00e8ves et de manifestations destin\u00e9e \u00e0 peser sur les choix budg\u00e9taires du gouvernement.<\/p>\n","protected":false},"excerpt":{"rendered":"L&rsquo;\u00e9tudiante d&rsquo;une vingtaine d&rsquo;ann\u00e9es a d\u00e9pos\u00e9 une plainte contre X, \u00ab\u00a0pour violences en r\u00e9union\u00a0\u00bb et visant \u00ab\u00a0des personnes&hellip;\n","protected":false},"author":2,"featured_media":483292,"comment_status":"","ping_status":"","sticky":false,"template":"","format":"standard","meta":{"footnotes":""},"categories":[2814],"tags":[17,1111,11,154,4440,1777,674,1294,1011,27,329,884,12,5912,6890,882,25,133,53679],"class_list":{"0":"post-483291","1":"post","2":"type-post","3":"status-publish","4":"format-standard","5":"has-post-thumbnail","7":"category-marseille","8":"tag-17","9":"tag-actu","10":"tag-actualites","11":"tag-des","12":"tag-dune","13":"tag-eu","14":"tag-europe","15":"tag-femme","16":"tag-fr","17":"tag-france","18":"tag-france-monde","19":"tag-marseille","20":"tag-news","21":"tag-par","22":"tag-policiers","23":"tag-provence-alpes-cote-dazur","24":"tag-republique-francaise","25":"tag-video","26":"tag-violentee"},"share_on_mastodon":{"url":"https:\/\/pubeurope.com\/@fr\/115420987548326341","error":""},"_links":{"self":[{"href":"https:\/\/www.europesays.com\/fr\/wp-json\/wp\/v2\/posts\/483291","targetHints":{"allow":["GET"]}}],"collection":[{"href":"https:\/\/www.europesays.com\/fr\/wp-json\/wp\/v2\/posts"}],"about":[{"href":"https:\/\/www.europesays.com\/fr\/wp-json\/wp\/v2\/types\/post"}],"author":[{"embeddable":true,"href":"https:\/\/www.europesays.com\/fr\/wp-json\/wp\/v2\/users\/2"}],"replies":[{"embeddable":true,"href":"https:\/\/www.europesays.com\/fr\/wp-json\/wp\/v2\/comments?post=483291"}],"version-history":[{"count":0,"href":"https:\/\/www.europesays.com\/fr\/wp-json\/wp\/v2\/posts\/483291\/revisions"}],"wp:featuredmedia":[{"embeddable":true,"href":"https:\/\/www.europesays.com\/fr\/wp-json\/wp\/v2\/media\/483292"}],"wp:attachment":[{"href":"https:\/\/www.europesays.com\/fr\/wp-json\/wp\/v2\/media?parent=483291"}],"wp:term":[{"taxonomy":"category","embeddable":true,"href":"https:\/\/www.europesays.com\/fr\/wp-json\/wp\/v2\/categories?post=483291"},{"taxonomy":"post_tag","embeddable":true,"href":"https:\/\/www.europesays.com\/fr\/wp-json\/wp\/v2\/tags?post=483291"}],"curies":[{"name":"wp","href":"https:\/\/api.w.org\/{rel}","templated":true}]}}