{"id":483307,"date":"2025-10-23T02:02:14","date_gmt":"2025-10-23T02:02:14","guid":{"rendered":"https:\/\/www.europesays.com\/fr\/483307\/"},"modified":"2025-10-23T02:02:14","modified_gmt":"2025-10-23T02:02:14","slug":"multimedia-russie-des-bombardiers-strategiques-survolent-la-mer-baltique-ministere-de-la-defense-xinhua","status":"publish","type":"post","link":"https:\/\/www.europesays.com\/fr\/483307\/","title":{"rendered":"(Multim\u00e9dia) Russie : des bombardiers strat\u00e9giques survolent la mer Baltique (minist\u00e8re de la D\u00e9fense) &#8211; Xinhua"},"content":{"rendered":"<p><img decoding=\"async\" controls=\"controls\" src=\"https:\/\/www.europesays.com\/fr\/wp-content\/uploads\/2025\/10\/2025102302d3e7a580f84237ace464b6c55809c2_XxjifrF000003_20251023_CBMFN0A001.JPG\"\/>Un bombardier strat\u00e9gique Tu-160 et des bombardiers strat\u00e9giques \u00e0 long rayon d&rsquo;action Tu-22M3 survolent la Place Rouge lors du d\u00e9fil\u00e9 militaire marquant le 75e anniversaire de la victoire dans la Grande Guerre patriotique \u00e0 Moscou en Russie, le 24 juin 2020. (Xinhua\/Alexander Zemlianichenko Jr)<\/p>\n<p><strong>Des bombardiers long-courriers russes Tu-22M3 ont effectu\u00e9 mercredi une mission de vol pr\u00e9vue au-dessus des eaux neutres de la mer Baltique, a d\u00e9clar\u00e9 le minist\u00e8re russe de la D\u00e9fense.<\/strong><\/p>\n<p>MOSCOU, 22 octobre (Xinhua) &#8212; Des bombardiers long-courriers russes Tu-22M3 ont effectu\u00e9 mercredi une mission de vol pr\u00e9vue au-dessus des eaux neutres de la mer Baltique, a d\u00e9clar\u00e9 le minist\u00e8re russe de la D\u00e9fense.<\/p>\n<p>Le vol a dur\u00e9 plus de cinq heures et a \u00e9t\u00e9 escort\u00e9 par des avions de chasse, a indiqu\u00e9 le minist\u00e8re dans un communiqu\u00e9.<\/p>\n<p>Durant certaines phases du vol, les bombardiers ont \u00e9t\u00e9 escort\u00e9s par des avions de chasse \u00e9trangers, a pr\u00e9cis\u00e9 le minist\u00e8re.<\/p>\n<p>Tous les vols effectu\u00e9s par les avions des forces a\u00e9rospatiales russes sont men\u00e9s dans le strict respect des r\u00e9glementations internationales en mati\u00e8re d&rsquo;espace a\u00e9rien, a ajout\u00e9 le minist\u00e8re.<\/p>\n","protected":false},"excerpt":{"rendered":"Un bombardier strat\u00e9gique Tu-160 et des bombardiers strat\u00e9giques \u00e0 long rayon d&rsquo;action Tu-22M3 survolent la Place Rouge lors&hellip;\n","protected":false},"author":2,"featured_media":483308,"comment_status":"","ping_status":"","sticky":false,"template":"","format":"standard","meta":{"footnotes":""},"categories":[1591],"tags":[11,554,1887,12,1885,1886,132],"class_list":{"0":"post-483307","1":"post","2":"type-post","3":"status-publish","4":"format-standard","5":"has-post-thumbnail","7":"category-russie","8":"tag-actualites","9":"tag-defense","10":"tag-federation-de-russie","11":"tag-news","12":"tag-russia","13":"tag-russian-federation","14":"tag-russie"},"share_on_mastodon":{"url":"https:\/\/pubeurope.com\/@fr\/115421023363406540","error":""},"_links":{"self":[{"href":"https:\/\/www.europesays.com\/fr\/wp-json\/wp\/v2\/posts\/483307","targetHints":{"allow":["GET"]}}],"collection":[{"href":"https:\/\/www.europesays.com\/fr\/wp-json\/wp\/v2\/posts"}],"about":[{"href":"https:\/\/www.europesays.com\/fr\/wp-json\/wp\/v2\/types\/post"}],"author":[{"embeddable":true,"href":"https:\/\/www.europesays.com\/fr\/wp-json\/wp\/v2\/users\/2"}],"replies":[{"embeddable":true,"href":"https:\/\/www.europesays.com\/fr\/wp-json\/wp\/v2\/comments?post=483307"}],"version-history":[{"count":0,"href":"https:\/\/www.europesays.com\/fr\/wp-json\/wp\/v2\/posts\/483307\/revisions"}],"wp:featuredmedia":[{"embeddable":true,"href":"https:\/\/www.europesays.com\/fr\/wp-json\/wp\/v2\/media\/483308"}],"wp:attachment":[{"href":"https:\/\/www.europesays.com\/fr\/wp-json\/wp\/v2\/media?parent=483307"}],"wp:term":[{"taxonomy":"category","embeddable":true,"href":"https:\/\/www.europesays.com\/fr\/wp-json\/wp\/v2\/categories?post=483307"},{"taxonomy":"post_tag","embeddable":true,"href":"https:\/\/www.europesays.com\/fr\/wp-json\/wp\/v2\/tags?post=483307"}],"curies":[{"name":"wp","href":"https:\/\/api.w.org\/{rel}","templated":true}]}}