{"id":483311,"date":"2025-10-23T02:04:16","date_gmt":"2025-10-23T02:04:16","guid":{"rendered":"https:\/\/www.europesays.com\/fr\/483311\/"},"modified":"2025-10-23T02:04:16","modified_gmt":"2025-10-23T02:04:16","slug":"avec-sa-salle-de-bal-trump-veut-faire-de-la-maison-blanche-le-symbole-de-sa-grandeur-personnelle","status":"publish","type":"post","link":"https:\/\/www.europesays.com\/fr\/483311\/","title":{"rendered":"Avec sa salle de bal, Trump veut faire de la Maison-Blanche le symbole de sa grandeur personnelle"},"content":{"rendered":"<p>C\u2019est sa derni\u00e8re lubie. <a href=\"https:\/\/www.20minutes.fr\/dossier\/donald_trump\" target=\"_blank\" class=\"c-link c-link--is-underlined\" rel=\"noopener\">Donald Trump<\/a> a confirm\u00e9 mercredi qu\u2019une large partie de l\u2019aile est de la <a href=\"https:\/\/www.20minutes.fr\/dossier\/maison_blanche\" target=\"_blank\" class=\"c-link c-link--is-underlined\" rel=\"noopener\">Maison-Blanche<\/a> allait \u00eatre d\u00e9truite pour laisser place \u00e0 une immense salle de bal, un projet qu\u2019il d\u00e9crit comme \u00ab\u00a0un r\u00eave devenu r\u00e9alit\u00e9\u00a0\u00bb. Le pr\u00e9sident am\u00e9ricain assure avoir travaill\u00e9 avec \u00ab\u00a0les meilleurs architectes du monde\u00a0\u00bb et estime que \u00ab\u00a0vraiment abattre\u00a0\u00bb cette aile historique \u00e9tait \u00ab\u00a0la meilleure solution\u00a0\u00bb, ne conservant que \u00ab\u00a0certaines parties\u00a0\u00bb du b\u00e2timent.<\/p>\n<p>Cette transformation radicale de la r\u00e9sidence pr\u00e9sidentielle, d\u00e9j\u00e0 visible \u00e0 travers les pelleteuses en action, a provoqu\u00e9 une temp\u00eate politique \u00e0 <a href=\"https:\/\/www.20minutes.fr\/dossier\/washington\" target=\"_blank\" class=\"c-link c-link--is-underlined\" rel=\"noopener\">Washington<\/a>. Les <a href=\"https:\/\/www.20minutes.fr\/dossier\/parti_democrate\" target=\"_blank\" class=\"c-link c-link--is-underlined\" rel=\"noopener\">d\u00e9mocrates<\/a> accusent Donald Trump de manquer de respect envers un symbole du patrimoine national et rappellent que l\u2019\u00ab\u00a0East Wing\u00a0\u00bb abrite traditionnellement les bureaux de la Premi\u00e8re dame. La pol\u00e9mique s\u2019est amplifi\u00e9e lorsque les opposants ont appris que le chantier \u00e9tait \u00e9valu\u00e9 \u00e0 250\u00a0millions de dollars, alors m\u00eame que les Etats-Unis restent paralys\u00e9s par le \u00ab\u00a0shutdown\u00a0\u00bb.<\/p>\n<p>\u00ab\u00a0Vous entendez ce magnifique bruit du chantier\u00a0\u00bb<\/p>\n<p>Lors d\u2019un d\u00e9jeuner organis\u00e9 dans les jardins de la Maison-Blanche, le pr\u00e9sident s\u2019est montr\u00e9 enthousiaste face aux travaux. \u00ab\u00a0Vous entendez ce magnifique bruit du chantier derri\u00e8re\u00a0? C\u2019est de la musique \u00e0 mes oreilles\u00a0\u00bb, a-t-il lanc\u00e9 \u00e0 ses invit\u00e9s. Fid\u00e8le \u00e0 son ton provocateur, il a ajout\u00e9\u00a0: \u00ab\u00a0Quand j\u2019entends ce bruit, \u00e7a me fait penser \u00e0 l\u2019argent. Dans ce cas, au manque d\u2019argent, parce que c\u2019est moi qui paie.\u00a0\u00bb<\/p>\n<\/p>\n<p>Le pr\u00e9sident a assur\u00e9 que la construction de cette future salle de bal ne p\u00e8serait pas sur les <a href=\"https:\/\/www.20minutes.fr\/dossier\/finances_publiques\" target=\"_blank\" class=\"c-link c-link--is-underlined\" rel=\"noopener\">finances publiques<\/a>. Selon lui, le projet serait financ\u00e9 par ses propres fonds et par l\u2019aide de \u00ab\u00a0g\u00e9n\u00e9reux patriotes et de superbes entreprises\u00a0\u00bb. Une mani\u00e8re de r\u00e9pondre \u00e0 ceux qui d\u00e9noncent un gaspillage au moment o\u00f9 les Am\u00e9ricains subissent de plein fouet le co\u00fbt de la vie.<\/p>\n<p><img decoding=\"async\" alt=\"Mercredi, en pr\u00e9sence de Mark Rutte, le secr\u00e9taire g\u00e9n\u00e9ral de l'Otan, Donald Trump a pr\u00e9sent\u00e9 les plans de sa future salle de bal.\" class=\"c-img\" loading=\"lazy\" fetchpriority=\"auto\" width=\"718\"  src=\"https:\/\/img.20mn.fr\/H293CLRYQzecGEkcTRHlfCk\/718x0\" \/>Mercredi, en pr\u00e9sence de Mark Rutte, le secr\u00e9taire g\u00e9n\u00e9ral de l&rsquo;Otan, Donald Trump a pr\u00e9sent\u00e9 les plans de sa future salle de bal.\u2002-\u00a0A. Brandon\/AP\/SIPAUne des plus grandes salles de bal du monde<\/p>\n<p>Donald Trump pr\u00e9sente cette salle de bal comme un symbole de grandeur nationale et une extension naturelle de sa vision pr\u00e9sidentielle. Il promet qu\u2019elle sera \u00ab\u00a0l\u2019une des plus grandes au monde\u00a0\u00bb, un espace destin\u00e9 \u00e0 accueillir des c\u00e9r\u00e9monies, des r\u00e9ceptions et des \u00e9v\u00e9nements diplomatiques dans un d\u00e9cor fastueux. Mais ce chantier a aussi d\u2019autres cons\u00e9quences. En effet, la d\u00e9molition de certaines parties de cette aile et la construction de la nouvelle salle de bal ont rendu les visites impossibles, ont indiqu\u00e9 des responsables cit\u00e9s par <a href=\"https:\/\/www.cbsnews.com\/news\/ballroom-construction-white-house-tours\/\" rel=\"nofollow noopener\" target=\"_blank\" class=\"c-link c-link--is-underlined\">CBS News<\/a>.<\/p>\n<p><a href=\"https:\/\/www.20minutes.fr\/monde\/etats-unis\/\" class=\"c-link c-btn c-btn--primary\" target=\"_blank\" rel=\"noopener\">Notre dossier sur les Etats-Unis<\/a><\/p>\n<p>Depuis son retour au pouvoir, le pr\u00e9sident des Etats-Unis s\u2019emploie \u00e0 remodeler la Maison-Blanche selon ses go\u00fbts. Le Bureau ovale a d\u00e9j\u00e0 \u00e9t\u00e9 orn\u00e9 de dorures, et deux immenses m\u00e2ts ont \u00e9t\u00e9 \u00e9rig\u00e9s sur les pelouses pour y faire flotter d\u2019imposants drapeaux am\u00e9ricains. Avec la d\u00e9molition de l\u2019aile est, Donald Trump franchit une nouvelle \u00e9tape dans sa volont\u00e9 de laisser une empreinte durable sur la demeure pr\u00e9sidentielle.<\/p>\n","protected":false},"excerpt":{"rendered":"C\u2019est sa derni\u00e8re lubie. Donald Trump a confirm\u00e9 mercredi qu\u2019une large partie de l\u2019aile est de la Maison-Blanche&hellip;\n","protected":false},"author":2,"featured_media":483312,"comment_status":"","ping_status":"","sticky":false,"template":"","format":"standard","meta":{"footnotes":""},"categories":[1589],"tags":[47,11,4476,75,73,1866,78,74,12,1864,1865,1863,308],"class_list":{"0":"post-483311","1":"post","2":"type-post","3":"status-publish","4":"format-standard","5":"has-post-thumbnail","7":"category-etats-unis","8":"tag-actualite","9":"tag-actualites","10":"tag-construction","11":"tag-donald-trump","12":"tag-etats-unis","13":"tag-etats-unis-damerique","14":"tag-maison-blanche","15":"tag-monde","16":"tag-news","17":"tag-united-states","18":"tag-united-states-of-america","19":"tag-us","20":"tag-usa"},"share_on_mastodon":{"url":"https:\/\/pubeurope.com\/@fr\/115421031348075920","error":""},"_links":{"self":[{"href":"https:\/\/www.europesays.com\/fr\/wp-json\/wp\/v2\/posts\/483311","targetHints":{"allow":["GET"]}}],"collection":[{"href":"https:\/\/www.europesays.com\/fr\/wp-json\/wp\/v2\/posts"}],"about":[{"href":"https:\/\/www.europesays.com\/fr\/wp-json\/wp\/v2\/types\/post"}],"author":[{"embeddable":true,"href":"https:\/\/www.europesays.com\/fr\/wp-json\/wp\/v2\/users\/2"}],"replies":[{"embeddable":true,"href":"https:\/\/www.europesays.com\/fr\/wp-json\/wp\/v2\/comments?post=483311"}],"version-history":[{"count":0,"href":"https:\/\/www.europesays.com\/fr\/wp-json\/wp\/v2\/posts\/483311\/revisions"}],"wp:featuredmedia":[{"embeddable":true,"href":"https:\/\/www.europesays.com\/fr\/wp-json\/wp\/v2\/media\/483312"}],"wp:attachment":[{"href":"https:\/\/www.europesays.com\/fr\/wp-json\/wp\/v2\/media?parent=483311"}],"wp:term":[{"taxonomy":"category","embeddable":true,"href":"https:\/\/www.europesays.com\/fr\/wp-json\/wp\/v2\/categories?post=483311"},{"taxonomy":"post_tag","embeddable":true,"href":"https:\/\/www.europesays.com\/fr\/wp-json\/wp\/v2\/tags?post=483311"}],"curies":[{"name":"wp","href":"https:\/\/api.w.org\/{rel}","templated":true}]}}