{"id":483313,"date":"2025-10-23T02:10:20","date_gmt":"2025-10-23T02:10:20","guid":{"rendered":"https:\/\/www.europesays.com\/fr\/483313\/"},"modified":"2025-10-23T02:10:20","modified_gmt":"2025-10-23T02:10:20","slug":"surveillance-dapple-et-google-renforcee","status":"publish","type":"post","link":"https:\/\/www.europesays.com\/fr\/483313\/","title":{"rendered":"Surveillance d&rsquo;Apple et Google renforc\u00e9e"},"content":{"rendered":"<p><img class=\"lazy\" decoding=\"async\" src=\"https:\/\/www.europesays.com\/fr\/wp-content\/uploads\/2025\/10\/royaume-uni-apple-google-haute-surveillance-concurrentielle.jpg\" style=\"max-width:100%;\" title=\"Royaume Uni : Apple et Google sous haute surveillance concurrentielle\" alt=\"royaume uni apple google haute surveillance concurrentielle Royaume Uni : Apple et Google sous haute surveillance concurrentielle\"\/><\/p>\n<p>Photo : Battersea Power Station, si\u00e8ge d\u2019Apple au Royaume-Uni<\/p>\n<p><strong>L\u2019autorit\u00e9 de la concurrence au Royaume-Uni, la Competition and Markets Authority (CMA), a officiellement d\u00e9sign\u00e9 Apple et Google comme ayant un statut de march\u00e9 strat\u00e9gique. Cette d\u00e9cision pourrait entra\u00eener de nouvelles restrictions et obligations r\u00e8glementaires pour les deux g\u00e9ants.<\/strong><\/p>\n<p>Apple et Google : ouverture forc\u00e9e de leurs plateformes ?<\/p>\n<p>En juillet dernier, la CMA a conclu une enqu\u00eate de six mois <a href=\"https:\/\/9to5mac.com\/2025\/08\/27\/apple-suggests-uk-users-may-see-slower-feature-rollouts-under-tighter-regulation\/\" rel=\"nofollow noopener\" target=\"_blank\">sur Apple et Google<\/a>, envisageant de les classer comme d\u00e9tenant un Statut de March\u00e9 Strat\u00e9gique (SMS) selon le nouveau Digital Markets, Competition, and Consumers Act (DMCC) du pays.<\/p>\n<p>Ce texte de loi, s\u2019inspirant du Digital Markets Act (DMA) de l\u2019UE, vise \u00e0 \u00ab prendre des mesures cibl\u00e9es pour am\u00e9liorer la concurrence dans les march\u00e9s num\u00e9riques, stimulant innovation et croissance \u00bb, selon le propre discours de l\u2019agence.<\/p>\n<p>La d\u00e9cision de la CMA <a href=\"https:\/\/www.gov.uk\/government\/news\/cma-confirms-apple-and-google-have-strategic-market-status-in-mobile-platforms\" rel=\"nofollow noopener\" target=\"_blank\">confirme<\/a> qu\u2019Apple et Google poss\u00e8dent un pouvoir de march\u00e9 substantiel et une importance strat\u00e9gique dans leurs plateformes mobiles respectives.<\/p>\n<blockquote>\n<p>\u00ab La CMA a re\u00e7u des avis de plus de 150 parties prenantes et a eu des discussions constructives avec Apple et Google. Apr\u00e8s analyse, la CMA confirme qu\u2019Apple et Google ont une position de puissance de march\u00e9 substantielle sur leurs plateformes mobiles respectives \u00bb, peut-on lire dans le rapport.<\/p>\n<\/blockquote>\n<p>Il est pr\u00e9cis\u00e9 que cette d\u00e9signation ne constitue pas une accusation de maladresse ou d\u2019actes r\u00e9pr\u00e9hensibles, mais ouverte la voie \u00e0 des interventions cibl\u00e9es visant \u00e0 garantir que ces plateformes mobiles soient ouvertes \u00e0 une r\u00e9elle concurrence et que les consommateurs et entreprises puissent \u00eatre trait\u00e9s \u00e9quitablement.<\/p>\n<p>L\u2019enqu\u00eate de la CMA conclut \u00e9galement que les utilisateurs britanniques changent rarement entre Android et iOS, que les d\u00e9veloppeurs doivent s\u2019appuyer sur les deux plateformes pour acc\u00e9der au march\u00e9, et que l\u2019essor de l\u2019IA ne r\u00e9duira pas la puissance de march\u00e9 d\u2019Apple ou de Google dans les cinq ann\u00e9es \u00e0 venir.<\/p>\n<p>Will Hayter, directeur ex\u00e9cutif pour les march\u00e9s num\u00e9riques \u00e0 la CMA, a d\u00e9clar\u00e9 : \u00ab Les plateformes mobiles d\u2019Apple et Google sont utilis\u00e9es par des milliers d\u2019entreprises pour vendre des produits et services. Pourtant, leurs r\u00e8gles pourraient freiner l\u2019innovation et la concurrence. \u00bb<\/p>\n<p>Il a \u00e9galement soulign\u00e9 que 1,5 % du PIB du Royaume-Uni est g\u00e9n\u00e9r\u00e9 par l\u2019\u00e9conomie des applications, justifiant l\u2019importance d\u2019un fonctionnement optimal de ces march\u00e9s pour l\u2019innovation et la croissance \u00e9conomique du pays.<\/p>\n<p>Concr\u00e8tement, Apple pourrait \u00eatre contraint de permettre le t\u00e9l\u00e9chargement parall\u00e8le et d\u2019autoriser des magasins d\u2019applications alternatifs. La soci\u00e9t\u00e9 a pr\u00e9c\u00e9demment critiqu\u00e9 l\u2019approche de la CMA, arguant que ce type de r\u00e9gulation inspir\u00e9e de l\u2019UE affaiblirait la s\u00e9curit\u00e9 et l\u2019exp\u00e9rience utilisateur.<\/p>\n","protected":false},"excerpt":{"rendered":"Photo : Battersea Power Station, si\u00e8ge d\u2019Apple au Royaume-Uni L\u2019autorit\u00e9 de la concurrence au Royaume-Uni, la Competition and&hellip;\n","protected":false},"author":2,"featured_media":483314,"comment_status":"","ping_status":"","sticky":false,"template":"","format":"standard","meta":{"footnotes":""},"categories":[1588],"tags":[11,1777,674,12,473,1853,1851,1850,1852],"class_list":{"0":"post-483313","1":"post","2":"type-post","3":"status-publish","4":"format-standard","5":"has-post-thumbnail","7":"category-royaume-uni","8":"tag-actualites","9":"tag-eu","10":"tag-europe","11":"tag-news","12":"tag-royaume-uni","13":"tag-royaume-uni-de-grande-bretagne-et-dirlande-du-nord","14":"tag-uk","15":"tag-united-kingdom","16":"tag-united-kingdom-of-great-britain-and-northern-ireland"},"share_on_mastodon":{"url":"https:\/\/pubeurope.com\/@fr\/115421055042351522","error":""},"_links":{"self":[{"href":"https:\/\/www.europesays.com\/fr\/wp-json\/wp\/v2\/posts\/483313","targetHints":{"allow":["GET"]}}],"collection":[{"href":"https:\/\/www.europesays.com\/fr\/wp-json\/wp\/v2\/posts"}],"about":[{"href":"https:\/\/www.europesays.com\/fr\/wp-json\/wp\/v2\/types\/post"}],"author":[{"embeddable":true,"href":"https:\/\/www.europesays.com\/fr\/wp-json\/wp\/v2\/users\/2"}],"replies":[{"embeddable":true,"href":"https:\/\/www.europesays.com\/fr\/wp-json\/wp\/v2\/comments?post=483313"}],"version-history":[{"count":0,"href":"https:\/\/www.europesays.com\/fr\/wp-json\/wp\/v2\/posts\/483313\/revisions"}],"wp:featuredmedia":[{"embeddable":true,"href":"https:\/\/www.europesays.com\/fr\/wp-json\/wp\/v2\/media\/483314"}],"wp:attachment":[{"href":"https:\/\/www.europesays.com\/fr\/wp-json\/wp\/v2\/media?parent=483313"}],"wp:term":[{"taxonomy":"category","embeddable":true,"href":"https:\/\/www.europesays.com\/fr\/wp-json\/wp\/v2\/categories?post=483313"},{"taxonomy":"post_tag","embeddable":true,"href":"https:\/\/www.europesays.com\/fr\/wp-json\/wp\/v2\/tags?post=483313"}],"curies":[{"name":"wp","href":"https:\/\/api.w.org\/{rel}","templated":true}]}}